{"id":135,"date":"2025-02-09T10:45:29","date_gmt":"2025-02-09T09:45:29","guid":{"rendered":"https:\/\/lavoiedessansvoix.fr\/lavoie\/?p=135"},"modified":"2026-04-26T14:18:38","modified_gmt":"2026-04-26T12:18:38","slug":"solidarite-avec-le-front-ouvrier-ukrainien","status":"publish","type":"post","link":"https:\/\/lavoiedessansvoix.fr\/lavoie\/2025\/02\/09\/solidarite-avec-le-front-ouvrier-ukrainien\/","title":{"rendered":"SOLIDARIT\u00c9 AVEC LE \u00ab\u00a0FRONT OUVRIER UKRAINIEN\u00a0\u00bb"},"content":{"rendered":"\n<figure class=\"wp-block-image aligncenter size-large is-resized\"><img decoding=\"async\" width=\"1024\" height=\"576\" src=\"https:\/\/lavoiedessansvoix.fr\/lavoie\/wp-content\/uploads\/2025\/02\/Des-civils-sont-recrutes-de-force-en-Ukraine-1-000-jours-apres-le-debut-de-la-guerre-avec-la-Russie-1978500-1024x576.jpg\" alt=\"\" class=\"wp-image-146\" style=\"width:577px;height:auto\" srcset=\"https:\/\/lavoiedessansvoix.fr\/lavoie\/wp-content\/uploads\/2025\/02\/Des-civils-sont-recrutes-de-force-en-Ukraine-1-000-jours-apres-le-debut-de-la-guerre-avec-la-Russie-1978500-1024x576.jpg 1024w, https:\/\/lavoiedessansvoix.fr\/lavoie\/wp-content\/uploads\/2025\/02\/Des-civils-sont-recrutes-de-force-en-Ukraine-1-000-jours-apres-le-debut-de-la-guerre-avec-la-Russie-1978500-300x169.jpg 300w, https:\/\/lavoiedessansvoix.fr\/lavoie\/wp-content\/uploads\/2025\/02\/Des-civils-sont-recrutes-de-force-en-Ukraine-1-000-jours-apres-le-debut-de-la-guerre-avec-la-Russie-1978500-768x432.jpg 768w, https:\/\/lavoiedessansvoix.fr\/lavoie\/wp-content\/uploads\/2025\/02\/Des-civils-sont-recrutes-de-force-en-Ukraine-1-000-jours-apres-le-debut-de-la-guerre-avec-la-Russie-1978500-1536x864.jpg 1536w, https:\/\/lavoiedessansvoix.fr\/lavoie\/wp-content\/uploads\/2025\/02\/Des-civils-sont-recrutes-de-force-en-Ukraine-1-000-jours-apres-le-debut-de-la-guerre-avec-la-Russie-1978500.jpg 1920w\" sizes=\"(max-width: 1024px) 100vw, 1024px\" \/><\/figure>\n\n\n\n<p>Unit\u00e9 CGT&nbsp;; 7 f\u00e9vrier. 12.14.<\/p>\n\n\n\n<p>\ud835\udc06\ud835\udc2e\ud835\udc1e\ud835\udc2b\ud835\udc2b\ud835\udc1e \ud835\udc1a\u0300 \ud835\udc25\ud835\udc1a \ud835\udc20\ud835\udc2e\ud835\udc1e\ud835\udc2b\ud835\udc2b\ud835\udc1e ! \ud835\udc12\ud835\udc28\ud835\udc25\ud835\udc22\ud835\udc1d\ud835\udc1a\ud835\udc2b\ud835\udc22\ud835\udc2d\ud835\udc1e\u0301 \ud835\udc1a\ud835\udc2f\ud835\udc1e\ud835\udc1c \ud835\udc25\ud835\udc1e \ud835\udc05\ud835\udc2b\ud835\udc28\ud835\udc27\ud835\udc2d \ud835\udc0e\ud835\udc2e\ud835\udc2f\ud835\udc2b\ud835\udc22\ud835\udc1e\ud835\udc2b \ud835\udc1d\u2019\ud835\udc14\ud835\udc24\ud835\udc2b\ud835\udc1a\ud835\udc22\ud835\udc27\ud835\udc1e \ud835\udc1e\ud835\udc2d \ud835\udc25\ud835\udc1e\ud835\udc2c \ud835\udc1d\ud835\udc1e\u0301\ud835\udc2c\ud835\udc1e\ud835\udc2b\ud835\udc2d\ud835\udc1e\ud835\udc2e\ud835\udc2b\ud835\udc2c ! <img decoding=\"async\" width=\"16\" height=\"16\" src=\"\" alt=\"\u270a\"><img decoding=\"async\" width=\"16\" height=\"16\" src=\"\" alt=\"\u270a\"><img decoding=\"async\" width=\"16\" height=\"16\" src=\"\" alt=\"\u270a\"><\/p>\n\n\n\n<p><img decoding=\"async\" width=\"16\" height=\"16\" src=\"\" alt=\"\ud83d\udd34\">Nous apportons notre pleine et enti\u00e8re solidarit\u00e9 avec nos camarades du Front Ouvrier d\u2019Ukraine, mobilis\u00e9s contre la guerre imp\u00e9rialiste et qui font face \u00e0 la Terreur d\u2019Etat.<\/p>\n\n\n\n<p>La guerre imp\u00e9rialiste se poursuit en Ukraine, le ministre fran\u00e7ais des Arm\u00e9es, S\u00e9bastien Lecornu, a annonc\u00e9 le 6 f\u00e9vrier que les premiers avions de chasse de type Mirage 2000 avaient \u00e9t\u00e9 livr\u00e9s \u00e0 l&rsquo;Ukraine. Le carnage entre deux anciens peuples fr\u00e8res, sponsoris\u00e9 par les grandes puissances imp\u00e9rialistes, continue.<\/p>\n\n\n\n<p>Pourtant, si les m\u00e9dias fran\u00e7ais relaient les fake news et autres bourrages de cr\u00e2ne en provenance des lignes de fronts, ces m\u00eames organes de presse se font discrets sur la question de l\u2019ampleur de la d\u00e9sertion en Ukraine, un ph\u00e9nom\u00e8ne en r\u00e9alit\u00e9 massif.<\/p>\n\n\n\n<p>R\u00e9cemment, la d\u00e9sertion d\u2019une partie consid\u00e9rable des soldats de la brigade Anne de Kiev, form\u00e9s en France \u00e0 l\u2019initiative du pr\u00e9sident Macron, a cr\u00e9\u00e9 un scandale, \u00e9touff\u00e9 en France, qui secoue les autorit\u00e9s politiques et militaires en Ukraine. 1700 soldats de cette brigade ont d\u00e9sert\u00e9 en masse le 5 janvier 2025, avant m\u00eame d\u2019atteindre le champ de bataille.<\/p>\n\n\n\n<p>Cet \u00e9v\u00e9nement n\u2019est pas un cas isol\u00e9. La d\u00e9sertion est \u00ab syst\u00e9mique pour d\u2019autres brigades \u00bb en Ukraine, a d\u00e9clar\u00e9 \u00e0 l\u2019AFP, le g\u00e9n\u00e9ral Mykha\u00eflo Drapatiy, chef des forces terrestres ukrainiennes. Plus de 100 000 soldats ont \u00e9t\u00e9 inculp\u00e9s en vertu des lois ukrainiennes sur la d\u00e9sertion depuis l\u2019engagement des forces militaires russes en Ukraine en f\u00e9vrier 2022. En 2024, l&rsquo;Ukraine a ouvert 60 000 dossiers de d\u00e9sertion, soit deux fois plus qu&rsquo;au cours des deux ann\u00e9es de guerre pr\u00e9c\u00e9dentes.<\/p>\n\n\n\n<p><img decoding=\"async\" width=\"16\" height=\"16\" src=\"\" alt=\"\ud83d\udd34\">Cette opposition, de fait, \u00e0 la guerre embarrasse le gouvernement ukrainien ainsi que ses alli\u00e9s et met \u00e0 mal la propagande occidental sur le conflit en Ukraine.<\/p>\n\n\n\n<p>C\u2019est dans ce contexte qu\u2019a eu lieu, il y a quelques jours, une op\u00e9ration \u00ab sp\u00e9ciale \u00bb s\u00e9curitaire XXL des autorit\u00e9s ukrainiennes. Le SBU, la police sp\u00e9ciale, a en effet proc\u00e9d\u00e9, dans les r\u00e9gions de Kiev, Dnipro, Odessa, Poltava et Kharkiv, \u00e0 l\u2019arrestation muscl\u00e9e de militants pr\u00e9sum\u00e9s du RFU, Front Ouvrier d\u2019Ukraine.<\/p>\n\n\n\n<p>\u00ab Quels que soient les oligarques qui gagneront cette guerre, la classe ouvri\u00e8re n\u2019a en tout cas rien \u00e0 y gagner. \u00bb, expliquait le Front Ouvrier d\u2019Ukraine d\u00e8s la fin f\u00e9vrier 2022 apr\u00e8s l\u2019engagement des forces russes sur le sol ukrainien. Cette organisation de travailleurs communistes et internationaliste est accus\u00e9e par le pouvoir ukrainien d\u2019avoir engag\u00e9 l\u2019organisation d\u2019un refus collectif de participer aux combats, \u00e0 s\u2019organiser en \u00ab comit\u00e9s de soldats \u00bb, \u00e0 refuser la conscription, \u00e0 ne pas ex\u00e9cuter les ordres du commandement et \u00e0 d\u00e9serter.<\/p>\n\n\n\n<p>Bien entendu, cette r\u00e9pression contre les forces oppos\u00e9es \u00e0 la guerre n\u2019est pas la premi\u00e8re du genre. En mars 2022, une dizaine de partis politiques de gauche avaient d\u00e9j\u00e0 \u00e9t\u00e9 interdits, le Parti Communiste a quant \u00e0 lui \u00e9t\u00e9 interdit d\u00e8s le coup d\u2019Etat \u00e0 Kiev en 2014.<\/p>\n\n\n\n<p><img decoding=\"async\" width=\"16\" height=\"16\" src=\"\" alt=\"\ud83d\udd34\">La r\u00e9pression et la Terreur d\u2019Etat ne briseront pas la volont\u00e9 de Paix et de Justice. Les soldats ukrainiens (et russes) ont raison de d\u00e9serter et de s\u2019organiser. C\u2019est l\u00e0 d\u2019ailleurs la seule voie pour bloquer la machine \u00e0 tuer, renverser la table, imposer une soci\u00e9t\u00e9 de paix et de fraternit\u00e9 d\u00e9barrass\u00e9e du \u00ab capitalisme qui porte en lui la guerre comme l\u2019orage la nu\u00e9e \u00bb.<\/p>\n\n\n\n<p>Comme le rappelle l\u2019Internationale :<\/p>\n\n\n\n<p>\u00ab Les Rois nous sao\u00fblaient de fum\u00e9es,<\/p>\n\n\n\n<p>Paix entre nous, guerre aux tyrans !<\/p>\n\n\n\n<p>Appliquons la gr\u00e8ve aux arm\u00e9es,<\/p>\n\n\n\n<p>Crosse en l\u2019air et rompons les rangs !<\/p>\n\n\n\n<p>S\u2019ils s\u2019obstinent, ces cannibales,<\/p>\n\n\n\n<p>\u00c0 faire de nous des h\u00e9ros,<\/p>\n\n\n\n<p>Ils sauront bient\u00f4t que nos balles<\/p>\n\n\n\n<p>Sont pour nos propres g\u00e9n\u00e9raux. \u00bb<\/p>\n","protected":false},"excerpt":{"rendered":"<p>Unit\u00e9 CGT&nbsp;; 7 f\u00e9vrier. 12.14. \ud835\udc06\ud835\udc2e\ud835\udc1e\ud835\udc2b\ud835\udc2b\ud835\udc1e \ud835\udc1a\u0300 \ud835\udc25\ud835\udc1a \ud835\udc20\ud835\udc2e\ud835\udc1e\ud835\udc2b\ud835\udc2b\ud835\udc1e ! \ud835\udc12\ud835\udc28\ud835\udc25\ud835\udc22\ud835\udc1d\ud835\udc1a\ud835\udc2b\ud835\udc22\ud835\udc2d\ud835\udc1e\u0301 \ud835\udc1a\ud835\udc2f\ud835\udc1e\ud835\udc1c \ud835\udc25\ud835\udc1e \ud835\udc05\ud835\udc2b\ud835\udc28\ud835\udc27\ud835\udc2d \ud835\udc0e\ud835\udc2e\ud835\udc2f\ud835\udc2b\ud835\udc22\ud835\udc1e\ud835\udc2b \ud835\udc1d\u2019\ud835\udc14\ud835\udc24\ud835\udc2b\ud835\udc1a\ud835\udc22\ud835\udc27\ud835\udc1e \ud835\udc1e\ud835\udc2d \ud835\udc25\ud835\udc1e\ud835\udc2c \ud835\udc1d\ud835\udc1e\u0301\ud835\udc2c\ud835\udc1e\ud835\udc2b\ud835\udc2d\ud835\udc1e\ud835\udc2e\ud835\udc2b\ud835\udc2c ! [&hellip;]<\/p>\n","protected":false},"author":1,"featured_media":343,"comment_status":"open","ping_status":"open","sticky":false,"template":"","format":"standard","meta":{"sfsi_plus_gutenberg_text_before_share":"","sfsi_plus_gutenberg_show_text_before_share":"","sfsi_plus_gutenberg_icon_type":"","sfsi_plus_gutenberg_icon_alignemt":"","sfsi_plus_gutenburg_max_per_row":"","site-sidebar-layout":"default","site-content-layout":"","ast-site-content-layout":"default","site-content-style":"default","site-sidebar-style":"default","ast-global-header-display":"","ast-banner-title-visibility":"","ast-main-header-display":"","ast-hfb-above-header-display":"","ast-hfb-below-header-display":"","ast-hfb-mobile-header-display":"","site-post-title":"","ast-breadcrumbs-content":"","ast-featured-img":"","footer-sml-layout":"","ast-disable-related-posts":"","theme-transparent-header-meta":"","adv-header-id-meta":"","stick-header-meta":"","header-above-stick-meta":"","header-main-stick-meta":"","header-below-stick-meta":"","astra-migrate-meta-layouts":"default","ast-page-background-enabled":"default","ast-page-background-meta":{"desktop":{"background-color":"var(--ast-global-color-4)","background-image":"","background-repeat":"repeat","background-position":"center center","background-size":"auto","background-attachment":"scroll","background-type":"","background-media":"","overlay-type":"","overlay-color":"","overlay-opacity":"","overlay-gradient":""},"tablet":{"background-color":"","background-image":"","background-repeat":"repeat","background-position":"center center","background-size":"auto","background-attachment":"scroll","background-type":"","background-media":"","overlay-type":"","overlay-color":"","overlay-opacity":"","overlay-gradient":""},"mobile":{"background-color":"","background-image":"","background-repeat":"repeat","background-position":"center center","background-size":"auto","background-attachment":"scroll","background-type":"","background-media":"","overlay-type":"","overlay-color":"","overlay-opacity":"","overlay-gradient":""}},"ast-content-background-meta":{"desktop":{"background-color":"var(--ast-global-color-5)","background-image":"","background-repeat":"repeat","background-position":"center center","background-size":"auto","background-attachment":"scroll","background-type":"","background-media":"","overlay-type":"","overlay-color":"","overlay-opacity":"","overlay-gradient":""},"tablet":{"background-color":"var(--ast-global-color-5)","background-image":"","background-repeat":"repeat","background-position":"center center","background-size":"auto","background-attachment":"scroll","background-type":"","background-media":"","overlay-type":"","overlay-color":"","overlay-opacity":"","overlay-gradient":""},"mobile":{"background-color":"var(--ast-global-color-5)","background-image":"","background-repeat":"repeat","background-position":"center center","background-size":"auto","background-attachment":"scroll","background-type":"","background-media":"","overlay-type":"","overlay-color":"","overlay-opacity":"","overlay-gradient":""}},"footnotes":""},"categories":[1],"tags":[],"class_list":["post-135","post","type-post","status-publish","format-standard","has-post-thumbnail","hentry","category-analyse-politique"],"_links":{"self":[{"href":"https:\/\/lavoiedessansvoix.fr\/lavoie\/wp-json\/wp\/v2\/posts\/135","targetHints":{"allow":["GET"]}}],"collection":[{"href":"https:\/\/lavoiedessansvoix.fr\/lavoie\/wp-json\/wp\/v2\/posts"}],"about":[{"href":"https:\/\/lavoiedessansvoix.fr\/lavoie\/wp-json\/wp\/v2\/types\/post"}],"author":[{"embeddable":true,"href":"https:\/\/lavoiedessansvoix.fr\/lavoie\/wp-json\/wp\/v2\/users\/1"}],"replies":[{"embeddable":true,"href":"https:\/\/lavoiedessansvoix.fr\/lavoie\/wp-json\/wp\/v2\/comments?post=135"}],"version-history":[{"count":2,"href":"https:\/\/lavoiedessansvoix.fr\/lavoie\/wp-json\/wp\/v2\/posts\/135\/revisions"}],"predecessor-version":[{"id":147,"href":"https:\/\/lavoiedessansvoix.fr\/lavoie\/wp-json\/wp\/v2\/posts\/135\/revisions\/147"}],"wp:featuredmedia":[{"embeddable":true,"href":"https:\/\/lavoiedessansvoix.fr\/lavoie\/wp-json\/wp\/v2\/media\/343"}],"wp:attachment":[{"href":"https:\/\/lavoiedessansvoix.fr\/lavoie\/wp-json\/wp\/v2\/media?parent=135"}],"wp:term":[{"taxonomy":"category","embeddable":true,"href":"https:\/\/lavoiedessansvoix.fr\/lavoie\/wp-json\/wp\/v2\/categories?post=135"},{"taxonomy":"post_tag","embeddable":true,"href":"https:\/\/lavoiedessansvoix.fr\/lavoie\/wp-json\/wp\/v2\/tags?post=135"}],"curies":[{"name":"wp","href":"https:\/\/api.w.org\/{rel}","templated":true}]}}