{"id":1349,"date":"2013-12-03T07:47:00","date_gmt":"2013-12-03T06:47:00","guid":{"rendered":"https:\/\/lavoiedessansvoix.fr\/lavoie\/2013\/12\/03\/archive-ils-ont-tenu-parole-les-faux-culs\/"},"modified":"2013-12-03T07:47:00","modified_gmt":"2013-12-03T06:47:00","slug":"archive-ils-ont-tenu-parole-les-faux-culs","status":"publish","type":"post","link":"https:\/\/lavoiedessansvoix.fr\/lavoie\/2013\/12\/03\/archive-ils-ont-tenu-parole-les-faux-culs\/","title":{"rendered":"ILS ONT TENU PAROLE LES \u00ab FAUX-CULS \u00bb ?"},"content":{"rendered":"<p>ILS ONT TENU PAROLE LES \u00ab FAUX-CULS \u00bb ?    Ils l\u2019avaient dit, ils l\u2019avaient m\u00eame martel\u00e9 : \u00ab\u00a0Nous ne transigerons pas sur le repos dominical\u00a0\u00bb.  \u00ab\u00a0Nous ne transigerons pas sur le repos dominical\u00a0\u00bb, tonitrue Benoit Hamon ministre d\u00e9l\u00e9gu\u00e9 \u00e0 l&rsquo;\u00c9conomie sociale et solidaire et \u00e0 la Consommation. C\u2019\u00e9tait le 28 septembre. Le surlendemain \u00ab \u00c0 l&rsquo;issue d&rsquo;une r\u00e9union lundi \u00e0 Matignon entre le Premier ministre, Jean-Marc Ayrault, et les ministres Sylvia Pinel (Commerce), Michel Sapin (Travail), Beno\u00eet Hamon (Consommation) et Pierre Moscovici (\u00c9conomie), mission a \u00e9t\u00e9 confi\u00e9e \u00e0 Jean-Paul Bailly de faire des propositions de r\u00e9forme fin novembre. Et bien s\u00fbr, comme Benoit Hamon l\u2019avant-veille, Michel Sapin, lundi matin, jure aussi ses \u00ab grands Dieux\u00bb qu\u2019il \u00ab ne s&rsquo;agit en aucun cas de \u00ab\u00a0toucher \u00e0 cette r\u00e8gle\u00a0\u00bb du repos dominical. \u00bb (lavoiedessansvoix.fr. 2 octobre 2013)  Et si l\u2019on en croit la presse, ils ont tenus parole, ils n\u2019ont pas \u00ab transig\u00e9 \u00bb  \u00ab Le rapport remis ce matin par Jean-Paul Bailly tente d\u2019apporter de la souplesse et de la coh\u00e9rence sans remettre en cause le principe du repos dominical. \u00bb (Source, \u00ab Les Echos.fr \u00bb 2 d\u00e9cembre 2013)  Ils n\u2019ont pas \u00ab transig\u00e9 \u00bb Ils ont seulement poursuivit leur \u0153uvre de sape contre cette disposition du code du travail :  \u00ab Le rapport Bailly sur le travail dominical pr\u00e9conise notamment de revoir \u00e0 la hausse le nombre de dimanches pendant lesquels les commerces sont autoris\u00e9s par les maires \u00e0 ouvrir.\u00a0\u00bb \u2013 AFP \u00bb (source, \u00ab Les Echos.fr \u00bb 2 d\u00e9cembre 2013)  Ils n\u2019ont pas \u00ab transig\u00e9 \u00bb, ils ont simplement \u00ab bafou\u00e9 \u00bb les droits \u00e9l\u00e9mentaires du travail et par leur morgue, insult\u00e9 le bon sens des salari\u00e9s. Ils ont fait exactement ce que \u00ab La voie des sans voix \u00bb avait annonc\u00e9  \u00ab\u00a0Non bien s\u00fbr. C\u2019est bien vrai qu\u2019ils \u00ab n\u2019y toucheront pas. Fid\u00e8les \u00e0 leur m\u00e9thode ils la videront seulement de sa substance. Que croyez-vous donc que va faire la \u00ab mission Bailly \u00bb, sinon \u00e9tendre encore les d\u00e9rogations, tant, qu\u2019\u00e0 la fin c\u2019est la loi qui deviendra l\u2019exception. \u00bb  Voyez-vous, ces gens se croient sup\u00e9rieurement intelligents, dou\u00e9s, fut\u00e9s. Pourtant nous les avions perc\u00e9s sans difficult\u00e9. C\u2019est qu\u2019Ils sont en v\u00e9rit\u00e9 b\u00eates et odieux. B\u00eates et odieux, mais pas d\u00e9sint\u00e9ress\u00e9s. Combien croyez-vous Jean-Paul Bailly a-t-il \u00e9t\u00e9 r\u00e9tribu\u00e9 pour se fendre de ce savant travail dont nous avions r\u00e9v\u00e9l\u00e9 la \u00ab substantifique-moelle \u00bb deux mois en avance ? Il faut demander \u00e0 Xavi\u00e8re Tiberi, il parait qu\u2019elle connait les tarifs.   Mais au fait, pourquoi croyez-vous que le rapport Bailly dont l\u2019objet est \u00e0 l\u2019\u00e9vidence d\u2019\u00e9tendre le nombre des d\u00e9rogations, pr\u00e9conise dans le m\u00eame temps la fin de celles dont b\u00e9n\u00e9ficiaient les magasins d\u2019ameublement ?  Pour brouiller les cartes bien s\u00fbr.   Comme ils ont dit et martel\u00e9 \u00ab qu\u2019ils ne transigeraient pas sur le principe du repos dominical \u00bb et comme en v\u00e9rit\u00e9 ils font tout pour le saper, il leur faut semer la confusion \u00e0 telle fin de masquer leur forfait 4 d\u00e9cembre 2013.<\/p>\n","protected":false},"excerpt":{"rendered":"<p>ILS ONT TENU PAROLE LES \u00ab FAUX-CULS \u00bb ? Ils l\u2019avaient dit, ils l\u2019avaient m\u00eame martel\u00e9 : \u00ab\u00a0Nous ne transigerons [&hellip;]<\/p>\n","protected":false},"author":1,"featured_media":0,"comment_status":"open","ping_status":"open","sticky":false,"template":"","format":"standard","meta":{"sfsi_plus_gutenberg_text_before_share":"","sfsi_plus_gutenberg_show_text_before_share":"","sfsi_plus_gutenberg_icon_type":"","sfsi_plus_gutenberg_icon_alignemt":"","sfsi_plus_gutenburg_max_per_row":"","site-sidebar-layout":"default","site-content-layout":"","ast-site-content-layout":"default","site-content-style":"default","site-sidebar-style":"default","ast-global-header-display":"","ast-banner-title-visibility":"","ast-main-header-display":"","ast-hfb-above-header-display":"","ast-hfb-below-header-display":"","ast-hfb-mobile-header-display":"","site-post-title":"","ast-breadcrumbs-content":"","ast-featured-img":"","footer-sml-layout":"","ast-disable-related-posts":"","theme-transparent-header-meta":"","adv-header-id-meta":"","stick-header-meta":"","header-above-stick-meta":"","header-main-stick-meta":"","header-below-stick-meta":"","astra-migrate-meta-layouts":"default","ast-page-background-enabled":"default","ast-page-background-meta":{"desktop":{"background-color":"var(--ast-global-color-4)","background-image":"","background-repeat":"repeat","background-position":"center center","background-size":"auto","background-attachment":"scroll","background-type":"","background-media":"","overlay-type":"","overlay-color":"","overlay-opacity":"","overlay-gradient":""},"tablet":{"background-color":"","background-image":"","background-repeat":"repeat","background-position":"center center","background-size":"auto","background-attachment":"scroll","background-type":"","background-media":"","overlay-type":"","overlay-color":"","overlay-opacity":"","overlay-gradient":""},"mobile":{"background-color":"","background-image":"","background-repeat":"repeat","background-position":"center center","background-size":"auto","background-attachment":"scroll","background-type":"","background-media":"","overlay-type":"","overlay-color":"","overlay-opacity":"","overlay-gradient":""}},"ast-content-background-meta":{"desktop":{"background-color":"var(--ast-global-color-5)","background-image":"","background-repeat":"repeat","background-position":"center center","background-size":"auto","background-attachment":"scroll","background-type":"","background-media":"","overlay-type":"","overlay-color":"","overlay-opacity":"","overlay-gradient":""},"tablet":{"background-color":"var(--ast-global-color-5)","background-image":"","background-repeat":"repeat","background-position":"center center","background-size":"auto","background-attachment":"scroll","background-type":"","background-media":"","overlay-type":"","overlay-color":"","overlay-opacity":"","overlay-gradient":""},"mobile":{"background-color":"var(--ast-global-color-5)","background-image":"","background-repeat":"repeat","background-position":"center center","background-size":"auto","background-attachment":"scroll","background-type":"","background-media":"","overlay-type":"","overlay-color":"","overlay-opacity":"","overlay-gradient":""}},"footnotes":""},"categories":[16],"tags":[],"class_list":["post-1349","post","type-post","status-publish","format-standard","hentry","category-archives-cms"],"_links":{"self":[{"href":"https:\/\/lavoiedessansvoix.fr\/lavoie\/wp-json\/wp\/v2\/posts\/1349","targetHints":{"allow":["GET"]}}],"collection":[{"href":"https:\/\/lavoiedessansvoix.fr\/lavoie\/wp-json\/wp\/v2\/posts"}],"about":[{"href":"https:\/\/lavoiedessansvoix.fr\/lavoie\/wp-json\/wp\/v2\/types\/post"}],"author":[{"embeddable":true,"href":"https:\/\/lavoiedessansvoix.fr\/lavoie\/wp-json\/wp\/v2\/users\/1"}],"replies":[{"embeddable":true,"href":"https:\/\/lavoiedessansvoix.fr\/lavoie\/wp-json\/wp\/v2\/comments?post=1349"}],"version-history":[{"count":0,"href":"https:\/\/lavoiedessansvoix.fr\/lavoie\/wp-json\/wp\/v2\/posts\/1349\/revisions"}],"wp:attachment":[{"href":"https:\/\/lavoiedessansvoix.fr\/lavoie\/wp-json\/wp\/v2\/media?parent=1349"}],"wp:term":[{"taxonomy":"category","embeddable":true,"href":"https:\/\/lavoiedessansvoix.fr\/lavoie\/wp-json\/wp\/v2\/categories?post=1349"},{"taxonomy":"post_tag","embeddable":true,"href":"https:\/\/lavoiedessansvoix.fr\/lavoie\/wp-json\/wp\/v2\/tags?post=1349"}],"curies":[{"name":"wp","href":"https:\/\/api.w.org\/{rel}","templated":true}]}}