{"id":1347,"date":"2013-12-07T02:16:00","date_gmt":"2013-12-07T01:16:00","guid":{"rendered":"https:\/\/lavoiedessansvoix.fr\/lavoie\/2013\/12\/07\/archive-mandela-au-pantheon-de-l-humanite\/"},"modified":"2013-12-07T02:16:00","modified_gmt":"2013-12-07T01:16:00","slug":"archive-mandela-au-pantheon-de-l-humanite","status":"publish","type":"post","link":"https:\/\/lavoiedessansvoix.fr\/lavoie\/2013\/12\/07\/archive-mandela-au-pantheon-de-l-humanite\/","title":{"rendered":"MANDELA AU PANTH\u00c9ON DE L\u2019HUMANIT\u00c9"},"content":{"rendered":"<p>MANDELA AU PANTH\u00c9ON DE L\u2019HUMANIT\u00c9   Nelson Mandela est mort, tous les flagorneurs du monde politique et des m\u00e9dias, se r\u00e9pandent en \u00e9loges \u00e9mues et en biographies dithyrambiques.   Les Flagorneurs, les m\u00eames, leurs semblables, ou leurs successeurs, qui, il y a 50 ans de \u00e7a l\u2019eurent clou\u00e9 au pilori ou carr\u00e9ment pass\u00e9 par les armes sans \u00e9tats d\u2019\u00e2me. Car avant d\u2019\u00eatre \u00ab Grand \u00bb et universellement encens\u00e9, avant d\u2019\u00eatre \u00ab un grand r\u00e9sistant et un immense combattant \u00bb Mandela ne fut qu\u2019un vilain petit homme noir qui osait se rebeller et d\u00e9fier le pouvoir blanc. Avant d\u2019\u00eatre \u00ab prix Nobel de la paix \u00bb et \u00ab\u00a0p\u00e8re de la Nation\u00a0\u00bb, Mandela ne fut qu\u2019un terroriste honni. De ceux que l\u2019on jette en prison, que l\u2019on humilie ou que l\u2019on ex\u00e9cute. C\u2019est d\u2019ailleurs ce qui lui arriva, 27 ann\u00e9es d\u2019incarc\u00e9ration dont quinze dans un bagne \u00e0 casser des cailloux. Et le r\u00e9gime tortionnaire, sud-Africain blanc de l\u2019Apartheid qui le condamnait ainsi pouvait alors compter sur le soutien ind\u00e9fectible des USA, la grande Nation d\u00e9mocratique et Isra\u00ebl \u00ab la seule d\u00e9mocratie du Moyen-Orient \u00bb.  Et qu\u2019on ne nous dise pas qu\u2019il y a deux Mandela, celui d\u2019avant et celui d\u2019apr\u00e8s, le paria et le notable, le terroriste et le saint-homme, celui qui s\u2019insurge et celui qui pardonne. Il n\u2019y en a qu\u2019un, le m\u00eame, un roc, et c\u2019est ce qui fait sa valeur. Mandela \u00ab le terroriste \u00bb ne s\u2019est pas repenti, ce n\u2019est pas parce qu\u2019il a renonc\u00e9 \u00e0 \u00bb la lutte arm\u00e9e \u00bb qu\u2019il est devenu grand et fr\u00e9quentable. C\u2019est au contraire parce qu\u2019il a relev\u00e9 le gant de la r\u00e9volte du peuple noir qu\u2019il est all\u00e9 en prison. Et c\u2019est parce que son peuple martyr a poursuivi sa lutte in\u00e9gale et sanglante contre un r\u00e9gime honteux, qu\u2019il est devenu une ic\u00f4ne. Aux temps de \u00bb la guerre froide \u00bb, les USA craignaient l\u2019\u00e9mergence en Afrique du Sud d\u2019une r\u00e9publique socialiste apparent\u00e9e \u00ab au bloc de l\u2019Est \u00bb et c\u2019est ce qui motivait leur soutien, et celui d\u2019Isra\u00ebl, au r\u00e9gime des bourreaux. Mais depuis 1985 l\u2019URSS \u00e9tait engag\u00e9e dans l\u2019\u00e8re \u00ab liquidationniste \u00bb de la \u00ab Glasnost \u00bb. En 1989 Sous l\u2019action de Solidarnosc la Pologne \u00e9chappe \u00ab au camp sovi\u00e9tique \u00bb entrainant peu apr\u00e8s la chute du mur de Berlin et l\u2019effondrement de \u00ab l\u2019Union Sovi\u00e9tique \u00bb. Le socialisme humili\u00e9 d\u00e9valoris\u00e9 n\u2019est plus attractif pour les peuples, il n\u2019est plus une menace pour l\u2019ordre capitaliste. Le contexte international  change de fond en comble. Un \u00e0-venir \u00ab d\u00e9mocratique \u00bb, hors de tout danger de d\u00e9rive socialiste devient possible, le temps est venu de rel\u00e2cher la pression de la marmite sud-africaine qui pourrait exploser \u00e0 tout instant. Il faut piloter cette transition. Mandela devenu une ic\u00f4ne nationale et internationale pourrait \u00eatre l\u2019homme de la situation. Mandela comprends, et c\u2019est ce qui fait sa grandeur, il a compris presque instantan\u00e9ment la nature et la port\u00e9e des changements en cours et des opportunit\u00e9s que cela ouvrait, dont il a su se saisir. Non ! Mandela ce n\u2019est pas \u00ab un terroriste \u00bb devenu agneau, un combattant devenu conciliateur et r\u00e9conciliateur. Ce n\u2019est pas parce que le peuple noir a d\u00e9pos\u00e9es les armes, renonc\u00e9 \u00e0 son combat que la r\u00e9conciliation a \u00e9t\u00e9 possible. C\u2019est exactement l\u2019inverse. C\u2019est parce que Mandela \u00e9tait \u00ab un terroriste \u00bb qu\u2019il fut mis en prison, dev\u00eent une ic\u00f4ne et pu jouer le r\u00f4le historique qui fut le sien. C\u2019est parce que le peuple noir \u00e0 poursuivit sa lutte in\u00e9gale et path\u00e9tique jusqu\u2019au bout, que la fin n\u00e9goci\u00e9e de l\u2019Apartheid devenait n\u00e9cessaire pour le pouvoir afrikaner, sauf au risque de tout perdre. C\u2019est l\u2019histoire qui fait les hommes dont elle a besoin. Cette constatation qui les rappelle \u00e0 l\u2019humilit\u00e9, n\u2019enl\u00e8ve rien de leur stature aux \u00ab grands hommes \u00bb, au contraire. L\u2019histoire a fait Mandela pour que Mandela fasse l\u2019Histoire.  Samedi 7 d\u00e9cembre 2013.  N.B.)  Nous reviendrons sur les \u00ab Flagorneurs \u00bb, leur inanit\u00e9, leurs audaces ind\u00e9centes, dans deux articles \u00e0 venir. Le premier ce soir avant minuit, intitul\u00e9 \u00ab Elise Lucet ne connait pas son sujet \u00bb et le deuxi\u00e8me demain matin dimanche 8, intitul\u00e9 \u00ab Obama : tentative de captation d\u2019h\u00e9ritage \u00bb.<\/p>\n","protected":false},"excerpt":{"rendered":"<p>MANDELA AU PANTH\u00c9ON DE L\u2019HUMANIT\u00c9 Nelson Mandela est mort, tous les flagorneurs du monde politique et des m\u00e9dias, se r\u00e9pandent [&hellip;]<\/p>\n","protected":false},"author":1,"featured_media":0,"comment_status":"open","ping_status":"open","sticky":false,"template":"","format":"standard","meta":{"sfsi_plus_gutenberg_text_before_share":"","sfsi_plus_gutenberg_show_text_before_share":"","sfsi_plus_gutenberg_icon_type":"","sfsi_plus_gutenberg_icon_alignemt":"","sfsi_plus_gutenburg_max_per_row":"","site-sidebar-layout":"default","site-content-layout":"","ast-site-content-layout":"default","site-content-style":"default","site-sidebar-style":"default","ast-global-header-display":"","ast-banner-title-visibility":"","ast-main-header-display":"","ast-hfb-above-header-display":"","ast-hfb-below-header-display":"","ast-hfb-mobile-header-display":"","site-post-title":"","ast-breadcrumbs-content":"","ast-featured-img":"","footer-sml-layout":"","ast-disable-related-posts":"","theme-transparent-header-meta":"","adv-header-id-meta":"","stick-header-meta":"","header-above-stick-meta":"","header-main-stick-meta":"","header-below-stick-meta":"","astra-migrate-meta-layouts":"default","ast-page-background-enabled":"default","ast-page-background-meta":{"desktop":{"background-color":"var(--ast-global-color-4)","background-image":"","background-repeat":"repeat","background-position":"center center","background-size":"auto","background-attachment":"scroll","background-type":"","background-media":"","overlay-type":"","overlay-color":"","overlay-opacity":"","overlay-gradient":""},"tablet":{"background-color":"","background-image":"","background-repeat":"repeat","background-position":"center center","background-size":"auto","background-attachment":"scroll","background-type":"","background-media":"","overlay-type":"","overlay-color":"","overlay-opacity":"","overlay-gradient":""},"mobile":{"background-color":"","background-image":"","background-repeat":"repeat","background-position":"center center","background-size":"auto","background-attachment":"scroll","background-type":"","background-media":"","overlay-type":"","overlay-color":"","overlay-opacity":"","overlay-gradient":""}},"ast-content-background-meta":{"desktop":{"background-color":"var(--ast-global-color-5)","background-image":"","background-repeat":"repeat","background-position":"center center","background-size":"auto","background-attachment":"scroll","background-type":"","background-media":"","overlay-type":"","overlay-color":"","overlay-opacity":"","overlay-gradient":""},"tablet":{"background-color":"var(--ast-global-color-5)","background-image":"","background-repeat":"repeat","background-position":"center center","background-size":"auto","background-attachment":"scroll","background-type":"","background-media":"","overlay-type":"","overlay-color":"","overlay-opacity":"","overlay-gradient":""},"mobile":{"background-color":"var(--ast-global-color-5)","background-image":"","background-repeat":"repeat","background-position":"center center","background-size":"auto","background-attachment":"scroll","background-type":"","background-media":"","overlay-type":"","overlay-color":"","overlay-opacity":"","overlay-gradient":""}},"footnotes":""},"categories":[16],"tags":[],"class_list":["post-1347","post","type-post","status-publish","format-standard","hentry","category-archives-cms"],"_links":{"self":[{"href":"https:\/\/lavoiedessansvoix.fr\/lavoie\/wp-json\/wp\/v2\/posts\/1347","targetHints":{"allow":["GET"]}}],"collection":[{"href":"https:\/\/lavoiedessansvoix.fr\/lavoie\/wp-json\/wp\/v2\/posts"}],"about":[{"href":"https:\/\/lavoiedessansvoix.fr\/lavoie\/wp-json\/wp\/v2\/types\/post"}],"author":[{"embeddable":true,"href":"https:\/\/lavoiedessansvoix.fr\/lavoie\/wp-json\/wp\/v2\/users\/1"}],"replies":[{"embeddable":true,"href":"https:\/\/lavoiedessansvoix.fr\/lavoie\/wp-json\/wp\/v2\/comments?post=1347"}],"version-history":[{"count":0,"href":"https:\/\/lavoiedessansvoix.fr\/lavoie\/wp-json\/wp\/v2\/posts\/1347\/revisions"}],"wp:attachment":[{"href":"https:\/\/lavoiedessansvoix.fr\/lavoie\/wp-json\/wp\/v2\/media?parent=1347"}],"wp:term":[{"taxonomy":"category","embeddable":true,"href":"https:\/\/lavoiedessansvoix.fr\/lavoie\/wp-json\/wp\/v2\/categories?post=1347"},{"taxonomy":"post_tag","embeddable":true,"href":"https:\/\/lavoiedessansvoix.fr\/lavoie\/wp-json\/wp\/v2\/tags?post=1347"}],"curies":[{"name":"wp","href":"https:\/\/api.w.org\/{rel}","templated":true}]}}