{"id":1346,"date":"2013-12-07T16:11:00","date_gmt":"2013-12-07T15:11:00","guid":{"rendered":"https:\/\/lavoiedessansvoix.fr\/lavoie\/2013\/12\/07\/archive-elise-lucet-ne-connait-pas-son-sujet\/"},"modified":"2013-12-07T16:11:00","modified_gmt":"2013-12-07T15:11:00","slug":"archive-elise-lucet-ne-connait-pas-son-sujet","status":"publish","type":"post","link":"https:\/\/lavoiedessansvoix.fr\/lavoie\/2013\/12\/07\/archive-elise-lucet-ne-connait-pas-son-sujet\/","title":{"rendered":"\u00c9LISE LUCET NE CONNAIT PAS SON SUJET"},"content":{"rendered":"<p>\u00c9LISE LUCET NE CONNAIT PAS SON SUJET    Journal de la mi-journ\u00e9e de France 2, hier, vendredi 6 d\u00e9cembre, le premier apr\u00e8s la nouvelle du d\u00e9c\u00e8s de Nelson Mandela survenu la veille au soir. \u00c9lise Lucet adopte le ton un peu solennel et les formules ampoul\u00e9es,  que requiert l\u2019\u00e9v\u00e9nement. \u00ab Rare \u2013 dit-elle \u2013 sont les hommes qui suscitent un sentiment de deuil plan\u00e9taire \u00bb\u2026.  \u00ab Nelson Mandela est de ceux-l\u00e0 \u2013 poursuit-elle \u00e0 peu pr\u00e8s \u2013 qui s\u2019est lev\u00e9 contre l\u2019injustice, contre le racisme, et qui l\u2019a fait dans le respect du principe de la non-violence \u00bb.  J\u2019hallucine ! \u00c9lise Lucet ne connait pas son Mandela. Elle parle d\u2019un personnage l\u00e9gendaire que la machine m\u00e9diatique occidentale a d\u00e9j\u00e0 reformat\u00e9 selon les n\u00e9cessit\u00e9s de sa propagande, pas du vrai Mandela. Bon, objectera-t-elle peut-\u00eatre pour sa d\u00e9fense, je n\u2019ai connue l\u2019information qu\u2019un peu tard, je n\u2019ai pas eu le temps de r\u00e9viser. Mais il y a internet \u00c9lise, vous \u00eates c\u00e2bl\u00e9s au studio, il fallait lire la fiche \u00ab Wikip\u00e9dia \u00bb, 4 minutes au plus. Tient, m\u00eame pas, une seule minute, c\u2019est dans l\u2019en-t\u00eate : \u00ab Nelson Mandela entre au Congr\u00e8s national africain (ANC) en 1944, afin de lutter contre la domination politique de la minorit\u00e9 blanche et la s\u00e9gr\u00e9gation raciale men\u00e9e par celle-ci. Devenu avocat, il participe \u00e0 la lutte non violente contre les lois de l&rsquo;apartheid, mises en place par le gouvernement du Parti national \u00e0 partir de 1948. L&rsquo;ANC est interdit en 1960, et la lutte pacifique ne donnant pas de r\u00e9sultats tangibles, Mandela fonde et dirige la branche militaire de l&rsquo;ANC, Umkhonto we Sizwe, en 1961, qui m\u00e8ne une campagne de sabotage contre des installations publiques et militaires. \u00bb Eh oui \u00c9lise, Mandela initia et dirigea la lutte arm\u00e9e, Mandela fut, selon les standards actuels, qui \u00e9taient d\u2019ailleurs d\u00e9j\u00e0 de mise \u00e0 l\u2019\u00e9poque, un \u00ab\u00a0terroriste\u00a0\u00bb tout comme Arafat. Tous deux se battirent les armes \u00e0 la main pour la dignit\u00e9 et les droits nationaux de leur peuple.  \u00c9lise Lucet vient juste de nous faire sa caricature gandhiste de Mandela, on voit apparaitre sur l\u2019\u00e9cran Desmond Toutou, le pr\u00e9lat noir sud-Africain anti-apartheid. Et que dit-il Desmond Toutou ? \u00ab On remercie Dieu de nous avoir donn\u00e9 cet homme. Cet homme pourtant d\u00e9cri\u00e9 tr\u00e8s longtemps\u2026.comme terroriste \u00bb. Cinglant et imm\u00e9diat d\u00e9menti, pauvre \u00c9lise. On a remarqu\u00e9 que l\u2019\u00e9v\u00eaque apr\u00e8s le mot \u00ab d\u00e9cri\u00e9 \u00bb a marqu\u00e9 un silence. Un silence tout expr\u00e8s pour appeler l\u2019attention de ses auditeurs et du monde, avant de l\u00e2cher \u00ab\u00a0comme terroriste\u00a0\u00bb. A-t-il voulu de la sorte d\u00e9cocher une banderille en direction des dirigeants imp\u00e9rialistes occidentaux qui assimilent aujourd\u2019hui plus que jamais, les justes combats des peuples \u00e0 du terrorisme ?  Et puis, \u00c9lise Lucet a invit\u00e9 Rama Yade qui en remet une couche. Elle aussi, n\u2019en d\u00e9plaise \u00e0 \u00c9lise, rappelle que Nelson Mandela fut un combattant, qu\u2019il fut longtemps trait\u00e9 de terroriste et longtemps consid\u00e9r\u00e9 \u00ab\u00a0comme infr\u00e9quentable\u00a0\u00bb.   Mais il y a pire, que l\u2019ignorance ou l\u2019all\u00e9geance aux poncifs de la \u00ab bien-pensence \u00bb, il y a l\u2019injure faite au combats des hommes qui ont souffert. Peu de temps apr\u00e8s la fondation de la branche arm\u00e9e de l\u2019ANC, Nelson Mandela fut arr\u00eat\u00e9 avec l\u2019aide de la CIA. Vingt-sept ann\u00e9es d\u2019incarc\u00e9ration l\u2019attendaient. Cependant que lui cassait des cailloux \u00e0 Robeen-Island, son peuple continuait la lutte, subissait la r\u00e9pression brutale d\u2019un r\u00e9gime de tortionnaires, des \u00ab Townships \u00bb se r\u00e9voltaient. Des africains noirs \u00e9taient massacr\u00e9s par milliers. Mandela est devenu en prison une ic\u00f4ne internationale, aussi et surtout parce que son peuple luttait, saignait et mourrait. Ce que Mandela est devenu, ce qu\u2019il fit au temps de sa lib\u00e9ration, il le d\u00fb certes en partie \u00e0 sa personnalit\u00e9, mais le pu surtout gr\u00e2ce \u00e0 ce combat in\u00e9gal, qui donnait la naus\u00e9e au monde, et \u00e0 l\u2019\u00e9volution du contexte international (voir notre article d\u2019hier). La r\u00e9conciliation nationale sud-africaine, \u00ab la nation arc-en-ciel \u00bb fut, Madame, l\u2019aboutissement d\u2019un combat terrible, long et sanglant. Pas de la strat\u00e9gie de la non-violence.   Samedi 7 d\u00e9cembre 2013.<\/p>\n","protected":false},"excerpt":{"rendered":"<p>\u00c9LISE LUCET NE CONNAIT PAS SON SUJET Journal de la mi-journ\u00e9e de France 2, hier, vendredi 6 d\u00e9cembre, le premier [&hellip;]<\/p>\n","protected":false},"author":1,"featured_media":0,"comment_status":"open","ping_status":"open","sticky":false,"template":"","format":"standard","meta":{"sfsi_plus_gutenberg_text_before_share":"","sfsi_plus_gutenberg_show_text_before_share":"","sfsi_plus_gutenberg_icon_type":"","sfsi_plus_gutenberg_icon_alignemt":"","sfsi_plus_gutenburg_max_per_row":"","site-sidebar-layout":"default","site-content-layout":"","ast-site-content-layout":"default","site-content-style":"default","site-sidebar-style":"default","ast-global-header-display":"","ast-banner-title-visibility":"","ast-main-header-display":"","ast-hfb-above-header-display":"","ast-hfb-below-header-display":"","ast-hfb-mobile-header-display":"","site-post-title":"","ast-breadcrumbs-content":"","ast-featured-img":"","footer-sml-layout":"","ast-disable-related-posts":"","theme-transparent-header-meta":"","adv-header-id-meta":"","stick-header-meta":"","header-above-stick-meta":"","header-main-stick-meta":"","header-below-stick-meta":"","astra-migrate-meta-layouts":"default","ast-page-background-enabled":"default","ast-page-background-meta":{"desktop":{"background-color":"var(--ast-global-color-4)","background-image":"","background-repeat":"repeat","background-position":"center center","background-size":"auto","background-attachment":"scroll","background-type":"","background-media":"","overlay-type":"","overlay-color":"","overlay-opacity":"","overlay-gradient":""},"tablet":{"background-color":"","background-image":"","background-repeat":"repeat","background-position":"center center","background-size":"auto","background-attachment":"scroll","background-type":"","background-media":"","overlay-type":"","overlay-color":"","overlay-opacity":"","overlay-gradient":""},"mobile":{"background-color":"","background-image":"","background-repeat":"repeat","background-position":"center center","background-size":"auto","background-attachment":"scroll","background-type":"","background-media":"","overlay-type":"","overlay-color":"","overlay-opacity":"","overlay-gradient":""}},"ast-content-background-meta":{"desktop":{"background-color":"var(--ast-global-color-5)","background-image":"","background-repeat":"repeat","background-position":"center center","background-size":"auto","background-attachment":"scroll","background-type":"","background-media":"","overlay-type":"","overlay-color":"","overlay-opacity":"","overlay-gradient":""},"tablet":{"background-color":"var(--ast-global-color-5)","background-image":"","background-repeat":"repeat","background-position":"center center","background-size":"auto","background-attachment":"scroll","background-type":"","background-media":"","overlay-type":"","overlay-color":"","overlay-opacity":"","overlay-gradient":""},"mobile":{"background-color":"var(--ast-global-color-5)","background-image":"","background-repeat":"repeat","background-position":"center center","background-size":"auto","background-attachment":"scroll","background-type":"","background-media":"","overlay-type":"","overlay-color":"","overlay-opacity":"","overlay-gradient":""}},"footnotes":""},"categories":[16],"tags":[],"class_list":["post-1346","post","type-post","status-publish","format-standard","hentry","category-archives-cms"],"_links":{"self":[{"href":"https:\/\/lavoiedessansvoix.fr\/lavoie\/wp-json\/wp\/v2\/posts\/1346","targetHints":{"allow":["GET"]}}],"collection":[{"href":"https:\/\/lavoiedessansvoix.fr\/lavoie\/wp-json\/wp\/v2\/posts"}],"about":[{"href":"https:\/\/lavoiedessansvoix.fr\/lavoie\/wp-json\/wp\/v2\/types\/post"}],"author":[{"embeddable":true,"href":"https:\/\/lavoiedessansvoix.fr\/lavoie\/wp-json\/wp\/v2\/users\/1"}],"replies":[{"embeddable":true,"href":"https:\/\/lavoiedessansvoix.fr\/lavoie\/wp-json\/wp\/v2\/comments?post=1346"}],"version-history":[{"count":0,"href":"https:\/\/lavoiedessansvoix.fr\/lavoie\/wp-json\/wp\/v2\/posts\/1346\/revisions"}],"wp:attachment":[{"href":"https:\/\/lavoiedessansvoix.fr\/lavoie\/wp-json\/wp\/v2\/media?parent=1346"}],"wp:term":[{"taxonomy":"category","embeddable":true,"href":"https:\/\/lavoiedessansvoix.fr\/lavoie\/wp-json\/wp\/v2\/categories?post=1346"},{"taxonomy":"post_tag","embeddable":true,"href":"https:\/\/lavoiedessansvoix.fr\/lavoie\/wp-json\/wp\/v2\/tags?post=1346"}],"curies":[{"name":"wp","href":"https:\/\/api.w.org\/{rel}","templated":true}]}}