{"id":1345,"date":"2013-12-08T06:56:00","date_gmt":"2013-12-08T05:56:00","guid":{"rendered":"https:\/\/lavoiedessansvoix.fr\/lavoie\/2013\/12\/08\/archive-mandela-obama-un-parallele-indecent\/"},"modified":"2013-12-08T06:56:00","modified_gmt":"2013-12-08T05:56:00","slug":"archive-mandela-obama-un-parallele-indecent","status":"publish","type":"post","link":"https:\/\/lavoiedessansvoix.fr\/lavoie\/2013\/12\/08\/archive-mandela-obama-un-parallele-indecent\/","title":{"rendered":"MANDELA\/OBAMA, UN PARALL\u00c8LE IND\u00c9CENT"},"content":{"rendered":"<p>MANDELA\/OBAMA, UN PARALL\u00c8LE IND\u00c9CENT       Nous avions publi\u00e9, c\u2019\u00e9tait le premier juillet 2013, un article auquel nous avions donn\u00e9 le titre suivant : \u00ab La qu\u00eate initiatique de Barak Obama en Afrique du Sud. \u00bb Celui-ci en effet, reniflant la mort prochaine \u00ab du h\u00e9ros \u00bb de la lutte anti apartheid, avait err\u00e9 quelques jours autour \u00ab du mourant \u00bb, esp\u00e9rant \u00eatre re\u00e7u \u00e0 son chevet afin de recueillir en h\u00e9ritage son \u00e2me et sa l\u00e9gende. Imaginez le \u00ab bon  coup \u00bb, le premier pr\u00e9sident noir des \u00c9tats Unis tenant la main de l\u2019ic\u00f4ne qui lui transmet, nous eut-on dit, son h\u00e9ritage spirituel. Mais le coup rata. Le vieux lion reniflait encore, aussi, \u00e7a puait la \u00ab Com \u00bb. Il n\u2019a pas voulu recevoir Obama. Il ne voulait pour son adieu au monde serrer la main du pr\u00e9sident de la premi\u00e8re puissance mondiale qui l\u2019encensait \u00e0 pr\u00e9sent, mais qui avait, plus de trente ans durant, soutenu si fermement le r\u00e9gime de l\u2019Apartheid. Il ne voulait pas serrer la main et faire un si somptueux cadeaux au pr\u00e9sident des USA, qui certes saluait en lui le combattant des droits nationaux et de la dignit\u00e9 du peuple noir d\u2019Afrique du Sud, mais qui disposait \u00e0 sa guise des peuples et des nations africaines, d\u00e9niait les droit nationaux et \u00e0 la dignit\u00e9 du peuple palestinien et d\u2019autres. Mais il avait aussi un autre grief, plus pr\u00e9cis, moins g\u00e9n\u00e9raliste, presque personnel, dirai-je, contre Obama : la r\u00e9solution 1973 du conseil de s\u00e9curit\u00e9 de l\u2019ONU par la vertu de laquelle le camp occidental s\u2019arrogea le droit de d\u00e9truire la Libye de la Jamahiriya et de tuer le colonel Kadhafi. Son ami, un des plus ardent d\u00e9fenseur de la cause de l\u2019ANC, qui fut l\u2019un de ses premiers soutien en Afrique, un qui n\u2019attendit pas pour l\u2019aider qu\u2019il fussent devenu une ic\u00f4ne internationale, mais le fit aux premi\u00e8res heures du combat quand Mandela n\u2019\u00e9tait encore qu\u2019un \u00ab paria \u00bb, un \u00ab terroriste \u00bb, et que le soutenir \u00e9quivalait \u00e0 se ranger soi-m\u00eame dans \u00ab le camp des pays qui soutiennent le terrorisme \u00bb.  Alors, trois mois apr\u00e8s, Hollande,  a fait lui aussi un voyage d\u2019\u00c9tat en Afrique du Sud, pour tenter la chance. N\u2019est-il pas la France, la grande nation des droits de l\u2019homme ? Il esp\u00e9rait \u00eatre re\u00e7u \u00e0 son chevet pour recueillir \u00ab dans une chasse d\u2019or \u00bb le dernier souffle du mourant, relique qu\u2019il eut c\u00e9d\u00e9e \u00e0 son maitre, l\u2019empereur du monde. Mais \u00e0 l\u2019article de la mort Nelson Mandela \u00e9tait toujours vigilant, qu\u2019on ne lui fasse pas dire ce qu\u2019il n\u2019avait pas dit, qu\u2019on ne lui fasse pas faire ce qu\u2019il ne voulait pas faire. Poliment toujours, Mandela n\u2019humilie pas son prochain, Fran\u00e7ois Hollande, la France certes, mais le pays surtout qui a assassin\u00e9 son ami, Mouammar Kadhafi, fut \u00e0 son tour \u00e9conduit.  O\u00f9 va \u00e9choir l\u2019\u00e2me du grand homme ? Qui en sera le r\u00e9cipiendaire en ce bas monde ? Il ne faut pas laisser dans n\u2019importe qu\u2019elles mains un h\u00e9ritage aussi pr\u00e9cieux. Mandela n\u2019a pas voulu le transmettre en bonne et due forme, il a voulu jouer \u00ab les mourant rebelles \u00bb. Alors tant pis on va se l\u2019accaparer de force. Voil\u00e0 que toute la machine m\u00e9diatique occidentale se met en branle, aux ordres, pour faire de \u00ab la captation d\u2019h\u00e9ritage spirituel \u00bb. Mandela, le premier pr\u00e9sident noir d\u2019Afrique du Sud, Obama, le premier pr\u00e9sident noir des \u00c9tats Unis, tous deux \u00ab Prix Nobel de la Paix \u00bb, et on multiplie les points communs, tous deux avocats, etc. et j\u2019en passe.  Oui mais l\u2019un est le pr\u00e9sident noir d\u2019un pays d\u2019Afrique noire \u00e0 majorit\u00e9 noire, qui n\u2019a revendiqu\u00e9 que les droits nationaux \u00e9l\u00e9mentaires et la dignit\u00e9 de son peuple parmi les peuples de la terre. L\u2019autre est le pr\u00e9sident, noir certes, mais d\u2019une nation tortionnaire qui s\u2019arroge le droit de mettre \u00e0 l\u2019aune de ses int\u00e9r\u00eats, la plan\u00e8te enti\u00e8re en coupe r\u00e9gl\u00e9e.  L\u2019un a men\u00e9 avec son peuple un terrible, long et sanglant combat de plusieurs d\u00e9cennies, subie la torture et endur\u00e9e la prison. L\u2019autre pour tout combat ne revendique que la participation \u00e0 une seule manifestation contre l\u2019Apartheid. C\u2019est bien la moindre des choses pour un \u00e9tudiant noir ?  L\u2019un eut l\u2019insigne honneur d\u2019\u00eatre laur\u00e9at du prix Nobel de la paix, quant aux termes de sa longue carri\u00e8re de lutte et de souffrance il eut le courage de \u00ab pardonner \u00bb aux tortionnaires du peuple noir, pour parvenir \u00e0 la r\u00e9conciliation nationale qui mettait fin \u00e0 l\u2019ignoble r\u00e9gime d\u2019apartheid. L\u2019autre a re\u00e7u le \u00ab prix Nobel de la paix \u00bb, en sortant de l\u2019\u0153uf, nul ne sais vraiment pourquoi, alors qu\u2019il venait d\u2019\u00eatre \u00e9lu pr\u00e9sident des USA, alors qu\u2019il n\u2019avait encore rien fait qui puisse lui valoir une telle distinction. Prix Nobel au faci\u00e8s, parce qu\u2019il \u00e9tait noir de naissance ? Un grand coup de \u00ab Com menteuse \u00bb pour le pr\u00e9sident de la nation la plus agressive de la plan\u00e8te.  Mandela\/Obama ? Il n\u2019y a en v\u00e9rit\u00e9, par-del\u00e0 la couleur de la peau, pas le moindre point commun. Le parall\u00e8le que tante la machine m\u00e9diatique est une insulte au bon sens, Une injure publique \u00e0 la m\u00e9moire de Mandela et au peuple noir martyris\u00e9 d\u2019Afrique du Sud. Ce parall\u00e8le est ind\u00e9cent.  Dimanche 8 d\u00e9cembre 2013.<\/p>\n","protected":false},"excerpt":{"rendered":"<p>MANDELA\/OBAMA, UN PARALL\u00c8LE IND\u00c9CENT Nous avions publi\u00e9, c\u2019\u00e9tait le premier juillet 2013, un article auquel nous avions donn\u00e9 le titre [&hellip;]<\/p>\n","protected":false},"author":1,"featured_media":0,"comment_status":"open","ping_status":"open","sticky":false,"template":"","format":"standard","meta":{"sfsi_plus_gutenberg_text_before_share":"","sfsi_plus_gutenberg_show_text_before_share":"","sfsi_plus_gutenberg_icon_type":"","sfsi_plus_gutenberg_icon_alignemt":"","sfsi_plus_gutenburg_max_per_row":"","site-sidebar-layout":"default","site-content-layout":"","ast-site-content-layout":"default","site-content-style":"default","site-sidebar-style":"default","ast-global-header-display":"","ast-banner-title-visibility":"","ast-main-header-display":"","ast-hfb-above-header-display":"","ast-hfb-below-header-display":"","ast-hfb-mobile-header-display":"","site-post-title":"","ast-breadcrumbs-content":"","ast-featured-img":"","footer-sml-layout":"","ast-disable-related-posts":"","theme-transparent-header-meta":"","adv-header-id-meta":"","stick-header-meta":"","header-above-stick-meta":"","header-main-stick-meta":"","header-below-stick-meta":"","astra-migrate-meta-layouts":"default","ast-page-background-enabled":"default","ast-page-background-meta":{"desktop":{"background-color":"var(--ast-global-color-4)","background-image":"","background-repeat":"repeat","background-position":"center center","background-size":"auto","background-attachment":"scroll","background-type":"","background-media":"","overlay-type":"","overlay-color":"","overlay-opacity":"","overlay-gradient":""},"tablet":{"background-color":"","background-image":"","background-repeat":"repeat","background-position":"center center","background-size":"auto","background-attachment":"scroll","background-type":"","background-media":"","overlay-type":"","overlay-color":"","overlay-opacity":"","overlay-gradient":""},"mobile":{"background-color":"","background-image":"","background-repeat":"repeat","background-position":"center center","background-size":"auto","background-attachment":"scroll","background-type":"","background-media":"","overlay-type":"","overlay-color":"","overlay-opacity":"","overlay-gradient":""}},"ast-content-background-meta":{"desktop":{"background-color":"var(--ast-global-color-5)","background-image":"","background-repeat":"repeat","background-position":"center center","background-size":"auto","background-attachment":"scroll","background-type":"","background-media":"","overlay-type":"","overlay-color":"","overlay-opacity":"","overlay-gradient":""},"tablet":{"background-color":"var(--ast-global-color-5)","background-image":"","background-repeat":"repeat","background-position":"center center","background-size":"auto","background-attachment":"scroll","background-type":"","background-media":"","overlay-type":"","overlay-color":"","overlay-opacity":"","overlay-gradient":""},"mobile":{"background-color":"var(--ast-global-color-5)","background-image":"","background-repeat":"repeat","background-position":"center center","background-size":"auto","background-attachment":"scroll","background-type":"","background-media":"","overlay-type":"","overlay-color":"","overlay-opacity":"","overlay-gradient":""}},"footnotes":""},"categories":[16],"tags":[],"class_list":["post-1345","post","type-post","status-publish","format-standard","hentry","category-archives-cms"],"_links":{"self":[{"href":"https:\/\/lavoiedessansvoix.fr\/lavoie\/wp-json\/wp\/v2\/posts\/1345","targetHints":{"allow":["GET"]}}],"collection":[{"href":"https:\/\/lavoiedessansvoix.fr\/lavoie\/wp-json\/wp\/v2\/posts"}],"about":[{"href":"https:\/\/lavoiedessansvoix.fr\/lavoie\/wp-json\/wp\/v2\/types\/post"}],"author":[{"embeddable":true,"href":"https:\/\/lavoiedessansvoix.fr\/lavoie\/wp-json\/wp\/v2\/users\/1"}],"replies":[{"embeddable":true,"href":"https:\/\/lavoiedessansvoix.fr\/lavoie\/wp-json\/wp\/v2\/comments?post=1345"}],"version-history":[{"count":0,"href":"https:\/\/lavoiedessansvoix.fr\/lavoie\/wp-json\/wp\/v2\/posts\/1345\/revisions"}],"wp:attachment":[{"href":"https:\/\/lavoiedessansvoix.fr\/lavoie\/wp-json\/wp\/v2\/media?parent=1345"}],"wp:term":[{"taxonomy":"category","embeddable":true,"href":"https:\/\/lavoiedessansvoix.fr\/lavoie\/wp-json\/wp\/v2\/categories?post=1345"},{"taxonomy":"post_tag","embeddable":true,"href":"https:\/\/lavoiedessansvoix.fr\/lavoie\/wp-json\/wp\/v2\/tags?post=1345"}],"curies":[{"name":"wp","href":"https:\/\/api.w.org\/{rel}","templated":true}]}}