{"id":1344,"date":"2013-12-09T02:53:00","date_gmt":"2013-12-09T01:53:00","guid":{"rendered":"https:\/\/lavoiedessansvoix.fr\/lavoie\/2013\/12\/09\/archive-diaporama-menteur\/"},"modified":"2013-12-09T02:53:00","modified_gmt":"2013-12-09T01:53:00","slug":"archive-diaporama-menteur","status":"publish","type":"post","link":"https:\/\/lavoiedessansvoix.fr\/lavoie\/2013\/12\/09\/archive-diaporama-menteur\/","title":{"rendered":"DIAPORAMA MENTEUR"},"content":{"rendered":"<p>DIAPORAMA MENTEUR 293031C\u2019est la faute \u00e0 Staline ! C\u2019est lui qui a commenc\u00e9 \u00e0 falsifier les images de l\u2019histoire. Tous les initi\u00e9s, et bien au-del\u00e0, connaissent cette photographie, une tribune dress\u00e9e devant la gare de Finlande \u00e0 Saint Saint-P\u00e9tersbourg, depuis laquelle L\u00e9nine prononce son c\u00e9l\u00e8bre discours rest\u00e9 dans l\u2019Histoire sous l\u2019appellation de \u00ab Th\u00e8ses d\u2019Avril \u00bb. En bas, \u00e0 droite de la tribune, rien, c\u2019est la version stalinienne de l\u2019image. Lev Davidovich Trotsky qui y figurait, a \u00e9t\u00e9 effac\u00e9.  Depuis ce temps jadis de la r\u00e9volution russe, la photographie et le cin\u00e9ma ont fait bien des progr\u00e8s. On croule litt\u00e9ralement sous \u00ab les suggestions visuelles \u00bb. La \u00ab vid\u00e9o-menterie \u00bb a fait des progr\u00e8s tout aussi consid\u00e9rables. A des images chocs on vous fait n\u2019importe quel commentaire qui fait dire \u00e0 celles-ci, cens\u00e9es \u00eatre la preuve intangible, le contraire de la r\u00e9alit\u00e9 d\u2019o\u00f9 elles sont extraites. L\u2019on d\u00e9terre les cadavres du cimeti\u00e8re, on y ajoute ceux de la morgue des h\u00f4pitaux, on les rassemble sur un terrain vague, c\u2019est \u00ab le charnier de Timisoara \u00bb (Roumanie 1989) On vous montre des photos a\u00e9riennes de villes et de b\u00e2timents dont certains sont rep\u00e9r\u00e9s d\u2019un cercle bleu, ce sont les \u00ab sites d\u2019armes de destruction massives \u00bb de Saddam Hussein (1993 2002), o\u00f9 les Sites d\u2019enrichissement de l\u2019uranium militaire de l\u2019Iran (2013). Allez donc v\u00e9rifier.  \u00c7a c\u2019est la menterie active, le montage, la manipulation, l\u2019affabulation.  Mais il y a une autre forme de menterie par l\u2019image, encore plus r\u00e9pandue et tellement plus insidieuse, calqu\u00e9e sur la m\u00e9thode stalinienne d\u00e9crite en pr\u00e9ambule, celle du silence, de l\u2019occultation, de l\u2019effacement, de la n\u00e9gation, du \u00ab d\u00e9ni de r\u00e9alit\u00e9 \u00bb. Celle-ci a \u00e9t\u00e9 largement utilis\u00e9e ces jours-ci autour de la mort de Mandela. Ainsi un long diaporama a-t-il \u00e9t\u00e9 diffus\u00e9 le (7 d\u00e9cembre) \u00e0 la suite du 13 heures de la 2. On y a vu Mandela et De Klerc, Mandela et Bill Clinton, Mandela et Obama, et m\u00eame Mandela et Fidel Castro, ect. Mais o\u00f9 sont donc pass\u00e9 les images, il en existe de nombreuses, de Mandela avec Kadhafi ?  Or, croyez-moi bien, ce n\u2019est pas lui qui les a reni\u00e9es, ce n\u2019est pas lui qui a voulu cela. On nous a pass\u00e9, presque en boucle, un extrait d\u2019un discours dans lequel il remercie Rasfandjani (ancien Pr\u00e9sident de la R\u00e9publique Islamique d\u2019Iran) et Fidel Castro, car dit-il \u00ab\u00a0la morale veut que l\u2019on n\u2019oublie pas ceux qui nous ont aid\u00e9 aux heures noires\u00a0\u00bb.  Kadhafi fut un soutien fid\u00e8le de la cause de l\u2019ANC et un ami de Mandela. Madiba ne l\u2019a pas oubli\u00e9. En l\u2019effa\u00e7ant de la r\u00e9alit\u00e9, c\u2019est \u00e0 la m\u00e9moire de Nelson Mandela que font offense ceux qui pr\u00e9tendent lui rendre hommage.  Alors, bien entendu, on comprend leurs raisons \u00e0 tous ses manipulateurs d\u2019opinion, \u00e0 tous ses falsificateurs d\u2019Histoire. Kadhafi qu&rsquo;ils ont diabolis\u00e9, le paria qu&rsquo;ils viennent de faire assassiner comme une b\u00eate fauve, comment ceux-l\u00e0 pourrait-il tol\u00e9rer qu\u2019il figure en bonne place dans l\u2019album photos du \u00ab h\u00e9ros \u00bb que l\u2019on encense pour mieux en pervertir la v\u00e9rit\u00e9. La pr\u00e9sence de Kadhafi aux c\u00f4t\u00e9s de l\u2019ic\u00f4ne, ne constitue pas \u00e0 elle seule une d\u00e9nonciation de leur crime et la r\u00e9v\u00e9lation de leur hypocrisie ?  On voudrait nous faire oublier, qu\u2019au temps o\u00f9 la grande d\u00e9mocratie US le traitait en Paria, \u00ab dangereux terroriste communiste \u00bb Nelson Mandela, l\u2019ANC, eut en Afrique un soutien sans faille et un v\u00e9ritable ami, le chef de la Jamahiriya libyenne, le colonel Kadhafi pour ne pas le nommer. A l\u2019heure o\u00f9 les dirigeants polic\u00e9s et \u00ab civilis\u00e9s \u00bb de la plus grande d\u00e9mocratie du monde le livraient \u00e0 ses bourreaux et justifiaient son supplice et tous les crimes de l\u2019apartheid, Mouammar Kadhafi, \u00ab le tyran \u00bb \u00ab le monstre sanguinaire \u00bb  le soutenait politiquement et financi\u00e8rement. Alors, cela ne bouscule-t-il pas les id\u00e9es pr\u00e9con\u00e7ues, les consciences ? Qui \u00e9tait qui ? Qui \u00e9taient les vrais tyrans et qui \u00e9taient les vrais combattants de la libert\u00e9 ? On voudrait nous faire oublier cela et aussi que Nelson Mandela lui, ne l\u2019avait pas oubli\u00e9. R\u00e9duit, affaiblit par l\u2019\u00e2ge et la maladie, il eut la fiert\u00e9 ultime de refuser la visite \u00e0 son chevet d\u2019Obama et de Hollande, les deux chefs d\u2019Etat des deux pays qui ex\u00e9cut\u00e8rent son ami fid\u00e8le. Il ne voulut pas rendre \u00e0 ceux-ci l\u2019insigne service de se faire un coup de \u00ab Com \u00bb \u00e0 ses d\u00e9pens.  C\u2019est afin de corriger \u00e0 notre si modeste \u00e9chelle, le mensonge par omission des grands m\u00e9dias audiovisuel, que nous publions en-t\u00eate de cet article trois clich\u00e9s de Mandela avec son ami Kadhafi. Il en existe des centaines d\u2019autres. Vous demandez \u00e0 votre moteur de recherche \u00ab Mandela Kadhafi \u00bb, celui-ci vous en proposera autant que vous voulez. Les deux hommes se sont rencontr\u00e9s de nombreuses fois.  Lundi 9 d\u00e9cembre 2013.<\/p>\n","protected":false},"excerpt":{"rendered":"<p>DIAPORAMA MENTEUR 293031C\u2019est la faute \u00e0 Staline ! C\u2019est lui qui a commenc\u00e9 \u00e0 falsifier les images de l\u2019histoire. Tous [&hellip;]<\/p>\n","protected":false},"author":1,"featured_media":0,"comment_status":"open","ping_status":"open","sticky":false,"template":"","format":"standard","meta":{"sfsi_plus_gutenberg_text_before_share":"","sfsi_plus_gutenberg_show_text_before_share":"","sfsi_plus_gutenberg_icon_type":"","sfsi_plus_gutenberg_icon_alignemt":"","sfsi_plus_gutenburg_max_per_row":"","site-sidebar-layout":"default","site-content-layout":"","ast-site-content-layout":"default","site-content-style":"default","site-sidebar-style":"default","ast-global-header-display":"","ast-banner-title-visibility":"","ast-main-header-display":"","ast-hfb-above-header-display":"","ast-hfb-below-header-display":"","ast-hfb-mobile-header-display":"","site-post-title":"","ast-breadcrumbs-content":"","ast-featured-img":"","footer-sml-layout":"","ast-disable-related-posts":"","theme-transparent-header-meta":"","adv-header-id-meta":"","stick-header-meta":"","header-above-stick-meta":"","header-main-stick-meta":"","header-below-stick-meta":"","astra-migrate-meta-layouts":"default","ast-page-background-enabled":"default","ast-page-background-meta":{"desktop":{"background-color":"var(--ast-global-color-4)","background-image":"","background-repeat":"repeat","background-position":"center center","background-size":"auto","background-attachment":"scroll","background-type":"","background-media":"","overlay-type":"","overlay-color":"","overlay-opacity":"","overlay-gradient":""},"tablet":{"background-color":"","background-image":"","background-repeat":"repeat","background-position":"center center","background-size":"auto","background-attachment":"scroll","background-type":"","background-media":"","overlay-type":"","overlay-color":"","overlay-opacity":"","overlay-gradient":""},"mobile":{"background-color":"","background-image":"","background-repeat":"repeat","background-position":"center center","background-size":"auto","background-attachment":"scroll","background-type":"","background-media":"","overlay-type":"","overlay-color":"","overlay-opacity":"","overlay-gradient":""}},"ast-content-background-meta":{"desktop":{"background-color":"var(--ast-global-color-5)","background-image":"","background-repeat":"repeat","background-position":"center center","background-size":"auto","background-attachment":"scroll","background-type":"","background-media":"","overlay-type":"","overlay-color":"","overlay-opacity":"","overlay-gradient":""},"tablet":{"background-color":"var(--ast-global-color-5)","background-image":"","background-repeat":"repeat","background-position":"center center","background-size":"auto","background-attachment":"scroll","background-type":"","background-media":"","overlay-type":"","overlay-color":"","overlay-opacity":"","overlay-gradient":""},"mobile":{"background-color":"var(--ast-global-color-5)","background-image":"","background-repeat":"repeat","background-position":"center center","background-size":"auto","background-attachment":"scroll","background-type":"","background-media":"","overlay-type":"","overlay-color":"","overlay-opacity":"","overlay-gradient":""}},"footnotes":""},"categories":[16],"tags":[],"class_list":["post-1344","post","type-post","status-publish","format-standard","hentry","category-archives-cms"],"_links":{"self":[{"href":"https:\/\/lavoiedessansvoix.fr\/lavoie\/wp-json\/wp\/v2\/posts\/1344","targetHints":{"allow":["GET"]}}],"collection":[{"href":"https:\/\/lavoiedessansvoix.fr\/lavoie\/wp-json\/wp\/v2\/posts"}],"about":[{"href":"https:\/\/lavoiedessansvoix.fr\/lavoie\/wp-json\/wp\/v2\/types\/post"}],"author":[{"embeddable":true,"href":"https:\/\/lavoiedessansvoix.fr\/lavoie\/wp-json\/wp\/v2\/users\/1"}],"replies":[{"embeddable":true,"href":"https:\/\/lavoiedessansvoix.fr\/lavoie\/wp-json\/wp\/v2\/comments?post=1344"}],"version-history":[{"count":0,"href":"https:\/\/lavoiedessansvoix.fr\/lavoie\/wp-json\/wp\/v2\/posts\/1344\/revisions"}],"wp:attachment":[{"href":"https:\/\/lavoiedessansvoix.fr\/lavoie\/wp-json\/wp\/v2\/media?parent=1344"}],"wp:term":[{"taxonomy":"category","embeddable":true,"href":"https:\/\/lavoiedessansvoix.fr\/lavoie\/wp-json\/wp\/v2\/categories?post=1344"},{"taxonomy":"post_tag","embeddable":true,"href":"https:\/\/lavoiedessansvoix.fr\/lavoie\/wp-json\/wp\/v2\/tags?post=1344"}],"curies":[{"name":"wp","href":"https:\/\/api.w.org\/{rel}","templated":true}]}}