{"id":1343,"date":"2013-12-10T02:48:00","date_gmt":"2013-12-10T01:48:00","guid":{"rendered":"https:\/\/lavoiedessansvoix.fr\/lavoie\/2013\/12\/10\/archive-francois-hollande-insulte-la-memoire-de-nelson-mandela\/"},"modified":"2013-12-10T02:48:00","modified_gmt":"2013-12-10T01:48:00","slug":"archive-francois-hollande-insulte-la-memoire-de-nelson-mandela","status":"publish","type":"post","link":"https:\/\/lavoiedessansvoix.fr\/lavoie\/2013\/12\/10\/archive-francois-hollande-insulte-la-memoire-de-nelson-mandela\/","title":{"rendered":"FRAN\u00c7OIS HOLLANDE INSULTE LA M\u00c9MOIRE DE NELSON MANDELA"},"content":{"rendered":"<p>FRAN\u00c7OIS HOLLANDE INSULTE LA M\u00c9MOIRE DE NELSON MANDELAFran\u00e7ois Hollande, succ\u00e9dant \u00e0 Sarkozy, a eu soins de d\u00e9montrer en toutes choses la \u00ab continuit\u00e9 gouvernementale \u00bb. et que le slogan \u00ab le changement c\u2019est maintenant \u00bb n\u2019\u00e9tait qu\u2019une formule creuse de campagne \u00e9lectorale.  En fait il a tenu parole, pourrait-on dire tout de m\u00eame. Le changement a vraiment eu lieu. On a chang\u00e9 de personnel politique. Qui en attendait d\u2019avantage n\u2019a rien compris aux institutions de la 5\u00e8me r\u00e9publique, au bipartisme et \u00e0 l\u2019alternance.  Nous, n\u2019esp\u00e9rions qu\u2019une chose de ce renouvellement de personnel politique, en finir avec les outrances et les brutalit\u00e9s du petit \u00e9nerv\u00e9. Si, par-del\u00e0 la mutation du personnel politique nous n\u2019attendions aucun changement maintenant ou apr\u00e8s, nous nous accrochions tout de m\u00eame (\u00e0 la l\u2019esp\u00e9rance) sans pr\u00e9tention d\u2019un \u00ab pr\u00e9sident normal \u00bb. Or m\u00eame en cela nous avons \u00e9t\u00e9 flou\u00e9s.  Il a fallu bien vite se rendre \u00e0 l\u2019\u00e9vidence, c\u2019est une brute froide qui a relev\u00e9 la petite frappe agit\u00e9e. L\u2019une en l\u2019inaugurant l\u2019autre en le confirmant, n\u2019en ont pas moins humili\u00e9e la France en l\u2019abaissant au statut vassal de nation mercenaire au service de l\u2019imp\u00e9rialisme anglo-am\u00e9ricain. Ils l\u2019humilient et la d\u00e9valorisent aux yeux du monde en pratiquant la diplomatie des vocif\u00e9rations guerri\u00e8res et en se livrant \u00e0 maintes agressions verbales ou militaires contre maintes nations du Moyen-Orient, d\u2019Afrique et m\u00eame d\u2019Europe de l\u2019Est. C\u00f4te d\u2019Ivoire, Libye, Syrie, Liban, Afghanistan, Iran, Somalie, Tchad, Niger, Soudan, Centre-Afrique, comme au plus beau temps des colonies, la France donne du canon et de l\u2019h\u00e9licopt\u00e8re de combat partout. Enfin, partout ? Partout o\u00f9 la mandate son maitre l\u2019imp\u00e9rialisme am\u00e9ricain.  Malgr\u00e9 cela, Fran\u00e7ois Hollande s\u2019\u00e9tait jusque-ici gard\u00e9 des exc\u00e8s qui caract\u00e9risaient son pr\u00e9d\u00e9cesseur. Eh bien \u00e7a y est, il vient de franchir le pas. Non par des propos cavaliers, des insanit\u00e9s o\u00f9 des attitudes d\u00e9cal\u00e9es par lesquelles se distinguait \u00ab Nicolas Le Petit \u00bb, mais, et c\u2019est m\u00eame d\u2019une certaine mani\u00e8re plus grave, par une initiative d\u00e9plac\u00e9e qui rel\u00e8ve de \u00ab l\u2019outrance diplomatique \u00bb. Nous avions dit d\u00e8s le 1er juillet, \u00e0 propos du voyage de Barak Obama en Afrique du Sud, nous avons  \u00ab re-redit \u00bb, dans trois articles successifs, depuis la mort de Nelson Mandela, l\u2019attachement de celui-ci au colonel Kadhafi et la grande contrari\u00e9t\u00e9 que l\u2019assassinat command\u00e9 de celui-ci, lui avait procur\u00e9 et qu\u2019il avait manifest\u00e9 aux jours ultimes de sa vie en refusant les visites \u00e0 son chevet des deux chefs des deux nations responsables de ce forfait. Eh bien, Fran\u00e7ois Hollande n\u2019a rien trouv\u00e9 de mieux que d\u2019insulter la m\u00e9moire de Nelson Mandela en invitant Nicolas Sarkozy, le commanditaire direct du crime, \u00e0 venir s\u2019incliner sur la d\u00e9pouille de l\u2019ami de sa victime. Fran\u00e7ois Hollande l\u2019a-t-il fait expr\u00e8s ? Expr\u00e8s ou par inadvertance, qu\u2019importe. C\u2019est aussi grave dans un cas que dans l\u2019autre. Dans le premier par le cynisme que \u00e7a suppose, dans le second par le manque de maitrise, que \u00e7a traduit, impardonnable pour un chef d\u2019\u00c9tat.  Mardi 10 d\u00e9cembre 2013.<\/p>\n","protected":false},"excerpt":{"rendered":"<p>FRAN\u00c7OIS HOLLANDE INSULTE LA M\u00c9MOIRE DE NELSON MANDELAFran\u00e7ois Hollande, succ\u00e9dant \u00e0 Sarkozy, a eu soins de d\u00e9montrer en toutes choses [&hellip;]<\/p>\n","protected":false},"author":1,"featured_media":0,"comment_status":"open","ping_status":"open","sticky":false,"template":"","format":"standard","meta":{"sfsi_plus_gutenberg_text_before_share":"","sfsi_plus_gutenberg_show_text_before_share":"","sfsi_plus_gutenberg_icon_type":"","sfsi_plus_gutenberg_icon_alignemt":"","sfsi_plus_gutenburg_max_per_row":"","site-sidebar-layout":"default","site-content-layout":"","ast-site-content-layout":"default","site-content-style":"default","site-sidebar-style":"default","ast-global-header-display":"","ast-banner-title-visibility":"","ast-main-header-display":"","ast-hfb-above-header-display":"","ast-hfb-below-header-display":"","ast-hfb-mobile-header-display":"","site-post-title":"","ast-breadcrumbs-content":"","ast-featured-img":"","footer-sml-layout":"","ast-disable-related-posts":"","theme-transparent-header-meta":"","adv-header-id-meta":"","stick-header-meta":"","header-above-stick-meta":"","header-main-stick-meta":"","header-below-stick-meta":"","astra-migrate-meta-layouts":"default","ast-page-background-enabled":"default","ast-page-background-meta":{"desktop":{"background-color":"var(--ast-global-color-4)","background-image":"","background-repeat":"repeat","background-position":"center center","background-size":"auto","background-attachment":"scroll","background-type":"","background-media":"","overlay-type":"","overlay-color":"","overlay-opacity":"","overlay-gradient":""},"tablet":{"background-color":"","background-image":"","background-repeat":"repeat","background-position":"center center","background-size":"auto","background-attachment":"scroll","background-type":"","background-media":"","overlay-type":"","overlay-color":"","overlay-opacity":"","overlay-gradient":""},"mobile":{"background-color":"","background-image":"","background-repeat":"repeat","background-position":"center center","background-size":"auto","background-attachment":"scroll","background-type":"","background-media":"","overlay-type":"","overlay-color":"","overlay-opacity":"","overlay-gradient":""}},"ast-content-background-meta":{"desktop":{"background-color":"var(--ast-global-color-5)","background-image":"","background-repeat":"repeat","background-position":"center center","background-size":"auto","background-attachment":"scroll","background-type":"","background-media":"","overlay-type":"","overlay-color":"","overlay-opacity":"","overlay-gradient":""},"tablet":{"background-color":"var(--ast-global-color-5)","background-image":"","background-repeat":"repeat","background-position":"center center","background-size":"auto","background-attachment":"scroll","background-type":"","background-media":"","overlay-type":"","overlay-color":"","overlay-opacity":"","overlay-gradient":""},"mobile":{"background-color":"var(--ast-global-color-5)","background-image":"","background-repeat":"repeat","background-position":"center center","background-size":"auto","background-attachment":"scroll","background-type":"","background-media":"","overlay-type":"","overlay-color":"","overlay-opacity":"","overlay-gradient":""}},"footnotes":""},"categories":[16],"tags":[],"class_list":["post-1343","post","type-post","status-publish","format-standard","hentry","category-archives-cms"],"_links":{"self":[{"href":"https:\/\/lavoiedessansvoix.fr\/lavoie\/wp-json\/wp\/v2\/posts\/1343","targetHints":{"allow":["GET"]}}],"collection":[{"href":"https:\/\/lavoiedessansvoix.fr\/lavoie\/wp-json\/wp\/v2\/posts"}],"about":[{"href":"https:\/\/lavoiedessansvoix.fr\/lavoie\/wp-json\/wp\/v2\/types\/post"}],"author":[{"embeddable":true,"href":"https:\/\/lavoiedessansvoix.fr\/lavoie\/wp-json\/wp\/v2\/users\/1"}],"replies":[{"embeddable":true,"href":"https:\/\/lavoiedessansvoix.fr\/lavoie\/wp-json\/wp\/v2\/comments?post=1343"}],"version-history":[{"count":0,"href":"https:\/\/lavoiedessansvoix.fr\/lavoie\/wp-json\/wp\/v2\/posts\/1343\/revisions"}],"wp:attachment":[{"href":"https:\/\/lavoiedessansvoix.fr\/lavoie\/wp-json\/wp\/v2\/media?parent=1343"}],"wp:term":[{"taxonomy":"category","embeddable":true,"href":"https:\/\/lavoiedessansvoix.fr\/lavoie\/wp-json\/wp\/v2\/categories?post=1343"},{"taxonomy":"post_tag","embeddable":true,"href":"https:\/\/lavoiedessansvoix.fr\/lavoie\/wp-json\/wp\/v2\/tags?post=1343"}],"curies":[{"name":"wp","href":"https:\/\/api.w.org\/{rel}","templated":true}]}}