{"id":1342,"date":"2013-12-11T08:43:00","date_gmt":"2013-12-11T07:43:00","guid":{"rendered":"https:\/\/lavoiedessansvoix.fr\/lavoie\/2013\/12\/11\/archive-petite-lecon-d-humilite-a-l-adresse-de-monsieur-barak-obama-president-des-etats\/"},"modified":"2013-12-11T08:43:00","modified_gmt":"2013-12-11T07:43:00","slug":"archive-petite-lecon-d-humilite-a-l-adresse-de-monsieur-barak-obama-president-des-etats","status":"publish","type":"post","link":"https:\/\/lavoiedessansvoix.fr\/lavoie\/2013\/12\/11\/archive-petite-lecon-d-humilite-a-l-adresse-de-monsieur-barak-obama-president-des-etats\/","title":{"rendered":"PETITE LE\u00c7ON D\u2019HUMILIT\u00c9 A L\u2019ADRESSE DE MONSIEUR BARAK OBAMA PR\u00c9SIDENT DES \u00c9TATS-UNIS D&rsquo;AMERIQUE"},"content":{"rendered":"<p>PETITE LE\u00c7ON D\u2019HUMILIT\u00c9 A L\u2019ADRESSE DE MONSIEUR BARAK OBAMA PR\u00c9SIDENT DES \u00c9TATS-UNIS d\u2019AMERIQUE.   Imbu de votre statut de chef d\u2019\u00c9tat de la premi\u00e8re puissance mondiale, et d\u00e9termin\u00e9 \u00e0 vous afficher en chef de file de l\u2019imp\u00e9rialisme occidental, vous n\u2019avez, monsieur Obama, intervenant au stade Soccer City de Soweto, lors de la c\u00e9r\u00e9monie d\u2019hommage \u00e0 Nelson Mandela, pu r\u00e9sister \u00e0 la tentation de vous poser en \u00ab donneur de le\u00e7ons plan\u00e9taire \u00bb et en \u00ab conscience du monde \u00bb.   \u00ab\u00a0Trop de dirigeants dans le monde se disaient solidaires de son combat pour la libert\u00e9 mais ne tol\u00e9raient pas la moindre opposition de leur propre peuple&#8201;\u00bb, &#8211; avez-vous  lanc\u00e9 \u2013 \u00ab face \u00e0 un parterre de dignitaires du monde entier, dont le vice-pr\u00e9sident chinois, Li Yuanchao, le pr\u00e9sident cubain, Ra\u00fal Castro, \u00e0 qui Barack Obama a par ailleurs serr\u00e9 la main, et le pr\u00e9sident du Zimbabwe, Robert Mugabe.\u00a0\u00bb (Les Echos.fr 10\/12\/2013)  Excusez-moi de vous le dire tout net et de fa\u00e7on un peu cassante, vous avez \u00e9t\u00e9 tout simplement lamentable monsieur Obama.! Voil\u00e0 pour vous servir, une petite le\u00e7on de modestie. On dit en France \u00ab Qu\u2019il faut tourner sept fois sa langue dans sa bouche \u00bb avant de s\u2019exprimer. Le temps de la r\u00e9flexion quoi, pour \u00e9viter de dire des b\u00eatises. En l\u2019occurrence vous n\u2019avez pas appliqu\u00e9 ce pr\u00e9cepte. Vous auriez en ce cas \u00e9t\u00e9 mieux avis\u00e9 de vous taire ou de vous en tenir \u00e0 des g\u00e9n\u00e9ralit\u00e9s sans cons\u00e9quences  Des dirigeants, dites-vous, qui ne tol\u00e8re pas la moindre opposition de leur propre peuple ? Mais que dire alors de cette poign\u00e9e de dirigeants occidentaux, dont vous \u00eates le chef de file, qui ne tol\u00e8re pas m\u00eame l\u2019existence ailleurs dans le monde d\u2019autres syst\u00e8mes de gouvernance que le leur, la moindre opposition \u00e0 ce qu\u2019ils consid\u00e8rent \u00eatre leurs int\u00e9r\u00eats, l\u2019existence d\u2019autres syst\u00e8mes de valeurs que les leurs qu\u2019ils pr\u00e9tendent universelles ? Que dirent de cette poign\u00e9e de dirigeants occidentaux qui tancent et menaces les autres, d\u00e9cident \u00e0 la place des peuples et des nations qui a qualit\u00e9 de les diriger. Que dirent de cette poign\u00e9e de dirigeants occidentaux qui avec des mani\u00e8res \u00ab civilis\u00e9s \u00bb et des airs \u00bb polic\u00e9s \u00bb se comportent en v\u00e9rit\u00e9 comme des barbares et des tyrans, \u00e9tablissant partout le r\u00e8gne de la \u00ab terreur \u00bb de leur puissance militaire, qui assassinent et pendent, bombardent et exterminent, tous ceux qui s\u2019avisent de leur tenir t\u00eate ou de les contredire. Comment peut-on avoir l\u2019outrecuidance de vouloir donner des le\u00e7ons de tol\u00e9rance politique aux dirigeants d\u2019autres nations quand on est soi-m\u00eame hostile \u00e0 l\u2019existence de toute \u00ab opposition politique \u00bb entre les nations elles-m\u00eames ?   Mercredi 12 d\u00e9cembre 2013.<\/p>\n","protected":false},"excerpt":{"rendered":"<p>PETITE LE\u00c7ON D\u2019HUMILIT\u00c9 A L\u2019ADRESSE DE MONSIEUR BARAK OBAMA PR\u00c9SIDENT DES \u00c9TATS-UNIS d\u2019AMERIQUE. Imbu de votre statut de chef d\u2019\u00c9tat [&hellip;]<\/p>\n","protected":false},"author":1,"featured_media":0,"comment_status":"open","ping_status":"open","sticky":false,"template":"","format":"standard","meta":{"sfsi_plus_gutenberg_text_before_share":"","sfsi_plus_gutenberg_show_text_before_share":"","sfsi_plus_gutenberg_icon_type":"","sfsi_plus_gutenberg_icon_alignemt":"","sfsi_plus_gutenburg_max_per_row":"","site-sidebar-layout":"default","site-content-layout":"","ast-site-content-layout":"default","site-content-style":"default","site-sidebar-style":"default","ast-global-header-display":"","ast-banner-title-visibility":"","ast-main-header-display":"","ast-hfb-above-header-display":"","ast-hfb-below-header-display":"","ast-hfb-mobile-header-display":"","site-post-title":"","ast-breadcrumbs-content":"","ast-featured-img":"","footer-sml-layout":"","ast-disable-related-posts":"","theme-transparent-header-meta":"","adv-header-id-meta":"","stick-header-meta":"","header-above-stick-meta":"","header-main-stick-meta":"","header-below-stick-meta":"","astra-migrate-meta-layouts":"default","ast-page-background-enabled":"default","ast-page-background-meta":{"desktop":{"background-color":"var(--ast-global-color-4)","background-image":"","background-repeat":"repeat","background-position":"center center","background-size":"auto","background-attachment":"scroll","background-type":"","background-media":"","overlay-type":"","overlay-color":"","overlay-opacity":"","overlay-gradient":""},"tablet":{"background-color":"","background-image":"","background-repeat":"repeat","background-position":"center center","background-size":"auto","background-attachment":"scroll","background-type":"","background-media":"","overlay-type":"","overlay-color":"","overlay-opacity":"","overlay-gradient":""},"mobile":{"background-color":"","background-image":"","background-repeat":"repeat","background-position":"center center","background-size":"auto","background-attachment":"scroll","background-type":"","background-media":"","overlay-type":"","overlay-color":"","overlay-opacity":"","overlay-gradient":""}},"ast-content-background-meta":{"desktop":{"background-color":"var(--ast-global-color-5)","background-image":"","background-repeat":"repeat","background-position":"center center","background-size":"auto","background-attachment":"scroll","background-type":"","background-media":"","overlay-type":"","overlay-color":"","overlay-opacity":"","overlay-gradient":""},"tablet":{"background-color":"var(--ast-global-color-5)","background-image":"","background-repeat":"repeat","background-position":"center center","background-size":"auto","background-attachment":"scroll","background-type":"","background-media":"","overlay-type":"","overlay-color":"","overlay-opacity":"","overlay-gradient":""},"mobile":{"background-color":"var(--ast-global-color-5)","background-image":"","background-repeat":"repeat","background-position":"center center","background-size":"auto","background-attachment":"scroll","background-type":"","background-media":"","overlay-type":"","overlay-color":"","overlay-opacity":"","overlay-gradient":""}},"footnotes":""},"categories":[16],"tags":[],"class_list":["post-1342","post","type-post","status-publish","format-standard","hentry","category-archives-cms"],"_links":{"self":[{"href":"https:\/\/lavoiedessansvoix.fr\/lavoie\/wp-json\/wp\/v2\/posts\/1342","targetHints":{"allow":["GET"]}}],"collection":[{"href":"https:\/\/lavoiedessansvoix.fr\/lavoie\/wp-json\/wp\/v2\/posts"}],"about":[{"href":"https:\/\/lavoiedessansvoix.fr\/lavoie\/wp-json\/wp\/v2\/types\/post"}],"author":[{"embeddable":true,"href":"https:\/\/lavoiedessansvoix.fr\/lavoie\/wp-json\/wp\/v2\/users\/1"}],"replies":[{"embeddable":true,"href":"https:\/\/lavoiedessansvoix.fr\/lavoie\/wp-json\/wp\/v2\/comments?post=1342"}],"version-history":[{"count":0,"href":"https:\/\/lavoiedessansvoix.fr\/lavoie\/wp-json\/wp\/v2\/posts\/1342\/revisions"}],"wp:attachment":[{"href":"https:\/\/lavoiedessansvoix.fr\/lavoie\/wp-json\/wp\/v2\/media?parent=1342"}],"wp:term":[{"taxonomy":"category","embeddable":true,"href":"https:\/\/lavoiedessansvoix.fr\/lavoie\/wp-json\/wp\/v2\/categories?post=1342"},{"taxonomy":"post_tag","embeddable":true,"href":"https:\/\/lavoiedessansvoix.fr\/lavoie\/wp-json\/wp\/v2\/tags?post=1342"}],"curies":[{"name":"wp","href":"https:\/\/api.w.org\/{rel}","templated":true}]}}