{"id":1339,"date":"2013-12-16T09:02:00","date_gmt":"2013-12-16T08:02:00","guid":{"rendered":"https:\/\/lavoiedessansvoix.fr\/lavoie\/2013\/12\/16\/archive-la-laicite-est-elle-compatible-avec-l-intolerance\/"},"modified":"2013-12-16T09:02:00","modified_gmt":"2013-12-16T08:02:00","slug":"archive-la-laicite-est-elle-compatible-avec-l-intolerance","status":"publish","type":"post","link":"https:\/\/lavoiedessansvoix.fr\/lavoie\/2013\/12\/16\/archive-la-laicite-est-elle-compatible-avec-l-intolerance\/","title":{"rendered":"LA LA\u00cfCIT\u00c9 EST-ELLE COMPATIBLE AVEC L\u2019INTOL\u00c9RANCE ?"},"content":{"rendered":"<p>LA LA\u00cfCIT\u00c9 EST-ELLE COMPATIBLE AVEC L\u2019INTOL\u00c9RANCE ?   Ce ne saurait-\u00eatre un crime de se v\u00eatir selon ses traditions culturelles  \u00ab\u00a0La question de l&rsquo;int\u00e9gration va-t-elle \u00eatre une bombe pour la majorit\u00e9 ? \u00bb. S\u2019interroge Francetv info. \u00ab Possible. Un rapport, remis il y a un mois au Premier ministre et mis en ligne sur le site de Matignon vendredi 13 d\u00e9cembre, propose de refonder la politique d&rsquo;int\u00e9gration \u00e0 la fran\u00e7aise en l&rsquo;axant sur la lutte contre les discriminations, et notamment en autorisant le port du voile \u00e0 l&rsquo;\u00e9cole\u00a0\u00bb.  Bien entendu, la droite hurle au loup. \u00ab Pour l&rsquo;UMP, ce texte pr\u00e9conise \u00ab\u00a0d&rsquo;\u00e9riger le communautarisme en nouveau mod\u00e8le pour la France\u00a0\u00bb. Pour un peu,  Jean-Fran\u00e7ois Cop\u00e9, en perdrait la raison, \u00ab si le gouvernement mettait en \u0153uvre, \u00ab\u00a0ne serait-ce qu&rsquo;\u00e0 minima\u00a0\u00bb ce rapport. Un document \u00ab\u00a0dont l&rsquo;intention est de d\u00e9construire (\u2026) cette R\u00e9publique \u00bb. \u00ab Marine Le Pen, d\u00e9nonce une \u00ab\u00a0tr\u00e8s grave provocation\u00a0\u00bb. \u00ab L&rsquo;abandon d\u00e9finitif du mod\u00e8le r\u00e9publicain, la mise en place d&rsquo;une soci\u00e9t\u00e9 ultra-communautaris\u00e9e et divis\u00e9e \u00bb. \u00ab Une v\u00e9ritable d\u00e9claration de guerre aux Fran\u00e7ais qui, eux, r\u00e9clament l&rsquo;arr\u00eat de la politique d&rsquo;immigration massive et la r\u00e9affirmation de nos lois r\u00e9publicaines et de nos valeurs\u00a0\u00bb. \u00ab  Nicolas Dupont-Aignan,.. Voit dans ce rapport \u00ab\u00a0un danger public\u00a0\u00bb qui \u00ab\u00a0va casser la R\u00e9publique d\u00e9finitivement \u00bb.  Et, sur quel registre le gouvernement r\u00e9ponds-t-\u00e0 cette clameur publique ? Eh bien, le m\u00eame, bien entendu. Encore une fois, droite et Gauche, il n\u2019y a pas la moindre diff\u00e9rence. Toute deux sont les chantres du \u00ab l\u2019int\u00e9gration \u00bb et de l\u2019obsession s\u00e9curitaire. \u00ab Jean-Marc Ayrault a assur\u00e9 en d\u00e9but d&rsquo;apr\u00e8s-midi que le gouvernement ne veut \u00ab\u00a0\u00e9videmment pas\u00a0\u00bb r\u00e9introduire les signes religieux \u00e0 l&rsquo;\u00e9cole. Et il a tenu \u00e0 pr\u00e9ciser que \u00ab\u00a0ce n&rsquo;est pas parce que je re\u00e7ois des rapports que c&rsquo;est forc\u00e9ment la position du gouvernement\u00a0\u00bb. \u00ab\u00a0A sa descente d&rsquo;avion \u00e0 Cayenne, en Guyane, vendredi soir, Fran\u00e7ois Hollande l&rsquo;a confirm\u00e9 : \u00ab\u00a0Ce n&rsquo;est pas du tout la position du gouvernement\u00a0\u00bb.  Pour \u00ab La voie des sans voix \u00bb, la d\u00e9couverte de l\u2019existence de ce rapport est plut\u00f4t, \u00e0 une exception pr\u00e8s, un grand sujet de satisfaction, et oserions nous presque, de fiert\u00e9. Dans les p\u00e9riodes de pol\u00e9mique sur les signes religieux distinctifs et le port du voile \u00e0 l\u2019\u00e9cole, o\u00f9 nous nagions \u00e0 contre-courant, (\u2026\u2026\u2026\u2026\u2026\u2026\u2026\u2026) nous nous sentions quelque fois bien seuls. Aussi sommes-nous fort aise et rassur\u00e9s de constater que d\u2019autres ne sont pas loin de penser comme nous, et cerise sur le g\u00e2teau, de pouvoir l\u2019exprimer jusque dans les all\u00e9es du pouvoir.   Il y a peu de temps encore, r\u00e9pondant aux \u00ab \u00e9carts \u00bb  De Manuel Walls, sur la question des \u00ab Roms \u00bb, nous avons \u00e9crit : \u00ab Nous nous insurgeons contre cette mani\u00e8re de voir et de faire des \u00ab int\u00e9grateurs \u00bb, \u00ab inserseurs \u00bb et autres assimilateurs, de tous genres qui nous assomment de grandes d\u00e9clarations de principes sur le respect de la diff\u00e9rence, mais qui en v\u00e9rit\u00e9 la nie et la brime en toute circonstance, ne la supporte qu\u2019\u00e0 la condition expresse de l\u2019effacer \u00bb.     \u00ab  Le d\u00e9bat sur le port du voile et les lois liberticides qui s\u2019en sont suivies, contestant \u00e0 certains \u00ab leur diff\u00e9rence vestimentaire \u00bb, \u00e9tait un pr\u00e9c\u00e9dent dangereux dans cette voie de l\u2019intol\u00e9rance, au nom m\u00eame de la r\u00e9publique, une entorse honteuse aux principes r\u00e9publicains et une d\u00e9rive \u00ab dogmatique \u00bb du concept de la\u00efcit\u00e9. La justification en ce qui concerne le voile, dans un pays pourtant pionnier de la \u00ab libert\u00e9 de conscience \u00bb et de \u00ab la libert\u00e9 de culte \u00bb, fut qu\u2019il constituait un signe ext\u00e9rieur d\u2019appartenance religieuse et qu\u2019il \u00e9tait \u00ab d\u00e9gradant pour la femme \u00bb. La justification officielle, tout aussi contestable en ce qui concerne les brimades impos\u00e9es aux \u00ab Roms \u00bb, est l\u2019apparition de camps, v\u00e9ritables bidons-villes, \u00e0 la p\u00e9riph\u00e9rie de nos cit\u00e9s, les conditions de vie \u00ab indignes \u00bb qui y r\u00e8gnent, et la petite d\u00e9linquance qui s\u00e9vit \u00e0 leur proximit\u00e9. Pour v\u00e9ritables que soient ces observations, dans un cas comme dans l\u2019autre, elles n\u2019en sont pas moins des pr\u00e9textes pour s\u2019\u00e9manciper des principes et devoirs de la R\u00e9publique. Le principe r\u00e9publicain disons nous, sans crainte de nous tromper, c\u2019est d\u2019accueillir et de faire une place, aux populations Roms ou autres migrants ou minorit\u00e9s, dans le respect de leurs diff\u00e9rences \u00bb. (\u00ab Roms, le malentendu de l\u2019int\u00e9gration \u00bb. 26 septembre 2013.)  Alors oui, nous sommes pleinement satisfaits de l\u2019esprit de ce rapport qui en fait bondir tant d\u2019autres, et lui accordons notre total soutien. Total ? Enfin, pas tout \u00e0 fait. Nous l\u2019avons \u00e9crit tout au d\u00e9but, il convient de faire une exception. C\u2019est un paradoxe et \u00e0 la fois une concession \u00e0 l\u2019esprit du temps, que ce rapport qui en appelle \u00e0 l\u2019intelligence \u00e0 la tol\u00e9rance, \u00e0 l\u2019ouverture d\u2019esprit, sombre lui-m\u00eame tout \u00e0 coup dans la b\u00eatise obscurantiste quand il propose de graver ces dispositions morales dans le marbre des tables de la loi, avec suspendue sur les t\u00eates des \u00ab contrevenants \u00bb l\u2019\u00e9p\u00e9e de Damocl\u00e8s de \u00ab la justice \u00bb. \u00ab Cr\u00e9er un d\u00e9lit de \u00ab\u00a0harc\u00e8lement racial\u00a0\u00bb. Les auteurs souhaitent la mise en place de recommandations en direction des m\u00e9dias pour \u00ab\u00a0ne mentionner la nationalit\u00e9, l&rsquo;origine, l&rsquo;appartenance ethnique, la couleur de peau, la religion ou la culture que si cette information est pertinente \u00bb. \u00ab Pour emp\u00eacher les d\u00e9signations jug\u00e9es stigmatisantes par les auteurs du rapport, il est aussi sugg\u00e9r\u00e9 de cr\u00e9er un d\u00e9lit de \u00ab\u00a0harc\u00e8lement racial\u00a0\u00bb et d'\u00a0\u00bb\u00e9tudier le recours \u00e0 la sanction\u00a0\u00bb. La judiciarisation de nos soci\u00e9t\u00e9s constitue  une d\u00e9rive liberticide inqui\u00e9tante contre laquelle nous nous inscrivons en faux. Une telle proposition contraire \u00e0 l\u2019esprit des attendus du rapport, n\u2019a pas sa place ici.   La la\u00efcit\u00e9 de l\u2019\u00e9cole et des institutions de la r\u00e9publique, principe auquel nous n\u2019avions pas le sentiment d\u2019\u00eatre moins attach\u00e9 que d\u2019autres, ne nous paraissait pas devoir \u00eatre exclusif des droits des minorit\u00e9s ni de la libert\u00e9 des cultes. L\u2019accueil amical et fraternel des \u00ab immigrations \u00bb dans le sein de la r\u00e9publique ne nous paraissait pas compatible avec l\u2019injonction faites \u00e0 certains, pour pouvoir int\u00e9grer notre communaut\u00e9 nationale, de parler notre langue ou d\u2019adopter nos modes vestimentaires. Ceux qui d\u00e9fendaient et d\u00e9fendent encore cela \u00e0 grand bruit, au nom d\u2019une interpr\u00e9tation r\u00e9ductrice du principe de la\u00efcit\u00e9, la bouche pleine pourtant de d\u00e9clarations d\u2019amour pour les principes r\u00e9publicains, ne violent-ils pas en r\u00e9alit\u00e9, \u00e0 cette raison, d\u2019autres principes tout aussi constitutifs de notre r\u00e9publique, que sont les droits d\u2019existence et d\u2019expressions des minorit\u00e9s, politiques, philosophiques, ethniques, religieuses ou autres, la libert\u00e9 d\u2019expression en g\u00e9n\u00e9ral et celle des cultes en particulier ? . En une formule simple :Ce ne peut-\u00eatre une bonne interpr\u00e9tation du principe de \u00ab la\u00efcit\u00e9 \u00bb, celle qui contraint, pour son application, \u00e0 la n\u00e9gation d\u2019autres principes et valeurs r\u00e9publicaine tout aussi incontournables.   Lundi 16 d\u00e9cembre 2013.<\/p>\n","protected":false},"excerpt":{"rendered":"<p>LA LA\u00cfCIT\u00c9 EST-ELLE COMPATIBLE AVEC L\u2019INTOL\u00c9RANCE ? Ce ne saurait-\u00eatre un crime de se v\u00eatir selon ses traditions culturelles \u00ab\u00a0La [&hellip;]<\/p>\n","protected":false},"author":1,"featured_media":0,"comment_status":"open","ping_status":"open","sticky":false,"template":"","format":"standard","meta":{"sfsi_plus_gutenberg_text_before_share":"","sfsi_plus_gutenberg_show_text_before_share":"","sfsi_plus_gutenberg_icon_type":"","sfsi_plus_gutenberg_icon_alignemt":"","sfsi_plus_gutenburg_max_per_row":"","site-sidebar-layout":"default","site-content-layout":"","ast-site-content-layout":"default","site-content-style":"default","site-sidebar-style":"default","ast-global-header-display":"","ast-banner-title-visibility":"","ast-main-header-display":"","ast-hfb-above-header-display":"","ast-hfb-below-header-display":"","ast-hfb-mobile-header-display":"","site-post-title":"","ast-breadcrumbs-content":"","ast-featured-img":"","footer-sml-layout":"","ast-disable-related-posts":"","theme-transparent-header-meta":"","adv-header-id-meta":"","stick-header-meta":"","header-above-stick-meta":"","header-main-stick-meta":"","header-below-stick-meta":"","astra-migrate-meta-layouts":"default","ast-page-background-enabled":"default","ast-page-background-meta":{"desktop":{"background-color":"var(--ast-global-color-4)","background-image":"","background-repeat":"repeat","background-position":"center center","background-size":"auto","background-attachment":"scroll","background-type":"","background-media":"","overlay-type":"","overlay-color":"","overlay-opacity":"","overlay-gradient":""},"tablet":{"background-color":"","background-image":"","background-repeat":"repeat","background-position":"center center","background-size":"auto","background-attachment":"scroll","background-type":"","background-media":"","overlay-type":"","overlay-color":"","overlay-opacity":"","overlay-gradient":""},"mobile":{"background-color":"","background-image":"","background-repeat":"repeat","background-position":"center center","background-size":"auto","background-attachment":"scroll","background-type":"","background-media":"","overlay-type":"","overlay-color":"","overlay-opacity":"","overlay-gradient":""}},"ast-content-background-meta":{"desktop":{"background-color":"var(--ast-global-color-5)","background-image":"","background-repeat":"repeat","background-position":"center center","background-size":"auto","background-attachment":"scroll","background-type":"","background-media":"","overlay-type":"","overlay-color":"","overlay-opacity":"","overlay-gradient":""},"tablet":{"background-color":"var(--ast-global-color-5)","background-image":"","background-repeat":"repeat","background-position":"center center","background-size":"auto","background-attachment":"scroll","background-type":"","background-media":"","overlay-type":"","overlay-color":"","overlay-opacity":"","overlay-gradient":""},"mobile":{"background-color":"var(--ast-global-color-5)","background-image":"","background-repeat":"repeat","background-position":"center center","background-size":"auto","background-attachment":"scroll","background-type":"","background-media":"","overlay-type":"","overlay-color":"","overlay-opacity":"","overlay-gradient":""}},"footnotes":""},"categories":[16],"tags":[],"class_list":["post-1339","post","type-post","status-publish","format-standard","hentry","category-archives-cms"],"_links":{"self":[{"href":"https:\/\/lavoiedessansvoix.fr\/lavoie\/wp-json\/wp\/v2\/posts\/1339","targetHints":{"allow":["GET"]}}],"collection":[{"href":"https:\/\/lavoiedessansvoix.fr\/lavoie\/wp-json\/wp\/v2\/posts"}],"about":[{"href":"https:\/\/lavoiedessansvoix.fr\/lavoie\/wp-json\/wp\/v2\/types\/post"}],"author":[{"embeddable":true,"href":"https:\/\/lavoiedessansvoix.fr\/lavoie\/wp-json\/wp\/v2\/users\/1"}],"replies":[{"embeddable":true,"href":"https:\/\/lavoiedessansvoix.fr\/lavoie\/wp-json\/wp\/v2\/comments?post=1339"}],"version-history":[{"count":0,"href":"https:\/\/lavoiedessansvoix.fr\/lavoie\/wp-json\/wp\/v2\/posts\/1339\/revisions"}],"wp:attachment":[{"href":"https:\/\/lavoiedessansvoix.fr\/lavoie\/wp-json\/wp\/v2\/media?parent=1339"}],"wp:term":[{"taxonomy":"category","embeddable":true,"href":"https:\/\/lavoiedessansvoix.fr\/lavoie\/wp-json\/wp\/v2\/categories?post=1339"},{"taxonomy":"post_tag","embeddable":true,"href":"https:\/\/lavoiedessansvoix.fr\/lavoie\/wp-json\/wp\/v2\/tags?post=1339"}],"curies":[{"name":"wp","href":"https:\/\/api.w.org\/{rel}","templated":true}]}}