{"id":1337,"date":"2013-12-18T17:00:00","date_gmt":"2013-12-18T16:00:00","guid":{"rendered":"https:\/\/lavoiedessansvoix.fr\/lavoie\/2013\/12\/18\/archive-deux-syndicalistes-felons\/"},"modified":"2013-12-18T17:00:00","modified_gmt":"2013-12-18T16:00:00","slug":"archive-deux-syndicalistes-felons","status":"publish","type":"post","link":"https:\/\/lavoiedessansvoix.fr\/lavoie\/2013\/12\/18\/archive-deux-syndicalistes-felons\/","title":{"rendered":"DEUX SYNDICALISTES F\u00c9LONS"},"content":{"rendered":"<p>\u00c9DOUARD MARTIN \u00ab\u00a0FAIT UN MALHEUR\u00a0\u00bbDEUX SYNDICALISTES F\u00c9LONS   Nous venons d\u2019apprendre avec d\u00e9pit l\u2019engagement d&rsquo;\u00c9douard Martin, le syndicaliste  \u00ab vedette \u00bb de Florange comme t\u00eate de liste du PS, aux \u00e9lections europ\u00e9ennes, dans la circonscription du grand-Est. Il n\u2019est pas le seul. A l\u2019instar du c\u00e9d\u00e9tiste, Didier Lereste, retrait\u00e9, ancien secr\u00e9taire de la f\u00e9d\u00e9ration CGT des cheminots, \u00e0 suivit la m\u00eame pente du reniement et de la trahison en figurant aux \u00e9lections municipales, \u00e0 Paris, sur la liste d\u2019Anne Hidalgo.  S\u2019engager en politique dans les rangs du PS, en se justifiant par la formule \u00e9cul\u00e9e \u00ab poursuivre le m\u00eame combat par d\u2019autres moyens \u00bb rel\u00e8ve du mensonge et de la f\u00e9lonie \u00e0 l\u2019\u00e9gard de ses compagnons de lutte et au-del\u00e0, de tous les travailleurs qui avaient \u00e9t\u00e9 touch\u00e9s par ses paroles et son engagement dans la lutte. Oui, une trahison ! Car chacun le sait bien, il y a une incompatibilit\u00e9 totale entre les int\u00e9r\u00eats des salari\u00e9s qui d\u00e9fendent leurs emplois, leurs salaires, le maintien d\u2019un secteur industriel en France, et le PS parti de gouvernement, fond\u00e9 de pouvoir de la Banque et de la haute finance, qui d\u00e9fends la mondialisation, les d\u00e9localisations, la comp\u00e9titivit\u00e9 des entreprises c\u2019est \u00e0 dire le d\u00e9membrement de ce qui reste du secteur industriel fran\u00e7ais et la chute des salaires.  Alors oui, cela nous attriste et nous met en col\u00e8re. Notre pens\u00e9e va en tout premier lieu \u00e0 ces hommes, ses compagnons de combat, qui ainsi ont \u00e9t\u00e9 flou\u00e9s trois fois. La premi\u00e8re par leur patron, Mr Mittal, la deuxi\u00e8me par le PS et le pr\u00e9sident de la r\u00e9publique, Mr Hollande, et la troisi\u00e8me par \u00c9douard Martin, leur alter ego, leur camarade. La premi\u00e8re trahison leur a fait perdre leurs emplois. La deuxi\u00e8me leur a fait perdre leurs espoirs ; La troisi\u00e8me et c\u2019est la pire, est de nature \u00e0 leur faire perdre leurs derniers rep\u00e8res, ceux que forgent la fraternit\u00e9 des combats.  Bon, dans le nombre, il est vrai, certains vous dirons, les journalistes vont les d\u00e9busquer, qu\u2019apr\u00e8s tout Edouard a raison, s\u2019il pense sinc\u00e8rement pouvoir poursuivre ainsi son combat. Mais cela ne prouvera rien, ou alors une chose, que ceux-l\u00e0 ont eux-m\u00eames perdus leurs rep\u00e8res. On voudra nous convaincre que tout cela n\u2019est pas si grave, que les avis sont partag\u00e9s, que la trahison \u00e0 laquelle crient certains n\u2019est pas patente. Mais nous savons nous, qu\u2019au plus profond des \u00eatres, dans les soubassements cach\u00e9s de l\u2019\u00e2me meurtrie, le sentiment dominant sera celui de la trahison et du d\u00e9go\u00fbt, \u00ab d\u00e9cidemment on ne peut faire confiance \u00e0 personne \u00bb.  L\u2019alternance politique, qui \u00e9tait inscrite en filigranes dans la constitution de 1958, \u00e0 laquelle nous avons acc\u00e9der en France, pour la premi\u00e8re fois en 1981, appelait la \u00ab bipolarisation de la vie politique (droite\/gauche) qui d\u00e9bouche sur le \u00ab bipartisme \u00bb (PS\/UMP). Cette \u00e9volution a pour cons\u00e9quence, au plan politique de marginaliser tous les autres partis, mais surtout, d\u2019occulter les oppositions de \u00ab classes \u00bb en leur substituant \u00ab deux camps \u00bb, dans l\u2019un ou l\u2019autre desquels chaque citoyen est somm\u00e9 de s\u2019identifier. C\u2019est l\u00e0, la cause premi\u00e8re de la perte de rep\u00e8res \u00e0 laquelle nous avons assist\u00e9 depuis 30 ans.  Le nouveau Parti Socialiste, n\u00e9 en 1970 \u00e0 Epinay, des d\u00e9combres de la SFIO, a \u00e9t\u00e9 l\u2019instrument, de ces transformations dans les mains de Fran\u00e7ois Mitterrand. Le parti communiste, mais ne l\u2019avait-il pas bien cherch\u00e9, lui qui fut l\u2019artisan de \u00ab l\u2019Union de la gauche \u00bb, fut d\u00e9cr\u00e9dibilis\u00e9, marginalis\u00e9. Les travailleurs, salari\u00e9s, et m\u00eame dans leur sillage les intellectuels et classes moyennes qui s\u2019identifiaient, nombreux, jusque-l\u00e0 \u00e0 \u00ab la classe ouvri\u00e8re \u00bb et \u00e0 son combat, chang\u00e8rent en quelques sorte d\u2019identit\u00e9 politique. Ils devinrent \u00ab de gauche \u00bb, tout simplement. Non plus une classe sociale avec des crit\u00e8res bien d\u00e9finis et des int\u00e9r\u00eats bien identifi\u00e9s, mais un conglom\u00e9rat mal d\u00e9limit\u00e9, un ventre mou donnant asile \u00e0 des int\u00e9r\u00eats incompatibles.  C\u2019est cette perte de rep\u00e8res, dans le m\u00eame temps o\u00f9 commen\u00e7ait la d\u00e9sindustrialisation du pays o\u00f9 les chiffres du ch\u00f4mage de masse s\u2019envolaient passant d\u2019un \u00e0 plus de deux millions, ou apparaissaient les ph\u00e9nom\u00e8nes des petits boulots et de la nouvelle pauvret\u00e9, qui explique la d\u00e9rive d\u2019une partie de l\u2019\u00e9lectorat communiste et ouvrier vers le Front National.  Les ann\u00e9es passant, et m\u00eame les lustres, de cohabitations en alternances, de d\u00e9nationalisation de gauche en privatisations de droites, de blocage des salaires en aust\u00e9rit\u00e9, de r\u00e9forme des retraites en comp\u00e9titivit\u00e9 des entreprises, les travailleurs et salari\u00e9s de ce pays ne trouv\u00e8rent que des raisons suppl\u00e9mentaires \u00e0 leur d\u00e9fiance et de nouveaux motifs  \u00e0 leur d\u00e9sarroi . \u00ab Blancs bonnets et bonnets blancs \u00bb, \u00ab droite et gauche tous les m\u00eames \u00bb, \u00ab tous pourris \u00bb, \u00ab UMPS \u00bb, etc., ils se r\u00e9fugi\u00e8rent chaque fois plus, tant\u00f4t dans l\u2019abstention, tant\u00f4t dans le vote sanction.   Ceux qui contribuent \u00e0 fermer  les tenailles de l\u2019alternance, \u00e0 refermer le pi\u00e8ge institutionnel sur la soci\u00e9t\u00e9 civile en rejetant \u00e0 la marge tout ce qui ne s\u2019assimile pas, ont tous une part de responsabilit\u00e9 dans la d\u00e9sesp\u00e9rance sociale qui grandit et dans les fractures qui s\u2019annoncent. Le Parti Socialiste, bien s\u00fbr \u00e0 la sienne, la plus grande, puisqu\u2019il est le cerveau et l\u2019artisan de cette politique. Mais le Parti communiste et le front de gauche, il en va de m\u00eame de l\u2019extr\u00eame gauche (LO, NPA), ne sauraient s\u2019exon\u00e9rer, eux qui n\u2019ont pas voulu, pas su, ou pas pu, jusqu\u2019ici s\u2019identifier clairement comme une opposition de gauche au \u00ab gouvernement de gauche \u00bb, en appeler sans d\u00e9tours et sans compromissions \u00e0 la mobilisation contre la politique antisociale de celui-ci.   Alors, dans le contexte d\u00e9l\u00e9t\u00e8re qui en r\u00e9sulte, il ne faut pas trop s\u2019\u00e9tonner des impasses o\u00f9 s\u2019engagent certains et des d\u00e9rives personnelles de quelques autres. Les institutions, la nature de la vie politique qui en r\u00e9sulte, contribuent \u00e0 pervertir la r\u00e9alit\u00e9, les partis, les syndicats, la presse les m\u00e9dias, les corps constitu\u00e9s et bien s\u00fbr les individus  Il ne faut pas le nier, en recrutant \u00c9douard Martin et Didier Lereste, deux syndicalistes en vue, le PS vient de faire \u00ab deux bons coups \u00bb dont il a tout lieu de se r\u00e9jouir. Mais, \u00e0 n\u2019en pas douter, Marine Le Pen peut y puiser plus de raisons encore d\u2019\u00eatre satisfaite. Certes, le PS peut esp\u00e9rer de la sorte se donner \u00e0 peu de frais une image plus ouvri\u00e8re, plus radicale et plus combative. Mais il y a \u00e0 cela un revers de la m\u00e9daille. En rejoignant les rangs des adversaires socialistes de la classe ouvri\u00e8re et des salari\u00e9s, Edouard Martin et Didier Lereste, apportent leur pierre au d\u00e9sarroi et \u00e0 la d\u00e9sesp\u00e9rance sociale grandissante. Tous pourris ! Ce syst\u00e8me pervertit tout penseront les \u00e9lecteurs populaires.   Le ralliement des deux syndicalistes aux listes PS pour les \u00e9lections europ\u00e9ennes ou les municipales fera peut-\u00eatre gagner quelques voix \u00e0 celui-ci sur les circonscriptions o\u00f9 les arrondissements o\u00f9 ils se pr\u00e9sentent, il lui en fera perdre bien d\u2019avantage sur la totalit\u00e9 du territoire. Il ne peut en effet que faire croitre le d\u00e9pit politique sur lequel surfe le Front National.  Mercredi 18 d\u00e9cembre 2013. (titre modifi\u00e9 le 19\/12\/2O13, 9 heures 12)<\/p>\n","protected":false},"excerpt":{"rendered":"<p>\u00c9DOUARD MARTIN \u00ab\u00a0FAIT UN MALHEUR\u00a0\u00bbDEUX SYNDICALISTES F\u00c9LONS Nous venons d\u2019apprendre avec d\u00e9pit l\u2019engagement d&rsquo;\u00c9douard Martin, le syndicaliste \u00ab vedette \u00bb [&hellip;]<\/p>\n","protected":false},"author":1,"featured_media":0,"comment_status":"open","ping_status":"open","sticky":false,"template":"","format":"standard","meta":{"sfsi_plus_gutenberg_text_before_share":"","sfsi_plus_gutenberg_show_text_before_share":"","sfsi_plus_gutenberg_icon_type":"","sfsi_plus_gutenberg_icon_alignemt":"","sfsi_plus_gutenburg_max_per_row":"","site-sidebar-layout":"default","site-content-layout":"","ast-site-content-layout":"default","site-content-style":"default","site-sidebar-style":"default","ast-global-header-display":"","ast-banner-title-visibility":"","ast-main-header-display":"","ast-hfb-above-header-display":"","ast-hfb-below-header-display":"","ast-hfb-mobile-header-display":"","site-post-title":"","ast-breadcrumbs-content":"","ast-featured-img":"","footer-sml-layout":"","ast-disable-related-posts":"","theme-transparent-header-meta":"","adv-header-id-meta":"","stick-header-meta":"","header-above-stick-meta":"","header-main-stick-meta":"","header-below-stick-meta":"","astra-migrate-meta-layouts":"default","ast-page-background-enabled":"default","ast-page-background-meta":{"desktop":{"background-color":"var(--ast-global-color-4)","background-image":"","background-repeat":"repeat","background-position":"center center","background-size":"auto","background-attachment":"scroll","background-type":"","background-media":"","overlay-type":"","overlay-color":"","overlay-opacity":"","overlay-gradient":""},"tablet":{"background-color":"","background-image":"","background-repeat":"repeat","background-position":"center center","background-size":"auto","background-attachment":"scroll","background-type":"","background-media":"","overlay-type":"","overlay-color":"","overlay-opacity":"","overlay-gradient":""},"mobile":{"background-color":"","background-image":"","background-repeat":"repeat","background-position":"center center","background-size":"auto","background-attachment":"scroll","background-type":"","background-media":"","overlay-type":"","overlay-color":"","overlay-opacity":"","overlay-gradient":""}},"ast-content-background-meta":{"desktop":{"background-color":"var(--ast-global-color-5)","background-image":"","background-repeat":"repeat","background-position":"center center","background-size":"auto","background-attachment":"scroll","background-type":"","background-media":"","overlay-type":"","overlay-color":"","overlay-opacity":"","overlay-gradient":""},"tablet":{"background-color":"var(--ast-global-color-5)","background-image":"","background-repeat":"repeat","background-position":"center center","background-size":"auto","background-attachment":"scroll","background-type":"","background-media":"","overlay-type":"","overlay-color":"","overlay-opacity":"","overlay-gradient":""},"mobile":{"background-color":"var(--ast-global-color-5)","background-image":"","background-repeat":"repeat","background-position":"center center","background-size":"auto","background-attachment":"scroll","background-type":"","background-media":"","overlay-type":"","overlay-color":"","overlay-opacity":"","overlay-gradient":""}},"footnotes":""},"categories":[16],"tags":[],"class_list":["post-1337","post","type-post","status-publish","format-standard","hentry","category-archives-cms"],"_links":{"self":[{"href":"https:\/\/lavoiedessansvoix.fr\/lavoie\/wp-json\/wp\/v2\/posts\/1337","targetHints":{"allow":["GET"]}}],"collection":[{"href":"https:\/\/lavoiedessansvoix.fr\/lavoie\/wp-json\/wp\/v2\/posts"}],"about":[{"href":"https:\/\/lavoiedessansvoix.fr\/lavoie\/wp-json\/wp\/v2\/types\/post"}],"author":[{"embeddable":true,"href":"https:\/\/lavoiedessansvoix.fr\/lavoie\/wp-json\/wp\/v2\/users\/1"}],"replies":[{"embeddable":true,"href":"https:\/\/lavoiedessansvoix.fr\/lavoie\/wp-json\/wp\/v2\/comments?post=1337"}],"version-history":[{"count":0,"href":"https:\/\/lavoiedessansvoix.fr\/lavoie\/wp-json\/wp\/v2\/posts\/1337\/revisions"}],"wp:attachment":[{"href":"https:\/\/lavoiedessansvoix.fr\/lavoie\/wp-json\/wp\/v2\/media?parent=1337"}],"wp:term":[{"taxonomy":"category","embeddable":true,"href":"https:\/\/lavoiedessansvoix.fr\/lavoie\/wp-json\/wp\/v2\/categories?post=1337"},{"taxonomy":"post_tag","embeddable":true,"href":"https:\/\/lavoiedessansvoix.fr\/lavoie\/wp-json\/wp\/v2\/tags?post=1337"}],"curies":[{"name":"wp","href":"https:\/\/api.w.org\/{rel}","templated":true}]}}