{"id":1336,"date":"2013-12-20T16:59:00","date_gmt":"2013-12-20T15:59:00","guid":{"rendered":"https:\/\/lavoiedessansvoix.fr\/lavoie\/2013\/12\/20\/archive-les-fossoyeurs\/"},"modified":"2013-12-20T16:59:00","modified_gmt":"2013-12-20T15:59:00","slug":"archive-les-fossoyeurs","status":"publish","type":"post","link":"https:\/\/lavoiedessansvoix.fr\/lavoie\/2013\/12\/20\/archive-les-fossoyeurs\/","title":{"rendered":"LES FOSSOYEURS"},"content":{"rendered":"<p>LES FOSSOYEURS   Faisant mon march\u00e9, comme le commun des mortels, je me suis laiss\u00e9 glisser dans la main un tract du Parti communiste fran\u00e7ais : \u00ab Une proposition d\u2019avenir, la retraite \u00e0 60 ans : oui c\u2019est possible \u00bb. De la propagande, des mots, rien que des mots. Quand on veut s\u00e9rieusement les choses que l\u2019on dit, l\u2019on joint le geste \u00e0 la parole. Que valent les professions de foi qui ne se traduisent pas dans les actes ? La retraite \u00e0 60 ans, une proposition d\u2019avenir ? Mais n\u2019\u00e9tait-ce pas la r\u00e9alit\u00e9 d\u2019un pass\u00e9 fort r\u00e9cent ? Pourquoi la promettre dans un avenir ind\u00e9termin\u00e9 quand on ne s\u2019engage pas \u00e0 la hauteur des enjeux pour la d\u00e9fense de ce qui \u00e9tait \u00ab un acquis \u00bb ? Dit comme cela : \u00ab\u00a0une proposition d\u2019avenir\u00a0\u00bb, cette revendication du PCF ressemble \u00e0 une parole de cur\u00e9. Ceux-l\u00e0 ne nous promettent-ils pas la f\u00e9licit\u00e9 en Paradis. \u00ab L\u2019avenir \u00bb du PCF ressemble en l\u2019occurrence au Paradis des croyants. S\u2019il en \u00e9tait autrement \u00e7a ce saurai, \u00e7a ce verrai dans les actes, \u00e7a ce connaitrait dans les luttes.  Bien que les rapports entre la CGT et le PCF se soient profond\u00e9ment modifi\u00e9s depuis quelques ann\u00e9es, une large majorit\u00e9 des cadres de la CGT sont aujourd\u2019hui encore des militants et des cadres du PCF. S\u2019ils le voulaient vraiment, si leur profession de foi concernant la retraite \u00e0 6O ans, qui s\u2019exprime dans leur tract, \u00e9tait autre chose que des paroles de cur\u00e9s, n\u2019auraient-ils pas pu \u00ab secouer le cocotier \u00bb ?  Un deuxi\u00e8me volet de la r\u00e9forme des retraites, prolongement de celle de Sarkozy\/Woerth, est en passe d\u2019\u00eatre adopt\u00e9e et appliqu\u00e9e. Qu\u2019elle a \u00e9t\u00e9 la mobilisation syndicale pour la stopper ? \u00ab La gauche \u00bbcomme ils disent, est au pouvoir, si mobilisation il y avait-eu, n\u2019aurait-elle pas \u00e9t\u00e9 plus r\u00e9ceptive \u00e0 la protestation populaire que ne fut la droite sarkoziste ? Alors, que risquaient-ils \u00e0 la tenter si telle \u00e9tait vraiment leur conviction ? Pas possible ? Les gens n\u2019y croient plus ? On disait cela d\u00e9j\u00e0 \u00e0 l\u2019\u00e9poque, pourtant en septembre octobre 2010, il y eut tout de m\u00eame une puissante mobilisation avec des gr\u00e8ves et surtout des manifestations de masse, qui dur\u00e8rent plusieurs semaines, et qui serait sans nul doute venu \u00e0 bout des rodomontades de Sarkozy si les dirigeants syndicaux l\u2019avaient vraiment voulu, s\u2019ils avaient appel\u00e9, \u00e0 la \u00ab gr\u00e8ve nationale \u00bb comme la base et certaines structures syndicales le souhaitaient. Mais cette fois rien ! Pas la moindre mobilisation v\u00e9ritable. La \u00ab gauche est au pouvoir \u00bb, et les dirigeants syndicalistes qui s\u2019identifient \u00e0 la \u00ab gauche \u00bb, ne veulent pas g\u00eaner \u00ab la gauche \u00bb, ils ne veulent pas \u00eatre cause de \u00ab l\u2019\u00e9chec de la gauche \u00bb. Mais l\u2019\u00e9chec de quoi \u00ab ventre bleu \u00bb? L\u2019\u00e9chec de la politique de Sarkozy faite par Hollande. Qui aurait jamais pu imaginer que la b\u00eatise humaine puisse atteindre de telles extr\u00e9mit\u00e9s ?  \u00c9douard Martin, le syndicaliste c\u00e9d\u00e9tiste de Florange qui promettait un \u00ab malheur \u00bb \u00e0 Fran\u00e7ois Hollande, l\u2019homme dont le verbe enfl\u00e9 \u00e9tait plus gros que sa t\u00eate, viens de se vendre au m\u00eame Fran\u00e7ois pour une paye de d\u00e9put\u00e9 europ\u00e9en. Didier Lereste, retrait\u00e9 SNCF, \u00e9tait le secr\u00e9taire de la f\u00e9d\u00e9ration CGT des cheminots en 2010 durant la mobilisation contre la r\u00e9forme des retraite Sarkozy\/Woerth .Comment s\u2019\u00e9tonner apr\u00e8s coup de son ind\u00e9cision d\u2019alors, quand on le voit \u00e0 pr\u00e9sent rejoindre les rangs des ennemis socialistes av\u00e9r\u00e9s des travailleurs et des salari\u00e9s.  Nous avons \u00e9voqu\u00e9 dans un article pr\u00e9c\u00e9dent (\u00ab \u00c9douard Martin fait \u00ab un malheur \u00bb) la perversit\u00e9 du syst\u00e8me institutionnel de l\u2019alternance et du bipartisme, qui r\u00e9duit la vie politique \u00e0 sa plus simple expression, un genre de jeu de scouts, les bleus contre les roses, la gauche contre la droite, et qui contribue \u00e0 la perte des rep\u00e8res et facilite  l\u2019\u00e9garement. Mais cet aspect des choses n\u2019est que l\u2019une des manifestations r\u00e9currentes d\u2019une question plus vaste, celle de l\u2019int\u00e9gration syndicale Nous nous \u00e9tions appesanti sur celle-ci dans notre ouvrage, \u00ab Social bonapartisme et classe ouvri\u00e8re \u00bb, dont le texte est visible sur ce Site. Dans notre article du 13 novembre, \u00ab discussion avec Jean-Claude Mailly \u00bb, nous montrions comment l\u2019identification \u00e0 \u00ab la gauche \u00bb influait sur le positionnement syndicaliste \u00e0 l\u2019\u00e9gard du mouvement antifiscal. Depuis, ce dernier parait s\u2019essouffler un peu. D\u00e9non\u00e7ant en quelque sorte \u00ab un m\u00e9lange des genres \u00bb Jean-Claude Mailly disait alors, \u00ab\u00a0le r\u00f4le d&rsquo;un syndicat, c&rsquo;est bien de d\u00e9fendre les int\u00e9r\u00eats des salari\u00e9s\u00a0\u00bb, et non d&rsquo;\u00eatre dans une logique \u00ab\u00a0toutes classes sociales confondues\u00a0\u00bb. Mais il ne s\u2019agissait l\u00e0 en v\u00e9rit\u00e9 que d\u2019un pr\u00e9texte inappropri\u00e9 pour ne pas se joindre au mouvement, et de la sorte venir en aide au gouvernement. Il est probable d\u00e8s lors que le gouvernement sorte de l\u2019\u00e9preuve, ab\u00eem\u00e9 certes mais gagnant. Tant pis pour les classes populaires et en tout premier lieu les salari\u00e9s, qu\u2019invoquait pourtant le secr\u00e9taire de CGT-FO, ils n\u2019auront qu\u2019\u00e0 subir de plein fouet les effets de la pression fiscale qui aurait pu \u00eatre \u00e9vit\u00e9 si le mouvement syndical c\u2019\u00e9tait joint au front antifiscal plut\u00f4t que de le scinder. \u00ab En tant que syndicat, &#8211; disait Jean-Claude Mailly,- nous nous repr\u00e9sentons les salari\u00e9s, l&rsquo;int\u00e9r\u00eat des salari\u00e9s. Nous, on est sur les questions de salaires, d&#8217;emploi, on n&rsquo;est pas sur autre chose.\u00a0\u00bb (Pas autre chose, le faisait-il expr\u00e8s, il \u00e9vitait de mentionner les retraites) Mais la r\u00e9alit\u00e9, au bout du compte c\u2019est qu\u2019ils ne d\u00e9fendent rien de rien, ni \u00e0 propos de la fiscalit\u00e9 bien s\u00fbr, mais pas d\u2019avantage les salaires non plus, ni les retraites. Ils laissent aller vau-l\u2019eau, ils accompagnent le mouvement de \u00ab la gauche gouvernementale \u00bb, leur r\u00f4le c\u2019est d\u2019\u00e9viter les vagues, c\u2019est d\u2019emp\u00eacher les salari\u00e9s de crier \u00ab aye ! \u00bb quand \u00e7a leur fait mal.  Nous avons de multiples fois ici, dans maints articles, dont plusieurs \u00e0 l\u2019adresse du \u00ab Front de Gauche \u00bb ou de Jean-Luc M\u00e9lenchon, tent\u00e9 d\u2019alerter, tirer la sonnette d\u2019alarme, \u00ab  Il faut avons-nous dit une v\u00e9ritable opposition de gauche au gouvernement de gauche \u00bb, \u00e0 d\u00e9faut c\u2019est le FN \u00ab qui tirera les marrons du feu \u00bb. Bon, alors, nous savons, et nous lui en savons gr\u00e9,  que dans la perspective des municipales, Jean-Luc M\u00e9lenchon souhaitait des listes ind\u00e9pendantes du PS, et que le PCF ne le veut pas, obnubil\u00e9  qu\u2019il est par le \u00ab sauvetage de ce qui lui reste de mobilier \u00e9lectoral \u00bb. \u00c7a c\u2019est la soupe interne au \u00ab Front de Gauche \u00bb. Le r\u00e9sultat apparent, c\u2019est que le \u00ab Front de Gauche \u00bb reste partie prenante, pi\u00e9g\u00e9 par cette gauche de gouvernement dont il va partager la d\u00e9route. La cons\u00e9quence c\u2019est que \u00ab Le Front de Gauche \u00bb aura \u00e9t\u00e9 incapable d\u2019incarner cette opposition de gauche v\u00e9ritable et sans concessions qui aurait pu rallumer \u00e0 gauche de la gauche l\u2019esp\u00e9rance populaire et enrayer la d\u00e9rive \u00ab frontiste \u00bb de l\u2019\u00e9lectorat.  Il fallait une opposition de gauche au gouvernement de gauche. Il n\u2019y en a pas, il faut se r\u00e9soudre \u00e0 cette id\u00e9e, il n\u2019y en aura pas. Cela est d\u00e9j\u00e0 en soi remarquable. Mais cela ne va pas seul. C\u2019est pire. Il n\u2019y a pas d\u2019opposition politique de gauche, mais pas non plus de contestation syndicale. Mais il y a des apparentements inappropri\u00e9s, des collusions choquantes, des collaborations ind\u00e9centes, de la f\u00e9lonie, de la tromperie, de l\u2019arrivisme.   Quand le FN jettera la terre par-dessus, ils diront qu\u2019ils n\u2019ont pas voulu \u00e7a, qu\u2019ils n\u2019y sont pour rien, qu\u2019ils d\u00e9clinent toutes responsabilit\u00e9s. Ils botteront en touche : \u00ab nous avons toujours lutt\u00e9 contre \u00bb. Or, c\u2019est diantre vrai, avec des mots, avec des impr\u00e9cations, avec des rodomontades, ils ont lutt\u00e9 contre. Mais avec leurs actes, avec leurs positionnements v\u00e9ritables, ils auront contribu\u00e9 \u00e0 la d\u00e9moralisation des classes populaires et \u00e0 la mont\u00e9e de la d\u00e9sesp\u00e9rance sociale, ils auront creus\u00e9 le trou. Mais ce sont eux encore, pourtant, qui voudront donner des le\u00e7ons de conscience, \u00ab aux mauvais fran\u00e7ais, aux pauvres types \u00ab qui se trompent de col\u00e8re \u00bb,  \u00e0 ceux qu\u2019ils ont flou\u00e9s si longtemps. Eux, \u00ab les fossoyeurs \u00bb, qui d\u2019une mani\u00e8re ou d\u2019une autre, pr\u00eatent main forte au PS pour enterrer ce qui reste de culture ouvri\u00e8re et de \u00ab mod\u00e8le social fran\u00e7ais \u00bb  Vendredi 19 d\u00e9cembre 2013.<\/p>\n","protected":false},"excerpt":{"rendered":"<p>LES FOSSOYEURS Faisant mon march\u00e9, comme le commun des mortels, je me suis laiss\u00e9 glisser dans la main un tract [&hellip;]<\/p>\n","protected":false},"author":1,"featured_media":0,"comment_status":"open","ping_status":"open","sticky":false,"template":"","format":"standard","meta":{"sfsi_plus_gutenberg_text_before_share":"","sfsi_plus_gutenberg_show_text_before_share":"","sfsi_plus_gutenberg_icon_type":"","sfsi_plus_gutenberg_icon_alignemt":"","sfsi_plus_gutenburg_max_per_row":"","site-sidebar-layout":"default","site-content-layout":"","ast-site-content-layout":"default","site-content-style":"default","site-sidebar-style":"default","ast-global-header-display":"","ast-banner-title-visibility":"","ast-main-header-display":"","ast-hfb-above-header-display":"","ast-hfb-below-header-display":"","ast-hfb-mobile-header-display":"","site-post-title":"","ast-breadcrumbs-content":"","ast-featured-img":"","footer-sml-layout":"","ast-disable-related-posts":"","theme-transparent-header-meta":"","adv-header-id-meta":"","stick-header-meta":"","header-above-stick-meta":"","header-main-stick-meta":"","header-below-stick-meta":"","astra-migrate-meta-layouts":"default","ast-page-background-enabled":"default","ast-page-background-meta":{"desktop":{"background-color":"var(--ast-global-color-4)","background-image":"","background-repeat":"repeat","background-position":"center center","background-size":"auto","background-attachment":"scroll","background-type":"","background-media":"","overlay-type":"","overlay-color":"","overlay-opacity":"","overlay-gradient":""},"tablet":{"background-color":"","background-image":"","background-repeat":"repeat","background-position":"center center","background-size":"auto","background-attachment":"scroll","background-type":"","background-media":"","overlay-type":"","overlay-color":"","overlay-opacity":"","overlay-gradient":""},"mobile":{"background-color":"","background-image":"","background-repeat":"repeat","background-position":"center center","background-size":"auto","background-attachment":"scroll","background-type":"","background-media":"","overlay-type":"","overlay-color":"","overlay-opacity":"","overlay-gradient":""}},"ast-content-background-meta":{"desktop":{"background-color":"var(--ast-global-color-5)","background-image":"","background-repeat":"repeat","background-position":"center center","background-size":"auto","background-attachment":"scroll","background-type":"","background-media":"","overlay-type":"","overlay-color":"","overlay-opacity":"","overlay-gradient":""},"tablet":{"background-color":"var(--ast-global-color-5)","background-image":"","background-repeat":"repeat","background-position":"center center","background-size":"auto","background-attachment":"scroll","background-type":"","background-media":"","overlay-type":"","overlay-color":"","overlay-opacity":"","overlay-gradient":""},"mobile":{"background-color":"var(--ast-global-color-5)","background-image":"","background-repeat":"repeat","background-position":"center center","background-size":"auto","background-attachment":"scroll","background-type":"","background-media":"","overlay-type":"","overlay-color":"","overlay-opacity":"","overlay-gradient":""}},"footnotes":""},"categories":[16],"tags":[],"class_list":["post-1336","post","type-post","status-publish","format-standard","hentry","category-archives-cms"],"_links":{"self":[{"href":"https:\/\/lavoiedessansvoix.fr\/lavoie\/wp-json\/wp\/v2\/posts\/1336","targetHints":{"allow":["GET"]}}],"collection":[{"href":"https:\/\/lavoiedessansvoix.fr\/lavoie\/wp-json\/wp\/v2\/posts"}],"about":[{"href":"https:\/\/lavoiedessansvoix.fr\/lavoie\/wp-json\/wp\/v2\/types\/post"}],"author":[{"embeddable":true,"href":"https:\/\/lavoiedessansvoix.fr\/lavoie\/wp-json\/wp\/v2\/users\/1"}],"replies":[{"embeddable":true,"href":"https:\/\/lavoiedessansvoix.fr\/lavoie\/wp-json\/wp\/v2\/comments?post=1336"}],"version-history":[{"count":0,"href":"https:\/\/lavoiedessansvoix.fr\/lavoie\/wp-json\/wp\/v2\/posts\/1336\/revisions"}],"wp:attachment":[{"href":"https:\/\/lavoiedessansvoix.fr\/lavoie\/wp-json\/wp\/v2\/media?parent=1336"}],"wp:term":[{"taxonomy":"category","embeddable":true,"href":"https:\/\/lavoiedessansvoix.fr\/lavoie\/wp-json\/wp\/v2\/categories?post=1336"},{"taxonomy":"post_tag","embeddable":true,"href":"https:\/\/lavoiedessansvoix.fr\/lavoie\/wp-json\/wp\/v2\/tags?post=1336"}],"curies":[{"name":"wp","href":"https:\/\/api.w.org\/{rel}","templated":true}]}}