{"id":1335,"date":"2013-12-22T09:56:00","date_gmt":"2013-12-22T08:56:00","guid":{"rendered":"https:\/\/lavoiedessansvoix.fr\/lavoie\/2013\/12\/22\/archive-hollande-un-sot-obstine-ou-un-dangereux-aventurier\/"},"modified":"2013-12-22T09:56:00","modified_gmt":"2013-12-22T08:56:00","slug":"archive-hollande-un-sot-obstine-ou-un-dangereux-aventurier","status":"publish","type":"post","link":"https:\/\/lavoiedessansvoix.fr\/lavoie\/2013\/12\/22\/archive-hollande-un-sot-obstine-ou-un-dangereux-aventurier\/","title":{"rendered":"HOLLANDE, UN SOT OBSTINE ou UN DANGEREUX AVENTURIER ?"},"content":{"rendered":"<p>HOLLANDE, UN SOT OBSTINE, ou UN DANGEREUX AVENTURIER ? Fran\u00e7ois Hollande serait-il un \u00ab sot obstin\u00e9 \u00bb ? C\u2019est la question que l\u2019on est en droit de se poser apr\u00e8s qu\u2019il ait d\u00e9clar\u00e9 hier \u00e0 l\u2019issue du sommet europ\u00e9en : \u00ab Si Gen\u00e8ve 2 doit \u00eatre la confirmation de la transition politique de Bachar el-Assad \u00e0 Bachar el-Assad, il y a quand m\u00eame peu de chances que l&rsquo;on reconnaisse ce rendez-vous comme ayant \u00e9t\u00e9 la solution politique pour la question syrienne \u00bb. (l\u2019Orient le Jour, 22\/12\/2013)  Nous nous  Interrogions le 14 d\u00e9cembre,  \u00ab Tournant or not tournant ? \u00bb,  dans un article o\u00f9 nous faisions \u00e9tat d\u2019une information, subrepticement entendu, concernant la suspension de l\u2019aide am\u00e9ricaine et britannique \u00e0 l\u2019ASL (arm\u00e9e syrienne libre),  et dont nous n\u2019avions trouv\u00e9 aucune confirmation. C\u2019est donc bien vrai, \u00ab La prise de conscience du fait qu&rsquo;une partie de ce mat\u00e9riel pourrait se retrouver entre les mains des islamistes radicaux a forc\u00e9 les USA \u00e0 suspendre l&rsquo;aide technique au profit de l&rsquo;ASL pour une dur\u00e9e ind\u00e9termin\u00e9e. \u00bb (Moscou, 13 d\u00e9cembre &#8211; RIA Novosti ) . \u00ab\u00a0C\u2019est &#8211; nous &#8211; dit l\u2019agence Novosti &#8211; la prises r\u00e9cente de plusieurs bases de l\u2019ASL par les combattants du Front islamique \u00e0 la fronti\u00e8re turque, notamment le poste-fronti\u00e8re strat\u00e9gique de Bab al-Hawa \u00bb, qui constitue le \u00ab  tournant dans le conflit syrien (qui) a mis l&rsquo;Occident devant l\u2019\u00e9vidence : les radicaux islamiques pourraient saisir les armes les plus dangereuses. Ect\u2026. \u00bb  Le r\u00f4le et la place des combattants islamistes radicaux, dans le conflit syrien, n\u2019est pourtant pas semble-t-il une nouveaut\u00e9. Cette r\u00e9alit\u00e9 n\u2019avait pas \u00e9t\u00e9 jusque-l\u00e0 de nature \u00e0 apaiser les ardeurs guerri\u00e8res des occidentaux. Alors certes, les \u00e9volutions dans les rapports de forces sur le terrain, ont certainement eu une incidence sur la prise de d\u00e9cision des anglo-am\u00e9ricains. Mais ne serait-ce pas comme une justification opportune de la volte-face, \u00e0 laquelle ils semblent s\u2019\u00eatre r\u00e9solus.  A l\u2019appui de cette interpr\u00e9tation, viens la concr\u00e9tisation du projet de conf\u00e9rence internationale sur la Syrie, qui \u00e0 l\u2019origine avait \u00e9t\u00e9 projet\u00e9e pour Juin 2013, et qui apr\u00e8s maintes vicissitudes parait devoir se tenir enfin le 22 janvier 2014. Bon, la conf\u00e9rence se tiendra ailleurs, ce pourrait ne plus \u00eatre \u00ab une conf\u00e9rence \u00bb mais \u00ab un sommet \u00bb, ce ne sera pas Gen\u00e8ve 2 mais Montreux 1. Qu\u2019importe. L\u2019important ici c\u2019est que sa tenue prochaine pourrait bien \u00eatre la raison v\u00e9ritable, plus, que les \u00e9volutions de terrain, pr\u00e9text\u00e9es, qui justifie le d\u00e9sengagement relatif Anglo-am\u00e9ricains. Cela pourrait signifier la volont\u00e9 s\u00e9rieuse  de donner au \u00ab sommet de Montreux \u00bb une chance r\u00e9elle d\u2019aboutir. Si tel est le cas, cela serait la confirmation d\u2019un v\u00e9ritable tournant strat\u00e9gique de la politique Am\u00e9ricaine proche et Moyen-Orientale. Encore que, la grande versatilit\u00e9 de cette derni\u00e8re nous invite \u00e0 la prudence.  Il semblerait que l\u2019ASL ait subit, en l\u2019occurrence, plus qu\u2019un revers, une v\u00e9ritable d\u00e9route. Certains observateurs parlent d\u2019effondrement. \u00ab  Les espoirs de l&rsquo;Occident de s&rsquo;appuyer sur l&rsquo;ASL pour former un gouvernement de transition sont devenus illusoires apr\u00e8s l&rsquo;annonce de la fuite de son commandant Salim Idris au Qatar, \u00bb. Or, sur le terrain l\u2019arm\u00e9e r\u00e9guli\u00e8re du gouvernement l\u00e9gal a enregistr\u00e9 de nombreux succ\u00e8s. Ne convient-il pas de n\u00e9gocier avant d\u2019\u00eatre accul\u00e9 \u00e0 la reddition ?   Mais Hollande lui, persiste et signe. \u00ab \u00c0 pr\u00e8s d&rsquo;un mois de la tr\u00e8s attendue conf\u00e9rence de paix sur la Syrie dites Gen\u00e8ve 2, pr\u00e9vue le 22 janvier \u00e0 Montreux, le pr\u00e9sident fran\u00e7ais Fran\u00e7ois Hollande a estim\u00e9 hier qu&rsquo;elle ne serait pas un succ\u00e8s si elle devait confirmer le pr\u00e9sident Bachar el-Assad \u00e0 la t\u00eate de l&rsquo;\u00c9tat syrien. \u00bb \u00e9crit l\u2019Orient le Jour. (Dimanche 22 d\u00e9cembre 2013.) Cette obstination,  nous savons pourquoi, nous l\u2019avons d\u00e9j\u00e0 expliqu\u00e9 maintes fois. La France ayant ordonn\u00e9 \u00e0 Bachar Al Assad de quitter le pouvoir et reconnu le CNS comme seul repr\u00e9sentant du peuple syrien, ne peut plus battre en retraite au risque de se ridiculiser et de subir le plus cuisant revers de son histoire diplomatique. Ainsi contraint \u00e0 la fuite en avant,  l\u2019inimitable pr\u00e9sident Fran\u00e7ais qui voulait, par la vertu des armes, contraindre Bachar el Assad \u00e0 se d\u00e9mettre, voudrait \u00e0 pr\u00e9sent, \u00e0 d\u00e9faut de victoire le lui confisquer tout de m\u00eame par on ne sait qu\u2019elles vertus de la d\u00e9faite. Mais non, vous n\u2019avez pas compris Fran\u00e7ois, il s\u2019agit de n\u00e9gocier votre propre retraite militaire et celle de vos acolytes, vous n\u2019\u00eates pas en position de dicter vos conditions. Il n\u2019y a pas de rel\u00e8ve cr\u00e9dible \u00e0 Bachar Al Assad. Apr\u00e8s avoir impos\u00e9 \u00e0 la Syrie le drame sanglant  d\u2019une guerre civile de plus de deux ann\u00e9es, voudriez-vous aussi, lui imposer un chaos politique pire que celui auquel vous avez r\u00e9duit la Libye, en confiant le pouvoir \u00e0 une opposition d\u00e9chir\u00e9e o\u00f9 dominent les islamistes radicaux et Djihadistes ? A moins, \u00e0 moins, c\u2019est peut-\u00eatre apr\u00e8s tout votre r\u00eave secret, mais obsol\u00e8te, que l\u2019ONU \u00e0 l\u2019instar de son anc\u00eatre la soci\u00e9t\u00e9 des Nations place la Syrie \u00ab sous mandat fran\u00e7ais \u00bb ?  Mais l\u2019obstination de Fran\u00e7ois hollande, en v\u00e9rit\u00e9, va plus loin que la simple  r\u00e9it\u00e9ration de ses exigences d\u00e9mesur\u00e9es. C\u2019est une dangereuse fuite en avant belliciste.  Il s\u2019obstine dans le camp de la guerre, aupr\u00e8s de l\u2019Arabie Saoudite qui ne souhaite pas le r\u00e8glement n\u00e9goci\u00e9 du conflit. La r\u00e9cente offensive du \u00ab Front Islamiste \u00bb boutant l\u2019ASL hors de ses bases  s\u2019explique  de la sorte. Il s\u2019est agi, puisque l\u2019ASL paraissait \u00eatre pressentie par les anglo-am\u00e9ricains comme interlocuteur valable de Bachar Al Assad, de lui \u00f4ter toute l\u00e9gitimit\u00e9 pour parler au nom de l\u2019opposition, de couper l\u2019herbe sous les pieds des partisans d\u2019une solution n\u00e9goci\u00e9e. C\u2019est ainsi que Fran\u00e7ois Hollande peut dire : \u00ab Si Gen\u00e8ve 2 doit \u00eatre la confirmation de la transition politique de Bachar el-Assad \u00e0 Bachar el-Assad, il y a quand m\u00eame peu de chances que l&rsquo;on reconnaisse ce rendez-vous comme ayant \u00e9t\u00e9 la solution politique pour la question syrienne \u00bb. (l\u2019Orient le Jour, 22\/12\/2013)  O\u00f9 l\u2019on voit que le pr\u00e9sident Fran\u00e7ais qui parait admettre comme acquise la tenue de la conf\u00e9rence, \u00e0 d\u00e9faut de pouvoir s\u2019y opposer encore, s\u2019aventure dans la contestation pr\u00e9alable de sa l\u00e9gitimit\u00e9 et celles des d\u00e9cisions qu\u2019elle pourrait prendre. Il nous dit en termes \u00e0 peine voil\u00e9s que dans ce cas la guerre se poursuivra tout de m\u00eame. N\u2019est-ce pas ce dont il va discuter \u00e0 Riyad lors de sa prochaine visite pr\u00e9vue le 29 d\u00e9cembre ?.  Il y a quelques semaines de cela, quand la France et les USA tonitruaient ensembles qu\u2019ils \u00e9taient convaincus de la culpabilit\u00e9 du r\u00e9gime syrien et du pr\u00e9sident Assad dans les attaques chimiques de Damas, et qu\u2019ils allaient punir les coupables, la presses fran\u00e7aise se r\u00e9jouissait : \u00ab Barak Obama et Fran\u00e7ois Hollande travaillent la main dans la main. \u00bb. On a vu ce qu\u2019il en \u00e9tait vraiment. La chambre des communes a vot\u00e9 la d\u00e9fiance \u00e0 David Cameron le premier ministre britannique et Obama enclencha aussit\u00f4t le d\u00e9crescendo, sans en r\u00e9f\u00e9rer ni m\u00eame informer Hollande qui se retrouva une premi\u00e8re fois isol\u00e9 et un peu ridicule, en \u00ab porte \u00e0 faux. Quand enfin, le Royaume-Uni et les USA paraissent d\u00e9cider d\u2019une r\u00e9appr\u00e9ciation strat\u00e9gique fondamentale de leur engagement au Moyen-Orient, ils le font de concert, entre eux, abandonnant Hollande \u00e0 ses vocif\u00e9rations d\u00e9su\u00e8tes. On se souvient comment au d\u00e9but du \u00bb printemps arabe \u00bb la \u00ab classe politique fran\u00e7aise \u00bb et Sarkozy bien entendu, qui n\u2019avait rien compris \u00e0 ce qui survenait, avaient parus d\u00e9sar\u00e7onn\u00e9s. Il avait fallu l\u2019intercession de Bernard Henry L\u00e9vy, ambassadeur pl\u00e9nipotentiaire du pr\u00e9sident Obama et de l\u2019AIPAC \u00bb le lobby juif am\u00e9ricain \u00bb, pour en expliquer le mode d\u2019emploi. C\u2019est alors que Sarkozy s\u2019\u00e9cria \u00ab j\u2019ai compris ! \u00bb et n\u2019eut de cesse d\u00e9s-lors d\u2019\u00eatre \u00e0 la t\u00eate de l\u2019agression occidentale. Eh bien nous sommes revenus avec Fran\u00e7ois Hollande \u00e0 une situation \u00e9quivalente \u00e0 celle de Sarkozy aux premi\u00e8res heures du printemps arabe. Hollande n\u2019a pas compris, ou plus exactement ne veut pas consid\u00e9rer, nous en avons dit les raisons, que ses alli\u00e9s et maitres venaient peut-\u00eatre de faire une volte-face. Il s\u2019obstine pour le plus grand danger de la France et au risque de se ridiculiser.  Alors, Fran\u00e7ois Hollande, un sot obstin\u00e9 ou un dangereux aventurier ?   Dimanche 22 d\u00e9cembre 2013.<\/p>\n","protected":false},"excerpt":{"rendered":"<p>HOLLANDE, UN SOT OBSTINE, ou UN DANGEREUX AVENTURIER ? Fran\u00e7ois Hollande serait-il un \u00ab sot obstin\u00e9 \u00bb ? C\u2019est la [&hellip;]<\/p>\n","protected":false},"author":1,"featured_media":0,"comment_status":"open","ping_status":"open","sticky":false,"template":"","format":"standard","meta":{"sfsi_plus_gutenberg_text_before_share":"","sfsi_plus_gutenberg_show_text_before_share":"","sfsi_plus_gutenberg_icon_type":"","sfsi_plus_gutenberg_icon_alignemt":"","sfsi_plus_gutenburg_max_per_row":"","site-sidebar-layout":"default","site-content-layout":"","ast-site-content-layout":"default","site-content-style":"default","site-sidebar-style":"default","ast-global-header-display":"","ast-banner-title-visibility":"","ast-main-header-display":"","ast-hfb-above-header-display":"","ast-hfb-below-header-display":"","ast-hfb-mobile-header-display":"","site-post-title":"","ast-breadcrumbs-content":"","ast-featured-img":"","footer-sml-layout":"","ast-disable-related-posts":"","theme-transparent-header-meta":"","adv-header-id-meta":"","stick-header-meta":"","header-above-stick-meta":"","header-main-stick-meta":"","header-below-stick-meta":"","astra-migrate-meta-layouts":"default","ast-page-background-enabled":"default","ast-page-background-meta":{"desktop":{"background-color":"var(--ast-global-color-4)","background-image":"","background-repeat":"repeat","background-position":"center center","background-size":"auto","background-attachment":"scroll","background-type":"","background-media":"","overlay-type":"","overlay-color":"","overlay-opacity":"","overlay-gradient":""},"tablet":{"background-color":"","background-image":"","background-repeat":"repeat","background-position":"center center","background-size":"auto","background-attachment":"scroll","background-type":"","background-media":"","overlay-type":"","overlay-color":"","overlay-opacity":"","overlay-gradient":""},"mobile":{"background-color":"","background-image":"","background-repeat":"repeat","background-position":"center center","background-size":"auto","background-attachment":"scroll","background-type":"","background-media":"","overlay-type":"","overlay-color":"","overlay-opacity":"","overlay-gradient":""}},"ast-content-background-meta":{"desktop":{"background-color":"var(--ast-global-color-5)","background-image":"","background-repeat":"repeat","background-position":"center center","background-size":"auto","background-attachment":"scroll","background-type":"","background-media":"","overlay-type":"","overlay-color":"","overlay-opacity":"","overlay-gradient":""},"tablet":{"background-color":"var(--ast-global-color-5)","background-image":"","background-repeat":"repeat","background-position":"center center","background-size":"auto","background-attachment":"scroll","background-type":"","background-media":"","overlay-type":"","overlay-color":"","overlay-opacity":"","overlay-gradient":""},"mobile":{"background-color":"var(--ast-global-color-5)","background-image":"","background-repeat":"repeat","background-position":"center center","background-size":"auto","background-attachment":"scroll","background-type":"","background-media":"","overlay-type":"","overlay-color":"","overlay-opacity":"","overlay-gradient":""}},"footnotes":""},"categories":[16],"tags":[],"class_list":["post-1335","post","type-post","status-publish","format-standard","hentry","category-archives-cms"],"_links":{"self":[{"href":"https:\/\/lavoiedessansvoix.fr\/lavoie\/wp-json\/wp\/v2\/posts\/1335","targetHints":{"allow":["GET"]}}],"collection":[{"href":"https:\/\/lavoiedessansvoix.fr\/lavoie\/wp-json\/wp\/v2\/posts"}],"about":[{"href":"https:\/\/lavoiedessansvoix.fr\/lavoie\/wp-json\/wp\/v2\/types\/post"}],"author":[{"embeddable":true,"href":"https:\/\/lavoiedessansvoix.fr\/lavoie\/wp-json\/wp\/v2\/users\/1"}],"replies":[{"embeddable":true,"href":"https:\/\/lavoiedessansvoix.fr\/lavoie\/wp-json\/wp\/v2\/comments?post=1335"}],"version-history":[{"count":0,"href":"https:\/\/lavoiedessansvoix.fr\/lavoie\/wp-json\/wp\/v2\/posts\/1335\/revisions"}],"wp:attachment":[{"href":"https:\/\/lavoiedessansvoix.fr\/lavoie\/wp-json\/wp\/v2\/media?parent=1335"}],"wp:term":[{"taxonomy":"category","embeddable":true,"href":"https:\/\/lavoiedessansvoix.fr\/lavoie\/wp-json\/wp\/v2\/categories?post=1335"},{"taxonomy":"post_tag","embeddable":true,"href":"https:\/\/lavoiedessansvoix.fr\/lavoie\/wp-json\/wp\/v2\/tags?post=1335"}],"curies":[{"name":"wp","href":"https:\/\/api.w.org\/{rel}","templated":true}]}}