{"id":1334,"date":"2013-12-29T15:04:00","date_gmt":"2013-12-29T14:04:00","guid":{"rendered":"https:\/\/lavoiedessansvoix.fr\/lavoie\/2013\/12\/29\/archive-de-la-quenelle-a-l-etoile-de-david\/"},"modified":"2013-12-29T15:04:00","modified_gmt":"2013-12-29T14:04:00","slug":"archive-de-la-quenelle-a-l-etoile-de-david","status":"publish","type":"post","link":"https:\/\/lavoiedessansvoix.fr\/lavoie\/2013\/12\/29\/archive-de-la-quenelle-a-l-etoile-de-david\/","title":{"rendered":"DE LA QUENELLE A L\u2019ETOILE DE DAVID"},"content":{"rendered":"<p>DE LA QUENELLE A L\u2019\u00c9TOILE DE DAVID    Mais qu\u2019est-ce que c\u2019est donc que cette nouvelle cabale contre Dieudonn\u00e9 ?  La premi\u00e8re, d\u00e9j\u00e0 mont\u00e9e, en 2003, cons\u00e9cutivement \u00e0 son apparition dans l\u2019\u00e9mission de Marc olivier Fogiel, \u00ab On ne peut pas plaire \u00e0 tout le monde \u00bb, n\u2019avait ni queue ni t\u00eate, si on la raisonne pos\u00e9ment et sans passion. Il y tournait en d\u00e9rision un Isra\u00e9lien int\u00e9griste. Qui y-a-t-il de mal \u00e0 moquer les extr\u00e9mit\u00e9s o\u00f9 conduisent l\u2019aveuglement et l\u2019intol\u00e9rance. Les juifs qui s\u2019y adonnent devraient-ils, et pourquoi, \u00e0 qu\u2019elle raisons, \u00eatre \u00e0 l\u2019abri des sarcasmes de leurs contemporains. Nul en nos latitudes ne trouve quoi que ce soit \u00e0 redire quand Mahomet, ses adeptes ou ses versets font l\u2019objet des satyres d\u2019une certaine presse et les gorges chaudes des rieurs occidentaux. Certains sont m\u00eame en ces circonstances dispos\u00e9s \u00e0 relever le gant de la guerre contre ses pinces sans rires qui vous d\u00e9cochent une fatwa d\u00e8s que l\u2019on s\u2019avise \u00e0 d\u00e9rider leur proph\u00e8te. Mais devant les brebis favorites de J\u00e9hovah, les m\u00eames mettent chapeau bas et voudraient nous interdire d\u2019en rire m\u00eame lorsque certaines de ses derni\u00e8res donnent dans le ridicule. Dieudonn\u00e9 avait ce soir-l\u00e0 conclu son sketch en appelant la jeunesse \u00e0 rejoindre \u00ab l\u2019axe du bien \u00bb, certes la formule \u00e9tait de d\u00e9rision \u00e0 l\u2019endroit de la vision caricaturale et manich\u00e9enne du monde qui \u00e9tait celle de Georges W Bush, le pr\u00e9sident des USA d\u2019alors. Mais son appel \u00e9tait tout de m\u00eame \u00ab \u00e0 rejoindre l\u2019axe du bien \u00bb et non son corolaire \u00ab l\u2019axe du mal \u00bb. Quel danger, quel amoralisme peut-il y avoir d\u2019appeler \u00e0 rejoindre \u00ab l\u2019axe du bien \u00bb ? Sinon pour ceux, bien entendu, qui se sentent tout \u00e0 coup stigmatis\u00e9s par la formule, pr\u00e9cis\u00e9ment parce qu\u2019elle \u00e9claire le caract\u00e8re frustre du syst\u00e8me de pens\u00e9e auquel ils ont adh\u00e9r\u00e9 sans \u00e9tat d\u2019\u00e2me.  La cabale, d\u00e9clench\u00e9e, puis enfl\u00e9e alors ne tenait \u00e0 rien de s\u00e9rieux, au moins si l\u2019on s\u2019en r\u00e9f\u00e8re aux motifs ouvertement \u00e9voqu\u00e9s. Apr\u00e8s l\u2019aveuglement de la passion provoqu\u00e9e et entretenue par certains pour des motifs obscurs, quand le calme et la raison reprennent leurs droits, elle aurait d\u00fb faire honte \u00e0 ceux qui y avaient mordu et contribu\u00e9 \u00e0 la r\u00e9pandre, honte aux \u00ab larves humaines \u00bb sans vert\u00e8bres et sans caract\u00e8re, \u00e9lus, journalistes et philosophes des t\u00e9n\u00e8bres, qui se sont inclin\u00e9s devant le diktat et ont ramp\u00e9 aux injonctions de leurs ma\u00eetres comme des b\u00eates sans \u00e2me et sans libre arbitre.  Leur croisade anti Dieudonn\u00e9 eut l\u2019allure d\u2019un lynchage m\u00e9diatique. Ils voulaient \u00ab la peau \u00bb de l\u2019humoriste, tout au moins sa peau professionnelle, le contraindre \u00e0 changer de m\u00e9tier. Mais celui-ci a surv\u00e9cu, voil\u00e0 qu\u2019il doit faire une tourn\u00e9e de spectacles \u00e0 travers la France, \u00e0 salles combles, qui dit trop \u00e0 quel point l\u2019entreprise de diabolisation a fait long feu. C\u2019est ce constat qui provoque leur ire nouvelle. Les voil\u00e0 furieux du constat de leur \u00e9chec. Ils \u00e9laborent une autre cabale, \u00ab la quenelle \u00bb, la quenelle de\u2019 Dieudonn\u00e9 ce geste symbolique de potache moqueur serrait \u00ab un salut fasciste invers\u00e9 \u00bb.  1)   S\u2019agissant du salut fasciste ou Hitl\u00e9rien, l\u2019id\u00e9ologie nazie qui l\u2019avait institu\u00e9 se caract\u00e9risait en tout premier lieu par son anti communisme que l\u2019on appelait alors \u00ab antibolch\u00e8visme \u00bb, et, entre autre par l\u2019id\u00e9ologie raciste qui en \u00e9tait l\u2019autre fondement et l\u2019antis\u00e9mitisme qui la couronnait. Mais le geste symbolique lui, ce fameux salut, \u00e9tait tout simplement un signe de reconnaissance et d\u2019adh\u00e9sion fasciste et n\u2019avait aucune signification antis\u00e9mite sp\u00e9cifique. C\u2019est par d\u00e9duction, au deuxi\u00e8me ou troisi\u00e8me degr\u00e9, que l\u2019on peut vouloir trouver au salut hitl\u00e9rien une signification antis\u00e9mite. \u00ab L\u2019id\u00e9ologie nazie professait l\u2019antis\u00e9mitisme donc le salut hitl\u00e9rien \u00e9tait antis\u00e9mite ( !?) \u00bb. Mais alors, dans la m\u00eame veine,  Hitler prenait un bol \u00e0 son petit d\u00e9jeuner, pour autant, prendre son petit d\u00e9jeuner dans un bol constitue-t-il un geste antis\u00e9mite ? Voil\u00e0 des d\u00e9cennies que l\u2019\u00c9tat sioniste d\u2019Isra\u00ebl  martyrise le peuple arabe de Palestine et impose sa loi arm\u00e9e \u00e0 tout le Moyen-Orient, en faisant usage d\u2019\u00e9quipements sophistiqu\u00e9s estampill\u00e9s de l\u2019\u00e9toile de David, pour autant serait-il justifi\u00e9 de r\u00e9duire l\u2019\u00e9toile de David \u00e0 une signification arabophobe ? Un geste qui est un salut au chef et une marque d\u2019adh\u00e9sion et de d\u00e9votion \u00e0 un syst\u00e8me, geste qui n\u2019a rien en soi de sp\u00e9cifiquement antis\u00e9mite, et ne peut en \u00eatre entach\u00e9 que cons\u00e9cutivement \u00e0 une d\u00e9duction mentale, par quoi donc, autre que l\u2019ignorance crasse ou la b\u00eatise la plus vile, un tel geste, \u00e0 l\u2019endroit ou \u00e0 l\u2019envers, pourrait-il \u00eatre r\u00e9duit aujourd\u2019hui \u00e0 une pr\u00e9tendue signification antis\u00e9mites, sinon une volont\u00e9 d\u00e9lib\u00e9r\u00e9e de lynchage ?  2)   Imaginez un peu, \u00ab la quenelle \u00bb, entre le salut romain et le bras d\u2019honneur, quel esprit tordu, quelle somme de mauvaise foi et de perfidie cumul\u00e9es il faut pour y voir un salut fasciste invers\u00e9 et y d\u00e9celer une quelconque signification anti s\u00e9mite.   3)   Un salut fasciste \u00e0 l\u2019envers ? Mais ce n\u2019est donc plus un salut fasciste du tout. Tout au plus pourrait-il \u00eatre interpr\u00e9t\u00e9 comme une d\u00e9rision du salut fasciste. Chacun sait ou se souviens du scandale qu\u2019avait provoqu\u00e9, dans la France r\u00e9publicaine des ann\u00e9es 80, l\u2019adaptation musicale de la \u00ab Marseillaise \u00bb par Serge Gainsbourg qui d\u00fb s\u2019expliquer devant les l\u00e9gionnaires. Il suffit de se transporter, dans le pass\u00e9 pas si ancien, de l\u2019Allemagne nazifi\u00e9e et de se faire son petit film, pour imaginer ais\u00e9ment, si Dieudonn\u00e9 ou n\u2019importe quel autre quidam s\u2019\u00e9tait avis\u00e9s en ses temps troubl\u00e9s de faire \u00ab la quenelle \u00bb en guise de salut, \u00e0 l\u2019adresse d\u2019Hitler ou d\u2019un quelconque officier, \u00e0 quelles pires repr\u00e9sailles il se fut expos\u00e9 ? Et ne suffit-il pas de concevoir cela pour r\u00e9aliser \u00e0 quel point il est abusif de vouloir charger le subodor\u00e9 \u00ab salut \u00e0 l\u2019envers \u00bb du m\u00eame potentiel n\u00e9gatif dont on charge par d\u00e9duction le \u00ab salut \u00e0 l\u2019endroit \u00bb ?  4)   Imaginez un peu les d\u00e9rives auxquelles on s\u2019expose si l\u2019on s\u2019engage de la sorte, \u00e0 entendre dans les propos, \u00e0 comprendre des \u00e9crits, ou voir des attitudes d\u2019autrui, non ce qu\u2019ils disent, \u00e9crivent ou font, mais ce que l\u2019on veut y voir, en d\u00e9duire ou leur incriminer. Oui, il y l\u00e0 un v\u00e9ritable danger pour la libert\u00e9 d\u2019expression et la d\u00e9mocratie. L\u2019humoriste un peu provocateur et infiniment d\u00e9capent ne pr\u00e9sente lui, aucun danger ailleurs que dans l\u2019imagination d\u00e9bile de certains journalistes et ministre de l\u2019int\u00e9rieur mythomanes et atteints de parano\u00efa morbide. Par contre, Yann Barthes, animateur de l\u2019\u00e9mission, \u00ab le petit journal \u00bb de canal plus, qui ne l\u00e8ve en l\u2019occurrence que le li\u00e8vre qu\u2019il a  invent\u00e9, quelques autres de ses coreligionnaires qui reprennent en ch\u0153ur son interpr\u00e9tation pervertie de la r\u00e9alit\u00e9, et Manuel Valls, la marionnette qui danse quand ses maitres sioniste le lui ordonne, ne sont-ils pas des esprits malades et socialement nocifs, qu\u2019il conviendrait de neutraliser au plus vite ?  Dimanche 29 d\u00e9cembre 2013.  PS) Nous publierons dans quelques heures, une suite \u00e0 cet article : \u00ab le v\u00e9ritable crime de Dieudonn\u00e9 \u00bb.<\/p>\n","protected":false},"excerpt":{"rendered":"<p>DE LA QUENELLE A L\u2019\u00c9TOILE DE DAVID Mais qu\u2019est-ce que c\u2019est donc que cette nouvelle cabale contre Dieudonn\u00e9 ? La [&hellip;]<\/p>\n","protected":false},"author":1,"featured_media":0,"comment_status":"open","ping_status":"open","sticky":false,"template":"","format":"standard","meta":{"sfsi_plus_gutenberg_text_before_share":"","sfsi_plus_gutenberg_show_text_before_share":"","sfsi_plus_gutenberg_icon_type":"","sfsi_plus_gutenberg_icon_alignemt":"","sfsi_plus_gutenburg_max_per_row":"","site-sidebar-layout":"default","site-content-layout":"","ast-site-content-layout":"default","site-content-style":"default","site-sidebar-style":"default","ast-global-header-display":"","ast-banner-title-visibility":"","ast-main-header-display":"","ast-hfb-above-header-display":"","ast-hfb-below-header-display":"","ast-hfb-mobile-header-display":"","site-post-title":"","ast-breadcrumbs-content":"","ast-featured-img":"","footer-sml-layout":"","ast-disable-related-posts":"","theme-transparent-header-meta":"","adv-header-id-meta":"","stick-header-meta":"","header-above-stick-meta":"","header-main-stick-meta":"","header-below-stick-meta":"","astra-migrate-meta-layouts":"default","ast-page-background-enabled":"default","ast-page-background-meta":{"desktop":{"background-color":"var(--ast-global-color-4)","background-image":"","background-repeat":"repeat","background-position":"center center","background-size":"auto","background-attachment":"scroll","background-type":"","background-media":"","overlay-type":"","overlay-color":"","overlay-opacity":"","overlay-gradient":""},"tablet":{"background-color":"","background-image":"","background-repeat":"repeat","background-position":"center center","background-size":"auto","background-attachment":"scroll","background-type":"","background-media":"","overlay-type":"","overlay-color":"","overlay-opacity":"","overlay-gradient":""},"mobile":{"background-color":"","background-image":"","background-repeat":"repeat","background-position":"center center","background-size":"auto","background-attachment":"scroll","background-type":"","background-media":"","overlay-type":"","overlay-color":"","overlay-opacity":"","overlay-gradient":""}},"ast-content-background-meta":{"desktop":{"background-color":"var(--ast-global-color-5)","background-image":"","background-repeat":"repeat","background-position":"center center","background-size":"auto","background-attachment":"scroll","background-type":"","background-media":"","overlay-type":"","overlay-color":"","overlay-opacity":"","overlay-gradient":""},"tablet":{"background-color":"var(--ast-global-color-5)","background-image":"","background-repeat":"repeat","background-position":"center center","background-size":"auto","background-attachment":"scroll","background-type":"","background-media":"","overlay-type":"","overlay-color":"","overlay-opacity":"","overlay-gradient":""},"mobile":{"background-color":"var(--ast-global-color-5)","background-image":"","background-repeat":"repeat","background-position":"center center","background-size":"auto","background-attachment":"scroll","background-type":"","background-media":"","overlay-type":"","overlay-color":"","overlay-opacity":"","overlay-gradient":""}},"footnotes":""},"categories":[16],"tags":[],"class_list":["post-1334","post","type-post","status-publish","format-standard","hentry","category-archives-cms"],"_links":{"self":[{"href":"https:\/\/lavoiedessansvoix.fr\/lavoie\/wp-json\/wp\/v2\/posts\/1334","targetHints":{"allow":["GET"]}}],"collection":[{"href":"https:\/\/lavoiedessansvoix.fr\/lavoie\/wp-json\/wp\/v2\/posts"}],"about":[{"href":"https:\/\/lavoiedessansvoix.fr\/lavoie\/wp-json\/wp\/v2\/types\/post"}],"author":[{"embeddable":true,"href":"https:\/\/lavoiedessansvoix.fr\/lavoie\/wp-json\/wp\/v2\/users\/1"}],"replies":[{"embeddable":true,"href":"https:\/\/lavoiedessansvoix.fr\/lavoie\/wp-json\/wp\/v2\/comments?post=1334"}],"version-history":[{"count":0,"href":"https:\/\/lavoiedessansvoix.fr\/lavoie\/wp-json\/wp\/v2\/posts\/1334\/revisions"}],"wp:attachment":[{"href":"https:\/\/lavoiedessansvoix.fr\/lavoie\/wp-json\/wp\/v2\/media?parent=1334"}],"wp:term":[{"taxonomy":"category","embeddable":true,"href":"https:\/\/lavoiedessansvoix.fr\/lavoie\/wp-json\/wp\/v2\/categories?post=1334"},{"taxonomy":"post_tag","embeddable":true,"href":"https:\/\/lavoiedessansvoix.fr\/lavoie\/wp-json\/wp\/v2\/tags?post=1334"}],"curies":[{"name":"wp","href":"https:\/\/api.w.org\/{rel}","templated":true}]}}