{"id":1333,"date":"2013-12-29T18:29:00","date_gmt":"2013-12-29T17:29:00","guid":{"rendered":"https:\/\/lavoiedessansvoix.fr\/lavoie\/2013\/12\/29\/archive-le-veritable-crime-de-dieudonne\/"},"modified":"2013-12-29T18:29:00","modified_gmt":"2013-12-29T17:29:00","slug":"archive-le-veritable-crime-de-dieudonne","status":"publish","type":"post","link":"https:\/\/lavoiedessansvoix.fr\/lavoie\/2013\/12\/29\/archive-le-veritable-crime-de-dieudonne\/","title":{"rendered":"LE V\u00c9RITABLE CRIME DE DIEUDONNE"},"content":{"rendered":"<p>LE V\u00c9RITABLE CRIME DE DIEUDONNE   Car il en faut un bien s\u00fbr. Sinon, comment expliquer tant d\u2019acharnement contre lui ?  Si la premi\u00e8re et la deuxi\u00e8me charge m\u00e9diatique et politique contre Dieudonn\u00e9, ne sont que des cabales, et si les motifs invoqu\u00e9s ne r\u00e9sistent pas \u00e0 la critique, quelles sont les motivations v\u00e9ritables de ces attaques, quels crimes impardonnables lui reproche-t-on v\u00e9ritablement, et qui est \u00ab On \u00bb ?  \u00ab On \u00bb, chacun l\u2019a compris, et c\u2019est d\u2019ailleurs de notori\u00e9t\u00e9 publique, c\u2019est le lobby Sioniste isra\u00e9lien. Quels sont ses griefs v\u00e9ritables contre l\u2019humoriste noir, jusque-l\u00e0 largement appr\u00e9ci\u00e9 ? C\u2019est d\u2019avoir contester aux juifs leur place dans la hi\u00e9rarchie de la victimisation.  L\u2019antis\u00e9mitisme r\u00e9put\u00e9 de l\u2019hitl\u00e9risme et la mise en \u0153uvre par celui-ci de \u00ab la solution finale \u00bb de la question Juive, ainsi que la culpabilit\u00e9 collective des peuples christianis\u00e9s d\u2019Europe qui en a d\u00e9coul\u00e9, ont fini, avec le recul, \u00e0 permuter en \u00ab opportunit\u00e9 \u00bb pour l\u2019id\u00e9ologie sioniste qui a instrumentalis\u00e9 \u00e0 ses fins colonialistes le drame de la Shoah. Victimes des victimes, \u00ab le peuple \u00e9lu \u00bb devait par avance \u00eatre exon\u00e9r\u00e9 de ses propres crimes, et jusqu\u2019\u00e0 l\u2019obligation d\u2019en r\u00e9pondre devant l\u2019interpellation de la conscience humaine. Une seule minute, imaginez que Nelson Mandela ne soit pas parvenu \u00e0 r\u00e9concilier l\u2019Afrique du Sud et que la population noire exc\u00e9d\u00e9e est enferm\u00e9e la minorit\u00e9 blanche afrikaner dans le township de Soweto lui infligeant le sors que l\u2019Etat d\u2019Isra\u00ebl r\u00e9serve aux Gazaou\u00efs. Qu\u2019elle n\u2019eut pas \u00e9t\u00e9 la r\u00e9probation internationale contre ses \u00ab sauvages \u00bb pas encore rentr\u00e9s dans l\u2019Histoire. C\u2019est pourtant ce que fait depuis un lustre d\u00e9j\u00e0 Isra\u00ebl \u00e0 Gaza, sans toutefois s\u2019attirer les foudres de la pr\u00e9tendue \u00ab communaut\u00e9 internationale \u00bb, plus m\u00eame, confort\u00e9 et justifi\u00e9 par les USA et les autres puissances occidentales au nom, pr\u00e9tendent-ils, du droit d\u2019Isra\u00ebl de se d\u00e9fendre. Singuli\u00e8re autod\u00e9fense. Quelle autre nation de la terre pourrait se permettre de s\u00e9questrer, sous la menace permanente de ses armes, une population d\u2019un million d\u2019\u00e2mes, dans un \u00ab ghetto naus\u00e9abond \u00bb, la bombarder \u00e0 sa guise, d\u00e9truire ses habitations avec des bulldozers, etc. ?\u2026 Ce \u00ab privil\u00e8ge \u00bb qui n\u2019appartient qu\u2019\u00e0 \u00ab l\u2019Etat Juif \u00bb, est celui que lui d\u00e9volue son statut de \u00ab peuple victime \u00bb.  Or, et c\u2019est le crime v\u00e9ritable de Dieudonn\u00e9, il a expliqu\u00e9 que les juifs n\u2019\u00e9taient pas les seules victimes de la terre, que les peuples africains avaient subi  avec \u00ab la traite des noirs \u00bb des crimes de masse, qui par le nombre des victimes, la nature des crimes et des s\u00e9vices, peuvent \u00eatre, sans le d\u00e9naturer, compar\u00e9 au drame historique des juifs.   En voulant rendre leur statut de victime aux africains noirs, Dieudonn\u00e9 n\u2019imaginez probablement pas \u00e0 quel point il allait faire ombrage aux juifs sioniste et s\u2019attirer leurs foudres. Imaginez, la perte que ce serait en effet pour ceux-l\u00e0, si dans la conscience humaine, le caract\u00e8re de victime du peuple Juif \u00e9tait r\u00e9appr\u00e9ci\u00e9 \u00e0 l\u2019aune des nombreux autres drames de l\u2019humanit\u00e9. N\u2019y perdraient-ils pas leurs facult\u00e9s de justifier leurs crimes contre le peuple palestinien et les autres nations arabes ou perses de la r\u00e9gion, et celle surtout de faire taire toute protestation ou critique, en stigmatisant les contrevenants syst\u00e9matiquement  tax\u00e9s d\u2019antis\u00e9mitisme ?  Lundi 30 d\u00e9cembre 2013.<\/p>\n","protected":false},"excerpt":{"rendered":"<p>LE V\u00c9RITABLE CRIME DE DIEUDONNE Car il en faut un bien s\u00fbr. Sinon, comment expliquer tant d\u2019acharnement contre lui ? [&hellip;]<\/p>\n","protected":false},"author":1,"featured_media":0,"comment_status":"open","ping_status":"open","sticky":false,"template":"","format":"standard","meta":{"sfsi_plus_gutenberg_text_before_share":"","sfsi_plus_gutenberg_show_text_before_share":"","sfsi_plus_gutenberg_icon_type":"","sfsi_plus_gutenberg_icon_alignemt":"","sfsi_plus_gutenburg_max_per_row":"","site-sidebar-layout":"default","site-content-layout":"","ast-site-content-layout":"default","site-content-style":"default","site-sidebar-style":"default","ast-global-header-display":"","ast-banner-title-visibility":"","ast-main-header-display":"","ast-hfb-above-header-display":"","ast-hfb-below-header-display":"","ast-hfb-mobile-header-display":"","site-post-title":"","ast-breadcrumbs-content":"","ast-featured-img":"","footer-sml-layout":"","ast-disable-related-posts":"","theme-transparent-header-meta":"","adv-header-id-meta":"","stick-header-meta":"","header-above-stick-meta":"","header-main-stick-meta":"","header-below-stick-meta":"","astra-migrate-meta-layouts":"default","ast-page-background-enabled":"default","ast-page-background-meta":{"desktop":{"background-color":"var(--ast-global-color-4)","background-image":"","background-repeat":"repeat","background-position":"center center","background-size":"auto","background-attachment":"scroll","background-type":"","background-media":"","overlay-type":"","overlay-color":"","overlay-opacity":"","overlay-gradient":""},"tablet":{"background-color":"","background-image":"","background-repeat":"repeat","background-position":"center center","background-size":"auto","background-attachment":"scroll","background-type":"","background-media":"","overlay-type":"","overlay-color":"","overlay-opacity":"","overlay-gradient":""},"mobile":{"background-color":"","background-image":"","background-repeat":"repeat","background-position":"center center","background-size":"auto","background-attachment":"scroll","background-type":"","background-media":"","overlay-type":"","overlay-color":"","overlay-opacity":"","overlay-gradient":""}},"ast-content-background-meta":{"desktop":{"background-color":"var(--ast-global-color-5)","background-image":"","background-repeat":"repeat","background-position":"center center","background-size":"auto","background-attachment":"scroll","background-type":"","background-media":"","overlay-type":"","overlay-color":"","overlay-opacity":"","overlay-gradient":""},"tablet":{"background-color":"var(--ast-global-color-5)","background-image":"","background-repeat":"repeat","background-position":"center center","background-size":"auto","background-attachment":"scroll","background-type":"","background-media":"","overlay-type":"","overlay-color":"","overlay-opacity":"","overlay-gradient":""},"mobile":{"background-color":"var(--ast-global-color-5)","background-image":"","background-repeat":"repeat","background-position":"center center","background-size":"auto","background-attachment":"scroll","background-type":"","background-media":"","overlay-type":"","overlay-color":"","overlay-opacity":"","overlay-gradient":""}},"footnotes":""},"categories":[16],"tags":[],"class_list":["post-1333","post","type-post","status-publish","format-standard","hentry","category-archives-cms"],"_links":{"self":[{"href":"https:\/\/lavoiedessansvoix.fr\/lavoie\/wp-json\/wp\/v2\/posts\/1333","targetHints":{"allow":["GET"]}}],"collection":[{"href":"https:\/\/lavoiedessansvoix.fr\/lavoie\/wp-json\/wp\/v2\/posts"}],"about":[{"href":"https:\/\/lavoiedessansvoix.fr\/lavoie\/wp-json\/wp\/v2\/types\/post"}],"author":[{"embeddable":true,"href":"https:\/\/lavoiedessansvoix.fr\/lavoie\/wp-json\/wp\/v2\/users\/1"}],"replies":[{"embeddable":true,"href":"https:\/\/lavoiedessansvoix.fr\/lavoie\/wp-json\/wp\/v2\/comments?post=1333"}],"version-history":[{"count":0,"href":"https:\/\/lavoiedessansvoix.fr\/lavoie\/wp-json\/wp\/v2\/posts\/1333\/revisions"}],"wp:attachment":[{"href":"https:\/\/lavoiedessansvoix.fr\/lavoie\/wp-json\/wp\/v2\/media?parent=1333"}],"wp:term":[{"taxonomy":"category","embeddable":true,"href":"https:\/\/lavoiedessansvoix.fr\/lavoie\/wp-json\/wp\/v2\/categories?post=1333"},{"taxonomy":"post_tag","embeddable":true,"href":"https:\/\/lavoiedessansvoix.fr\/lavoie\/wp-json\/wp\/v2\/tags?post=1333"}],"curies":[{"name":"wp","href":"https:\/\/api.w.org\/{rel}","templated":true}]}}