{"id":1331,"date":"2014-01-05T13:13:00","date_gmt":"2014-01-05T12:13:00","guid":{"rendered":"https:\/\/lavoiedessansvoix.fr\/lavoie\/2014\/01\/05\/archive-je-suis-germainophobe\/"},"modified":"2014-01-05T13:13:00","modified_gmt":"2014-01-05T12:13:00","slug":"archive-je-suis-germainophobe","status":"publish","type":"post","link":"https:\/\/lavoiedessansvoix.fr\/lavoie\/2014\/01\/05\/archive-je-suis-germainophobe\/","title":{"rendered":"JE SUIS GERMAINOPHOBE"},"content":{"rendered":"<p>JE SUIS GERMAINOPHOBE  Voil\u00e0 donc que le Maire de Tours, \u00e0 son tour, veut interdire le spectacle de Dieudonn\u00e9 pr\u00e9vu le 10 Janvier. Je ne suis m\u00eame pas effar\u00e9, mais furieux tout de m\u00eame. Furieux de d&rsquo;entendre ces chiens aboyer avec la meute. Je vais aux renseignements, voir \u00e0 quels motifs cet homme formule sa demande.   \u00ab\u00a0La libert\u00e9 d&rsquo;expression est une donn\u00e9e fondamentale de la R\u00e9publique \u00bb, Vous constaterez, c\u2019est probablement une marque de fabrique, \u00ab le faux culisme \u00bb affich\u00e9 du maire socialiste de Tours. Ces gens-l\u00e0 pr\u00e9tendent agir au nom de, ou d\u00e9fendre des principes, qu\u2019ils foulent aux pieds dans l\u2019instant m\u00eame o\u00f9 ils les \u00e9noncent. Nous avons eu, ces temps-ci, l\u2019occasion d\u2019attirer plusieurs fois votre attention sur cette \u00ab sp\u00e9cificit\u00e9 socialiste \u00bb. C\u2019\u00e9tait  \u00e0 propos du repos dominical dont ils r\u00e9affirment qu\u2019il doit rester le principe chaque fois qu\u2019ils lui font un nouvel accroc. Eh bien en l\u2019occurrence, Jean Germain invoque ici \u00ab la libert\u00e9 d\u2019expression fondement de la R\u00e9publique \u00bb dans l\u2019instant m\u00eame o\u00f9 il propose d\u2019y contrevenir.   Pire encore. Les attaques contre le \u00ab principe du repos dominical \u00bb se font, elles, au nom d\u2019un autre principe \u00ab la libert\u00e9 du commerce \u00bb, mais la charge du maire de Tours contre la libert\u00e9 d\u2019expression, c\u2019est au nom de la libert\u00e9 d\u2019expression elle-m\u00eame qu\u2019il pr\u00e9tend la conduire, d\u00e9tectant dans l\u2019usage de \u00ab la libert\u00e9 \u00bb  des risques de \u00ab m\u00e9tempsychose \u00bb de cette vertu r\u00e9publicaine qui ainsi pervertie se transformerait en \u00ab vice \u00bb : \u00ab .mais lorsque cette expression se transforme en une propagande\u2026. il y a lieu de r\u00e9agir \u00bb. Et de s\u2019arcbouter sur \u00ab la loi \u00bb. \u00ab A ceux qui m&rsquo;accuseront de censure, je rappelle que dans notre R\u00e9publique toutes les paroles ne peuvent \u00eatre tenues et que chaque propos antis\u00e9mite ou d&rsquo;incitation \u00e0 la haine raciale doit faire l&rsquo;objet de poursuites p\u00e9nales\u00a0\u00bb. Le probl\u00e8me en l\u2019esp\u00e8ce, c\u2019est que monsieur Germain se fait ici juge et partie. Il n\u2019accuse pas seulement les propos d\u2019\u00eatre anti s\u00e9mite, il tranche, ils le sont, et il sanctionne. Mais la loi, ce n\u2019est pas comme \u00e7a que \u00e7a marche. La loi c\u2019est aux tribunaux de la faire appliquer, il leur revient d\u2019appr\u00e9cier le fondement de l\u2019accusation.  Une propagande ?  \u00ab Raciste, x\u00e9nophobe, antis\u00e9mite et n\u00e9gationniste \u00bb. \u00ab Dieudonn\u00e9 ne peut plus se \u00ab\u00a0r\u00e9fugier derri\u00e8re une revendication de libert\u00e9 d&rsquo;expression\u00a0\u00bb ou continuer \u00e0 \u00ab\u00a0entretenir l&rsquo;ambig\u00fcit\u00e9 sur le sens de ses propos\u00a0\u00bb apr\u00e8s \u00ab\u00a0ses d\u00e9clarations r\u00e9centes, en particulier celles visant le journaliste de France Inter, Patrick Cohen, (qui) expriment clairement un antis\u00e9mitisme \u00bb\u2026\u00ab Les spectacles de Dieudonn\u00e9 se transforment en tribune depuis laquelle sont prof\u00e9r\u00e9es les pires horreurs\u00a0\u00bb.   Douch\u00e9 par ce flot de pr\u00e9con\u00e7us, d\u2019impr\u00e9cations et d\u2019injures, on est fond\u00e9 de s\u2019interroger. Qui pr\u00eache la haine et laquelle ? Parmi les r\u00e9actions des internautes \u00e0 cet article paru le 3\/1\/2O14 dans \u00ab Orange actu \u00bb, nous avons relev\u00e9 celle-ci visant Dieudonn\u00e9 : \u00ab\u00a0Ancien d&rsquo;extr\u00eame gauche, il est pass\u00e9 \u00e0 l&rsquo;extr\u00eame droite ! Bizarre ce revirement, je pense que c&rsquo;est un parano\u00efaque, comme tous ses nouveaux amis. Je souhaite qu&rsquo;il soit ruin\u00e9, qu&rsquo;il aille sur Mars voire pire!! Quand on en arrive au n\u00e9gationnisme, je pense qu&rsquo;il est grand temps d&rsquo;aller vivre dans une autre plan\u00e8te inhabit\u00e9e, au moins, il cessera de nous les briser, ce gros c.n!!\u00a0\u00bb  Alors me direz-vous peut-\u00eatre, Messieurs Germain, Valls, Barthes et consorts, ne sont pas responsables des d\u00e9rapages qui s\u2019expriment dans leur sillage. Ils ne sont pas responsables des d\u00e9rapages d\u2019autrui ? Soit, Dieudonn\u00e9 non plus.  Mais alors, que vient faire l\u2019argument cens\u00e9 fonder la demande d\u2019interdiction : \u00ab Au vu de ces \u00e9l\u00e9ments et des risques de troubles \u00e0 l&rsquo;ordre public qui pourraient en r\u00e9sulter, je demande \u00e0 Monsieur le Pr\u00e9fet de prendre toutes les mesures afin que le spectacle (\u2026) \u00e0 Tours n&rsquo;ait pas lieu \u00bb. Que vient faire un tel argument quand on sait qu\u2019en v\u00e9rit\u00e9 d\u2019\u00e9ventuels incidents seraient sans nul doute provoqu\u00e9s, comme ce fut le cas r\u00e9cemment par des militants de l\u2019UEJF, ou des nervis du \u00ab Betar \u00bb. Ce sont eux qui s\u00e8ment la haine et \u00ab foute \u00bb la zizanie, et leurs amis du gouvernement prennent pr\u00e9texte de cela pour interdire des spectacles et la libre expression d\u2019un humoriste.  Car tout se barouf dont ils entendent rendre responsable Dieudonn\u00e9, d\u2019o\u00f9 vient-il en v\u00e9rit\u00e9 ? Dieudonn\u00e9 qui n\u2019a fait qu\u2019en rire et ne demandait rien \u00e0 ces gens-l\u00e0, a r\u00e9agi \u00e0 l\u2019affabulation insultante de Yann Barthes qui a vu dans \u00ab la quenelle un salut fasciste \u00e0 l\u2019envers \u00bb et aux propos injurieux de Patrick Cohen qui l\u2019a qualifi\u00e9 de \u00ab t\u00eate malade \u00bb et s\u2019en est pris \u00e0 un de ses coll\u00e8gue (Fr\u00e9d\u00e9ric Tadde\u00ef) qui avait os\u00e9 braver l\u2019ostracisme qui frappe l\u2019humoriste et auquel P Cohen entendait dicter sa conduite. Alors, Dieudonn\u00e9, un provocateur ? L\u2019oublierait-on, la provocation est venue d\u2019ailleurs, de ceux-l\u00e0, les Yann Barthes, Patrick Cohen, Manuel Valls. Pourquoi ? Comment ? Pourquoi en ce moment ? Sur commande bien s\u00fbr. Nous l\u2019avons \u00e9crit pr\u00e9c\u00e9demment, pour tenter de faire capoter sa tourn\u00e9e dont ses ennemis ne supportent pas le succ\u00e8s pr\u00e9visible, \u00ab La salle de 2.000 places du centre de Tours o\u00f9 le spectacle de Dieudonn\u00e9 \u00e9tait annonc\u00e9 affiche complet, selon les informations de la presse locale \u00bb. Ils ne le supportaient pas et sa les d\u00e9frisait eux qui avaient jur\u00e9 sa perte.  Alors oui, cela nous donne un haut le c\u0153ur et nous \u00ab glace les sangs \u00bb, quand on entend tous les chiens de la haine et de l\u2019obscurantisme, se mettre \u00e0 aboyer avec leurs cong\u00e9n\u00e8res, sans trop en connaitre les raisons, se contentant de r\u00e9p\u00e9ter, sans les v\u00e9rifier, les antiennes que d\u2019autres ont compos\u00e9es. Le maire de Tours est donc de cette meute. C\u2019est le Moyen-\u00e2ge qui ressurgit, C\u2019est le marteau des sorci\u00e8res.  Je ne suis pas raciste, pas antis\u00e9mite, pas arabophobe, pas homophobe, mes \u00e9crits nombreux en font foi. Je n\u2019ai jamais, moi, affirm\u00e9 que les Roms avaient vocation \u00e0 rentrer chez eux, et malgr\u00e9 la m\u00e9moire vive de l\u2019occupation et de la r\u00e9sistance que m\u2019ont transmise mes parents, je n\u2019ai jamais \u00e9t\u00e9 non plus Germanophobe. Mais voil\u00e0, une haine me vient enfin, contre la b\u00eatise et la noirceur humaine. Je le revendique haut et fort, je suis \u00e0 pr\u00e9sent,  \u00ab Germainophobe \u00bb.   Dimanche 4 janvier 2014.<\/p>\n","protected":false},"excerpt":{"rendered":"<p>JE SUIS GERMAINOPHOBE Voil\u00e0 donc que le Maire de Tours, \u00e0 son tour, veut interdire le spectacle de Dieudonn\u00e9 pr\u00e9vu [&hellip;]<\/p>\n","protected":false},"author":1,"featured_media":0,"comment_status":"open","ping_status":"open","sticky":false,"template":"","format":"standard","meta":{"sfsi_plus_gutenberg_text_before_share":"","sfsi_plus_gutenberg_show_text_before_share":"","sfsi_plus_gutenberg_icon_type":"","sfsi_plus_gutenberg_icon_alignemt":"","sfsi_plus_gutenburg_max_per_row":"","site-sidebar-layout":"default","site-content-layout":"","ast-site-content-layout":"default","site-content-style":"default","site-sidebar-style":"default","ast-global-header-display":"","ast-banner-title-visibility":"","ast-main-header-display":"","ast-hfb-above-header-display":"","ast-hfb-below-header-display":"","ast-hfb-mobile-header-display":"","site-post-title":"","ast-breadcrumbs-content":"","ast-featured-img":"","footer-sml-layout":"","ast-disable-related-posts":"","theme-transparent-header-meta":"","adv-header-id-meta":"","stick-header-meta":"","header-above-stick-meta":"","header-main-stick-meta":"","header-below-stick-meta":"","astra-migrate-meta-layouts":"default","ast-page-background-enabled":"default","ast-page-background-meta":{"desktop":{"background-color":"var(--ast-global-color-4)","background-image":"","background-repeat":"repeat","background-position":"center center","background-size":"auto","background-attachment":"scroll","background-type":"","background-media":"","overlay-type":"","overlay-color":"","overlay-opacity":"","overlay-gradient":""},"tablet":{"background-color":"","background-image":"","background-repeat":"repeat","background-position":"center center","background-size":"auto","background-attachment":"scroll","background-type":"","background-media":"","overlay-type":"","overlay-color":"","overlay-opacity":"","overlay-gradient":""},"mobile":{"background-color":"","background-image":"","background-repeat":"repeat","background-position":"center center","background-size":"auto","background-attachment":"scroll","background-type":"","background-media":"","overlay-type":"","overlay-color":"","overlay-opacity":"","overlay-gradient":""}},"ast-content-background-meta":{"desktop":{"background-color":"var(--ast-global-color-5)","background-image":"","background-repeat":"repeat","background-position":"center center","background-size":"auto","background-attachment":"scroll","background-type":"","background-media":"","overlay-type":"","overlay-color":"","overlay-opacity":"","overlay-gradient":""},"tablet":{"background-color":"var(--ast-global-color-5)","background-image":"","background-repeat":"repeat","background-position":"center center","background-size":"auto","background-attachment":"scroll","background-type":"","background-media":"","overlay-type":"","overlay-color":"","overlay-opacity":"","overlay-gradient":""},"mobile":{"background-color":"var(--ast-global-color-5)","background-image":"","background-repeat":"repeat","background-position":"center center","background-size":"auto","background-attachment":"scroll","background-type":"","background-media":"","overlay-type":"","overlay-color":"","overlay-opacity":"","overlay-gradient":""}},"footnotes":""},"categories":[16],"tags":[],"class_list":["post-1331","post","type-post","status-publish","format-standard","hentry","category-archives-cms"],"_links":{"self":[{"href":"https:\/\/lavoiedessansvoix.fr\/lavoie\/wp-json\/wp\/v2\/posts\/1331","targetHints":{"allow":["GET"]}}],"collection":[{"href":"https:\/\/lavoiedessansvoix.fr\/lavoie\/wp-json\/wp\/v2\/posts"}],"about":[{"href":"https:\/\/lavoiedessansvoix.fr\/lavoie\/wp-json\/wp\/v2\/types\/post"}],"author":[{"embeddable":true,"href":"https:\/\/lavoiedessansvoix.fr\/lavoie\/wp-json\/wp\/v2\/users\/1"}],"replies":[{"embeddable":true,"href":"https:\/\/lavoiedessansvoix.fr\/lavoie\/wp-json\/wp\/v2\/comments?post=1331"}],"version-history":[{"count":0,"href":"https:\/\/lavoiedessansvoix.fr\/lavoie\/wp-json\/wp\/v2\/posts\/1331\/revisions"}],"wp:attachment":[{"href":"https:\/\/lavoiedessansvoix.fr\/lavoie\/wp-json\/wp\/v2\/media?parent=1331"}],"wp:term":[{"taxonomy":"category","embeddable":true,"href":"https:\/\/lavoiedessansvoix.fr\/lavoie\/wp-json\/wp\/v2\/categories?post=1331"},{"taxonomy":"post_tag","embeddable":true,"href":"https:\/\/lavoiedessansvoix.fr\/lavoie\/wp-json\/wp\/v2\/tags?post=1331"}],"curies":[{"name":"wp","href":"https:\/\/api.w.org\/{rel}","templated":true}]}}