{"id":1329,"date":"2014-01-07T08:39:00","date_gmt":"2014-01-07T07:39:00","guid":{"rendered":"https:\/\/lavoiedessansvoix.fr\/lavoie\/2014\/01\/07\/archive-la-cabale-anti-dieudonne-vue-par-une-americaine\/"},"modified":"2014-01-07T08:39:00","modified_gmt":"2014-01-07T07:39:00","slug":"archive-la-cabale-anti-dieudonne-vue-par-une-americaine","status":"publish","type":"post","link":"https:\/\/lavoiedessansvoix.fr\/lavoie\/2014\/01\/07\/archive-la-cabale-anti-dieudonne-vue-par-une-americaine\/","title":{"rendered":"LA CABALE ANTI DIEUDONNE VUE PAR UNE AM\u00c9RICAINE"},"content":{"rendered":"<p>LA CABALE ANTI DIEUDONNE VUE PAR UNE AM\u00c9RICAINE   Bravo, madame !  Alors que tombent les nouvelles des d\u00e9cisions des maires et pr\u00e9fets interdisant les spectacles de Dieudonn\u00e9, et qu\u2019enfle ma col\u00e8re contre \u00ab l\u2019establishment \u00bb et les lobbyistes juifs qui l\u2019anime \u00bb, Je viens de d\u00e9couvrir dans le Site \u00ab Egalit\u00e9 r\u00e9conciliation \u00bb, et de lire en totalit\u00e9 le long article de Diana Johnstone. Je suis \u00e9bahi, \u00e9merveill\u00e9 par la qualit\u00e9 de celui-ci, la connaissance de la France et de son sujet, par cet auteur, par la finesse de son analyse et par sa hauteur de vue. Je le publie imm\u00e9diatement et int\u00e9gralement sur \u00ab La voie des sans voix \u00bb. En esp\u00e9rant que son auteur ne me fera pas grief de cette libert\u00e9 que je prends avec son \u0153uvre.  Cet article m\u00e9rite d\u2019\u00eatre connu largement, et j\u2019esp\u00e8re que d\u2019autres, nombreux, comme moi, le feront suivre et connaitre.  Patrick Seignon. 7 Janvier 2014.    Dieudonn\u00e9 M\u2019Bala M\u2019Bala, la b\u00eate noire de l\u2019establishment fran\u00e7aisPar la journaliste am\u00e9ricaine Diana Johnstone.               32       Publi\u00e9 le : vendredi 3 janvier                                                      Les m\u00e9dias traditionnels et les politiques commencent la nouvelle ann\u00e9e avec une r\u00e9solution partag\u00e9e pour 2014 : museler d\u00e9finitivement un com\u00e9dien franco-africain qui devient trop populaire aupr\u00e8s des jeunes gens.  Entre No\u00ebl et la Saint-Sylvestre, c\u2019est le Pr\u00e9sident de la R\u00e9publique lui-m\u00eame, Fran\u00e7ois Hollande qui, lors d\u2019une visite en Arabie Saoudite pour de (tr\u00e8s grosses) affaires commerciales, a d\u00e9clar\u00e9 que son gouvernement devait trouver un moyen d\u2019interdire des spectacles de l\u2019humoriste Dieudonn\u00e9 M\u2019Bala M\u2019Bala, ainsi qu\u2019a appel\u00e9 \u00e0 le faire le ministre fran\u00e7ais de l\u2019Int\u00e9rieur, Manuel Valls.  Le leader du parti conservateur d\u2019opposition, l\u2019UMP Jean-Fran\u00e7ois Cop\u00e9, a fait imm\u00e9diatement chorus en apportant un \u00ab soutien total \u00bb \u00e0 la r\u00e9duction au silence de l\u2019incontr\u00f4lable com\u00e9dien.  Au milieu de ce ch\u0153ur m\u00e9diatique unanime, l\u2019hebdomadaire Le Nouvel Observateur a \u00e9crit en \u00e9ditorial que Dieudonn\u00e9 est \u00ab d\u00e9j\u00e0 mort \u00bb, lessiv\u00e9, fini. La r\u00e9daction d\u00e9battait ouvertement de la meilleure tactique entre essayer de le faire emprisonner pour \u00ab incitation \u00e0 la haine raciale \u00bb, l\u2019annulation de ses spectacles sur la base de potentielles \u00ab menaces de trouble \u00e0 l\u2019ordre public \u00bb ou l\u2019exercice de pressions en mena\u00e7ant les communes de diminuer le montant des subventions pour la culture si elles l\u2019autorisent \u00e0 se produire.  L\u2019objectif de Manuel Valls, le patron de la police nationale, est clair, mais le pouvoir t\u00e2tonne quant \u00e0 la m\u00e9thode.  Le clich\u00e9 m\u00e9prisant qui est constamment r\u00e9p\u00e9t\u00e9 est que \u00ab Dieudonn\u00e9 ne fait plus rire personne \u00bb.  En r\u00e9alit\u00e9, c\u2019est le contraire qui est vrai. Et c\u2019est l\u00e0 le probl\u00e8me. Dans sa r\u00e9cente tourn\u00e9e dans les villes fran\u00e7aises, des vid\u00e9os montrent de grandes salles archicombles pli\u00e9es de rire devant leur humoriste pr\u00e9f\u00e9r\u00e9. Il a popularis\u00e9 un geste simple qu\u2019il appelle la \u00ab quenelle \u00bb. Ce geste est imit\u00e9 par des jeunes gens dans toute la France. Elle veut dire tout simplement et \u00e0 l\u2019\u00e9vidence : on en a marre.  Pour inventer un pr\u00e9texte pour d\u00e9truire Dieudonn\u00e9, la principale organisation juive, le CRIF (Conseil repr\u00e9sentatif des institutions juives de France, \u00e9quivalent fran\u00e7ais de l\u2019AIPAC) et la LICRA (Ligue internationale contre le racisme et l\u2019antis\u00e9mitisme), qui jouit de privil\u00e8ges particuliers dans le droit fran\u00e7ais (la journaliste parle du droit de se porter partie civile, NdT) ont sorti une histoire extravagante pour qualifier Dieudonn\u00e9 et ceux qui le suivent de \u00ab nazis \u00bb.  La quenelle n\u2019est selon toute \u00e9vidence qu\u2019un geste grossier signifiant \u00e0 peu pr\u00e8s \u00ab dans ton cul \u00bb avec une main plac\u00e9e en haut de l\u2019autre bras point\u00e9 vers le bas pour pr\u00e9ciser la longueur de la quenelle. Mais pour le CRIF et la LICRA, la quenelle est \u00ab un salut nazi \u00e0 l\u2019envers \u00bb. (On n\u2019est jamais assez \u00ab vigilant \u00bb quand on cherche un Hitler cach\u00e9.)  Comme quelqu\u2019un l\u2019a remarqu\u00e9, un \u00ab salut nazi \u00e0 l\u2019envers \u00bb peut tout aussi bien \u00eatre consid\u00e9r\u00e9 comme antinazi. Si encore le geste a quelque chose \u00e0 voir avec Heil Hitler. Ce qui n\u2019est manifestement pas le cas.  Mais le monde des m\u00e9dias reprend cette affirmation, en signalant tout du moins que \u00ab certains consid\u00e8rent la quenelle comme un salut nazi \u00e0 l\u2019envers \u00bb. Peu importe si ceux qui pratiquent ce geste n\u2019ont aucun doute sur ce qu\u2019il veut dire : N\u2026e le syst\u00e8me !  Mais jusqu\u2019\u00e0 quel point le CRIF et la LICRA sont-ils \u00ab le syst\u00e8me \u00bb ?  La France a un grand besoin de rire  L\u2019industrie fran\u00e7aise est en train de dispara\u00eetre, avec des usines qui ferment les unes apr\u00e8s les autres. L\u2019imposition des citoyens \u00e0 faibles revenus est \u00e0 la hausse, pour sauver les banques et l\u2019euro. La d\u00e9sillusion vis-\u00e0-vis de l\u2019Union europ\u00e9enne est de plus en plus forte. Les r\u00e8gles de l\u2019UE emp\u00eachent toute action s\u00e9rieuse pour am\u00e9liorer l\u2019\u00e9tat de l\u2019\u00e9conomie fran\u00e7aise. Pendant ce temps, les politiciens de gauche et de droite continuent leurs discours creux, \u00e9maill\u00e9s de clich\u00e9s sur les \u00ab droits de l\u2019homme \u00bb \u2013 en grande partie comme pr\u00e9texte pour aller \u00e0 la guerre au Moyen-Orient ou pour des diatribes contre la Chine et la Russie. Le pourcentage d\u2019opinions positives sur le pr\u00e9sident Hollande a d\u00e9gringol\u00e9 \u00e0 15 %. Pourtant les gens votent, avec pour r\u00e9sultat les m\u00eames politiques, d\u00e9cid\u00e9es par l\u2019UE.  Pourquoi alors la classe dirigeante concentre-t-elle sa vindicte sur \u00ab l\u2019humoriste le plus talentueux de sa g\u00e9n\u00e9ration \u00bb (ainsi que le reconnaissent ses confr\u00e8res, m\u00eame quand ils le d\u00e9noncent) ?  La r\u00e9ponse en bref est probablement que la popularit\u00e9 montante de Dieudonn\u00e9 aupr\u00e8s de la jeunesse illustre un accroissement de l\u2019\u00e9cart entre g\u00e9n\u00e9rations. Dieudonn\u00e9 fait rire aux d\u00e9pens de l\u2019ensemble de l\u2019establishment politique. Ce qui a eu pour cons\u00e9quences un torrent d\u2019injures et de d\u00e9marches pour interdire ses spectacles, le ruiner financi\u00e8rement et m\u00eame le faire aller en prison. Les attaques verbales fournissent le contexte propice \u00e0 des agressions physiques contre lui. Il y a quelques jours, son assistant Jacky Sigaux a \u00e9t\u00e9 agress\u00e9 physiquement en pleine journ\u00e9e par plusieurs hommes masqu\u00e9s devant la mairie du 19\u00e8me arrondissement \u2013 juste en face du parc des Buttes-Chaumont. Il a d\u00e9pos\u00e9 plainte.  Mais quelle protection peut-on esp\u00e9rer de la part d\u2019un gouvernement dont le ministre de l\u2019Int\u00e9rieur, Manuel Valls \u2013 en charge de la police \u2013, a promis de trouver les moyens de faire taire Dieudonn\u00e9 ?  Cette affaire est importante mais il est pratiquement certain qu\u2019elle ne sera pas trait\u00e9e correctement dans les m\u00e9dias hors de France \u2013 exactement comme elle n\u2019est pas trait\u00e9e correctement dans la presse fran\u00e7aise, qui est la source de presque tout ce qui est rapport\u00e9 \u00e0 l\u2019\u00e9tranger. Les probl\u00e8mes li\u00e9s \u00e0 la traduction, une part de malentendus et de contrev\u00e9rit\u00e9s ajoutent \u00e0 la confusion.  Pourquoi le ha\u00efssent-ils ?  Dieudonn\u00e9 M\u2019Bala M\u2019Bala est n\u00e9 dans la banlieue parisienne il y a 48 ans. Sa m\u00e8re \u00e9tait une Blanche originaire de Bretagne, son p\u00e8re \u00e9tait un Africain originaire du Cameroun. Ce qui devrait faire de lui l\u2019enfant-mod\u00e8le du \u00ab multiculturalisme \u00bb que l\u2019id\u00e9ologie dominante de la gauche affirme promouvoir. Et durant la premi\u00e8re partie de sa carri\u00e8re, en duo avec son ami juif \u00c9lie Semoun, il \u00e9tait exactement \u00e7a : il faisait campagne contre le racisme, concentrant ses attaques sur le Front national, allant m\u00eame jusqu\u2019\u00e0 se pr\u00e9senter aux \u00e9lections municipales contre une candidate du Front national \u00e0 Dreux, une cit\u00e9 dortoir \u00e0 environ 90 kilom\u00e8tres \u00e0 l\u2019ouest de Paris, o\u00f9 il r\u00e9side. Comme les meilleurs humoristes, Dieudonn\u00e9 a toujours cibl\u00e9 les \u00e9v\u00e9nements de l\u2019actualit\u00e9, avec un engagement et une dignit\u00e9 peu courants dans la profession. Sa carri\u00e8re \u00e9tait florissante, il jouait dans des films, \u00e9tait invit\u00e9 \u00e0 la t\u00e9l\u00e9vision et travaillait d\u00e9sormais en solo. Tr\u00e8s bon observateur, il excelle dans des imitations assez subtiles de divers types de personnalit\u00e9s et groupes ethniques, des Africains aux Chinois.  Il y a dix ans, le 1er d\u00e9cembre 2003, en tant qu\u2019invit\u00e9 dans une \u00e9mission de t\u00e9l\u00e9vision traitant d\u2019actualit\u00e9 et intitul\u00e9e On ne peut pas plaire \u00e0 tout le monde, un nom tout \u00e0 fait appropri\u00e9, Dieudonn\u00e9 \u00e9tait arriv\u00e9 sur le plateau sommairement d\u00e9guis\u00e9 en \u00ab converti au sionisme extr\u00e9miste \u00bb, sugg\u00e9rant aux autres de \u00ab rejoindre l\u2019axe du bien isra\u00e9lo-am\u00e9ricain \u00bb. Cette mise en cause relativement mod\u00e9r\u00e9e de \u00ab l\u2019axe du mal \u00bb de George W. Bush semblait compl\u00e8tement dans l\u2019air du temps. Ce sketch se terminait par un bref salut \u00ab Isra-heil \u00bb. On \u00e9tait loin du Dieudonn\u00e9 des d\u00e9buts mais l\u2019humoriste populaire avait \u00e9t\u00e9 n\u00e9anmoins salu\u00e9 avec enthousiasme par les autres com\u00e9diens tandis que le public pr\u00e9sent sur le plateau lui avait fait une standing ovation.  C\u2019\u00e9tait dans la premi\u00e8re ann\u00e9e de l\u2019attaque am\u00e9ricaine contre l\u2019Irak, \u00e0 laquelle la France avait refus\u00e9 de s\u2019associer, ce qui avait amen\u00e9 Washington \u00e0 rebaptiser ce qu\u2019on appelle l\u00e0-bas \u00ab french fries \u00bb (belges en r\u00e9alit\u00e9) en \u00ab freedom fries \u00bb .  Puis les protestations ont commenc\u00e9 \u00e0 arriver, concernant particuli\u00e8rement le geste final vu comme posant une \u00e9quivalence entre Isra\u00ebl et l\u2019Allemagne nazie.  \u00ab Antis\u00e9mitisme ! \u00bb, criait-on, m\u00eame si la cible du sketch \u00e9tait Isra\u00ebl (et les \u00c9tats-Unis et leurs alli\u00e9s au Moyen-Orient). Les appels se multipliaient pour interdire ses spectacles, le poursuivre en justice, d\u00e9truire sa carri\u00e8re. Dieudonn\u00e9 a essay\u00e9 d\u2019expliquer que son sketch ne visait pas les juifs en tant que tels mais, \u00e0 la diff\u00e9rence d\u2019autres avant lui, il n\u2019a pas pr\u00e9sent\u00e9 d\u2019excuses pour une offense qu\u2019il consid\u00e8re ne pas avoir commise. Pourquoi n\u2019y-a-t-il pas eu de protestations de la part des Africains dont il s\u2019est moqu\u00e9 ? Ou des Musulmans, ou des Chinois ? Pourquoi une seule communaut\u00e9 a-t-elle r\u00e9agi avec autant de rage ?  A commenc\u00e9 alors une d\u00e9cennie d\u2019escalade. La LICRA entama une longue s\u00e9rie d\u2019actions en justice contre lui (\u00ab incitation \u00e0 la haine raciale \u00bb), les perdant au d\u00e9but mais ne rel\u00e2chant pas la pression. Au lieu de c\u00e9der, apr\u00e8s chaque attaque Dieudonn\u00e9 a pouss\u00e9 plus avant sa critique du \u00ab sionisme \u00bb. Dans le m\u00eame temps, Dieudonn\u00e9 \u00e9tait graduellement exclu des studios de t\u00e9l\u00e9vision et trait\u00e9 comme un paria par les m\u00e9dias grand public. C\u2019est seulement la profusion r\u00e9cente sur Internet d\u2019images montrant de jeunes gens en train de faire le geste de la quenelle qui a pouss\u00e9 l\u2019establishment \u00e0 conclure qu\u2019une attaque frontale serait plus efficace que d\u2019essayer de l\u2019ignorer.  L\u2019arri\u00e8re-plan id\u00e9ologique    Pour essayer de comprendre la signification de l\u2019affaire Dieudonn\u00e9, il est n\u00e9cessaire d\u2019appr\u00e9hender le contexte id\u00e9ologique. Pour des raisons trop complexes pour qu\u2019on les pr\u00e9sente ici, la gauche fran\u00e7aise \u2013 la gauche dont la pr\u00e9occupation principale \u00e9tait autrefois le bien-\u00eatre des travailleurs, l\u2019\u00e9galit\u00e9 sociale, l\u2019opposition aux guerres d\u2019agression, la libert\u00e9 d\u2019expression \u2013 n\u2019existe pratiquement plus. La droite a gagn\u00e9 la bataille d\u00e9cisive de l\u2019\u00e9conomie avec le triomphe de politiques qui favorisent la stabilit\u00e9 mon\u00e9taire et les int\u00e9r\u00eats du capital financier international (le \u00ab n\u00e9olib\u00e9ralisme \u00bb). Comme prix de consolation, la gauche jouit d\u2019une certaine pr\u00e9\u00e9minence id\u00e9ologique bas\u00e9e sur l\u2019antiracisme, l\u2019antinationalisme et l\u2019engagement en faveur de l\u2019Union europ\u00e9enne \u2013 et m\u00eame de l\u2019hypoth\u00e9tique \u00ab Europe sociale \u00bb, qui s\u2019\u00e9loigne \u00e0 grands pas pour rejoindre le cimeti\u00e8re des r\u00eaves disparus. En fait, cette id\u00e9ologie co\u00efncide parfaitement avec une mondialisation fond\u00e9e sur les exigences du capitalisme financier international.  En l\u2019absence de toute v\u00e9ritable gauche sociale et \u00e9conomique, la France a sombr\u00e9 dans une sorte de \u00ab politique de l\u2019identit\u00e9 \u00bb qui fait \u00e0 la fois l\u2019\u00e9loge du multiculturalisme et r\u00e9agit avec v\u00e9h\u00e9mence contre le \u00ab communautarisme \u00bb, c\u2019est-\u00e0-dire l\u2019affirmation de n\u2019importe quel particularisme jug\u00e9 ind\u00e9sirable. Mais certains particularismes ethniques sont encore moins les bienvenus que d\u2019autres. Le voile islamique a \u00e9t\u00e9 d\u2019abord interdit dans les \u00e9coles, et les demandes pour le faire interdire dans l\u2019espace public se font de plus en plus pressantes. Le niqab et la burqa, quoique rares, ont \u00e9t\u00e9 interdits par une loi. Des controverses \u00e9clatent sur la nourriture halal dans les cantines, les pri\u00e8res sur la voie publique, tandis que des caricatures raillent r\u00e9guli\u00e8rement l\u2019Islam. Quoi qu\u2019on puisse penser de tout cela, la lutte contre le communautarisme peut \u00eatre vue par certains comme dirig\u00e9e contre une communaut\u00e9 en particulier. Dans le m\u00eame temps, les dirigeants politiques fran\u00e7ais ont pris la t\u00eate de ceux qui appellent \u00e0 la guerre dans des pays musulmans comme la Libye et la Syrie tout en affichant leur d\u00e9votion pour Isra\u00ebl.  En m\u00eame temps, une autre communaut\u00e9 fait l\u2019objet d\u2019une sollicitude de tous les instants. Ces vingt derni\u00e8res ann\u00e9es, alors que la pratique religieuse et l\u2019engagement politique ont consid\u00e9rablement d\u00e9clin\u00e9, l\u2019holocauste, appel\u00e9 Shoah en France, est devenu progressivement une sorte de religion d\u2019\u00c9tat. Les \u00e9coles comm\u00e9morent la Shoah chaque ann\u00e9e, elle domine de plus en plus dans une conscience historique en recul sous les autres aspects, tout comme nombre d\u2019approches en sciences humaines. En particulier, de tous les \u00e9v\u00e9nements de la longue histoire de France, le seul prot\u00e9g\u00e9 par une loi est la Shoah. La loi dite Gayssot prohibe tout questionnement sur l\u2019histoire de la Shoah, une interf\u00e9rence absolument sans pr\u00e9c\u00e9dent avec la libert\u00e9 d\u2019expression. En outre, certaines associations comme la LICRA se sont vues accorder le privil\u00e8ge de pouvoir poursuivre des individus en justice sur la base de \u00ab l\u2019incitation \u00e0 la haine raciale \u00bb (interpr\u00e9t\u00e9e de mani\u00e8re tr\u00e8s large et in\u00e9gale) avec la possibilit\u00e9 d\u2019encaisser des dommages et int\u00e9r\u00eats au nom de la \u00ab communaut\u00e9 insult\u00e9e \u00bb. En pratique, ces lois servent surtout \u00e0 poursuivre \u00ab l\u2019antis\u00e9mitisme \u00bb pr\u00e9sum\u00e9 et le \u00ab r\u00e9visionnisme \u00bb par rapport \u00e0 la Shoah. M\u00eame si elles sont souvent rejet\u00e9es par les tribunaux, de telles actions en justice participent du harc\u00e8lement et de l\u2019intimidation. La France est un des rares pays o\u00f9 le mouvement BDS (Boycott, D\u00e9sinvestissement, Sanctions) contre la colonisation isra\u00e9lienne peut aussi \u00eatre attaqu\u00e9 devant les tribunaux pour \u00ab incitation \u00e0 la haine raciale \u00bb.  Organisation violente, la Ligue de d\u00e9fense juive (LDJ), ill\u00e9gale aux \u00c9tats-Unis et m\u00eame en Isra\u00ebl, est connue pour avoir saccag\u00e9 des librairies ou frapp\u00e9 des individus isol\u00e9s, parfois \u00e2g\u00e9s. Quand les agresseurs sont identifi\u00e9s, la fuite en Isra\u00ebl est une bonne porte de sortie. Les victimes de la LDJ n\u2019inspirent jamais dans l\u2019opinion publique quoi que ce soit de comparable \u00e0 l\u2019indignation publique massive quand un citoyen juif est victime d\u2019une agression gratuite. Par ailleurs, les politiciens se rendent au d\u00eener annuel du CRIF avec le m\u00eame z\u00e8le que ceux des \u00c9tats-Unis pour aller au d\u00eener de l\u2019AIPAC \u2013 pas pour financer leurs campagnes \u00e9lectorales mais pour prouver la bienveillance de leurs sentiments.  La France poss\u00e8de la plus importante communaut\u00e9 juive d\u2019Europe occidentale, une population qui a en grande majorit\u00e9 \u00e9chapp\u00e9 \u00e0 la d\u00e9portation pendant l\u2019occupation allemande au cours de laquelle les immigr\u00e9s juifs avaient \u00e9t\u00e9 expuls\u00e9s vers les camps de concentration. En plus d\u2019une communaut\u00e9 juive \u00e9tablie depuis tr\u00e8s longtemps, il y a beaucoup de nouveaux venus originaires d\u2019Afrique du Nord. Tout cela contribue \u00e0 une population aux succ\u00e8s tr\u00e8s dynamiques, tr\u00e8s pr\u00e9sente dans les professions les plus visibles et les plus populaires (le journalisme, le show business ainsi que la science et la m\u00e9decine entre autres)  De tous les partis politiques fran\u00e7ais, le Parti socialiste (en particulier via le parti travailliste de Shimon Peres qui est membre de l\u2019Internationale socialiste) est celui qui a les liens historiques les plus \u00e9troits avec Isra\u00ebl. Dans les ann\u00e9es 1950, quand la France combattait le mouvement de lib\u00e9ration nationale alg\u00e9rien, le gouvernement fran\u00e7ais (via Peres) avait contribu\u00e9 au projet isra\u00e9lien de production d\u2019armes atomiques. Aujourd\u2019hui, ce n\u2019est pas le parti travailliste qui gouverne Isra\u00ebl mais l\u2019extr\u00eame droite. La r\u00e9cente visite amicale faite par Hollande \u00e0 Benjamin Netanyahou a montr\u00e9 que la d\u00e9rive droiti\u00e8re de la vie politique en Isra\u00ebl n\u2019a absolument pas tendu les relations \u2013 qui semblent plus \u00e9troites que jamais.  Il n\u2019emp\u00eache que la communaut\u00e9 juive est tr\u00e8s petite en comparaison du grand nombre d\u2019immigr\u00e9s arabes venus d\u2019Afrique du Nord ou des immigr\u00e9s noirs originaires des anciennes colonies fran\u00e7aises en Afrique. Il y a quelques ann\u00e9es, Pascal Boniface, un intellectuel de renom membre du PS, avait prudemment averti les dirigeants du parti que leur biais en faveur de la communaut\u00e9 juive pourrait finir par causer des probl\u00e8mes \u00e9lectoraux. Cet avertissement qui figurait dans un document d\u2019analyse politique avait provoqu\u00e9 un toll\u00e9 qui lui avait presque co\u00fbt\u00e9 sa carri\u00e8re.  Mais le fait demeure : il n\u2019est gu\u00e8re difficile pour les Fran\u00e7ais d\u2019origine arabe ou africaine d\u2019avoir le sentiment que le \u00ab communautarisme \u00bb qui a vraiment de l\u2019influence est le communautarisme juif.  Les usages politiques de l\u2019Holocauste  Norman Finkelstein a montr\u00e9 il y a quelques temps que l\u2019Holocauste peut \u00eatre exploit\u00e9 \u00e0 des fins pour le moins d\u00e9nu\u00e9es de noblesse : comme extorquer des fonds \u00e0 des banques suisses. La situation en France est cependant tr\u00e8s diff\u00e9rente. Il ne fait gu\u00e8re de doute que les rappels constants de la Shoah fonctionnent comme une sorte de protection pour Isra\u00ebl contre l\u2019hostilit\u00e9 que g\u00e9n\u00e8re le traitement inflig\u00e9 aux Palestiniens. Mais la religion de l\u2019Holocauste a un autre impact politique plus profond, qui n\u2019a pas de relation directe avec le destin des Juifs.  Plus que toute autre chose, Auschwitz a \u00e9t\u00e9 interpr\u00e9t\u00e9 en tant que symbole de ce \u00e0 quoi m\u00e8ne le nationalisme. La r\u00e9f\u00e9rence \u00e0 Auschwitz a servi \u00e0 donner mauvaise conscience \u00e0 l\u2019Europe, et notamment aux Fran\u00e7ais si on tient compte du fait que leur r\u00f4le relativement marginal dans cette affaire  avait \u00e9t\u00e9 une cons\u00e9quence de la d\u00e9faite militaire et de l\u2019occupation du pays par l\u2019Allemagne nazie. Bernard-Henri L\u00e9vy, l\u2019\u00e9crivain dont l\u2019influence s\u2019est accrue dans des proportions grotesques ces derni\u00e8res ann\u00e9es (il a pouss\u00e9 la pr\u00e9sident Sarkozy \u00e0 la guerre contre la Libye), avait commenc\u00e9 sa carri\u00e8re en soutenant que le \u00ab fascisme \u00bb est l\u2019authentique \u00ab id\u00e9ologie fran\u00e7aise \u00bb. Culpabilit\u00e9, culpabilit\u00e9, culpabilit\u00e9. En faisant d\u2019Auschwitz l\u2019\u00e9v\u00e9nement le plus significatif de l\u2019histoire contemporaine, un certain nombre d\u2019\u00e9crivains et de personnages publics justifient par d\u00e9faut le pouvoir croissant de l\u2019Union europ\u00e9enne en tant que remplacement indispensable des nations europ\u00e9ennes intrins\u00e8quement \u00ab mauvaises \u00bb. Plus jamais Auschwitz ! Dissoudre les \u00c9tats-nations dans une bureaucratie technocratique lib\u00e9r\u00e9e de l\u2019influence \u00e9motionnelle de citoyens qui pourraient ne pas voter correctement. Vous vous sentez fran\u00e7ais ? Ou allemand ? Vous devriez en \u00e9prouver de la culpabilit\u00e9 \u2013 \u00e0 cause d\u2019Auschwitz.  Les Europ\u00e9ens sont de moins en moins enthousiastes devant l\u2019UE car elle ruine leurs \u00e9conomies et leur retire tout contr\u00f4le d\u00e9mocratique sur elles. Ils peuvent voter pour le mariage gay, mais pas pour la moindre mesure keyn\u00e9sienne et encore moins socialiste. La culpabilit\u00e9 pour le pass\u00e9 est n\u00e9anmoins suppos\u00e9e maintenir leur fid\u00e9lit\u00e9 \u00e0 l\u2019\u00e9gard du r\u00eave europ\u00e9en.  Les fans de Dieudonn\u00e9, si on en juge par les photos, semblent \u00eatre en majorit\u00e9 des hommes jeunes, \u00e2g\u00e9s entre 20 et 30 ans. Ils sont n\u00e9s deux bonnes g\u00e9n\u00e9rations apr\u00e8s la Seconde Guerre mondiale. Ils ont pass\u00e9 leurs vies \u00e0 entendre parler de la Shoah. Plus de 300 \u00e9coles parisiennes arborent une plaque comm\u00e9morant le sort funeste d\u2019enfants juifs d\u00e9port\u00e9s dans les camps de concentration nazis. Quel peut bien \u00eatre l\u2019effet de tout \u00e7a ? Pour beaucoup de ceux qui sont n\u00e9s longtemps apr\u00e8s ces terribles \u00e9v\u00e9nements, il semble que tout le monde est suppos\u00e9 se sentir coupable \u2013 si ce n\u2019est pour ce qu\u2019ils n\u2019ont pas fait, au moins pour ce qu\u2019ils auraient \u00e9t\u00e9 suppos\u00e9s avoir fait s\u2019ils en avaient eu la possibilit\u00e9 .  Quand Dieudonn\u00e9 a transform\u00e9 Chaud Cacao, une vielle chanson \u00ab tropicale \u00bb un peu raciste, en Shoahnanas, le refrain a \u00e9t\u00e9 repris en masse par les fans de Dieudonn\u00e9. J\u2019ose croire qu\u2019ils ne se moquent pas de la v\u00e9ritable Shoah mais plut\u00f4t de ceux qui leur rappellent tout le temps des \u00e9v\u00e9nements qui sont suppos\u00e9s les faire se sentir coupables, insignifiants et impuissants. Une bonne partie de cette g\u00e9n\u00e9ration en a assez d\u2019entendre parler de la p\u00e9riode 1939-1945 alors que son propre avenir est sombre.  Personne ne sait quand s\u2019arr\u00eater  Dimanche dernier, Nicolas Anelka, un footballeur tr\u00e8s connu d\u2019origine afro-belge  qui \u00e9volue en Angleterre a fait une quenelle apr\u00e8s avoir marqu\u00e9 un but \u2013 en signe de solidarit\u00e9 avec son ami Dieudonn\u00e9 M\u2019Bala M\u2019Bala. Suite \u00e0 ce geste simple et \u00e0 la base insignifiant, le tumulte a atteint de nouveaux sommets.  \u00c0 l\u2019Assembl\u00e9e nationale fran\u00e7aise, Meyer Habib repr\u00e9sente les \u00ab Fran\u00e7ais de l\u2019\u00e9tranger \u00bb \u2013 dont 4 000 Isra\u00e9liens d\u2019origine fran\u00e7aise . Lundi dernier, il a twitt\u00e9 :      \u00ab La quenelle d\u2019Anelka est intol\u00e9rable ! Je vais d\u00e9poser une proposition de loi pour punir ce nouveau salut nazi pratiqu\u00e9 par les antis\u00e9mites.   La France a adopt\u00e9 des lois pour \u00ab punir l\u2019antis\u00e9mitisme \u00bb . Le r\u00e9sultat est \u00e0 l\u2019oppos\u00e9. De telles dispositions tendent simplement \u00e0 confirmer la vieille id\u00e9e selon laquelle \u00ab les juifs dirigent le pays \u00bb et participent \u00e0 la mont\u00e9e de l\u2019antis\u00e9mitisme. Quand de jeunes fran\u00e7ais voient un Franco-isra\u00e9lien essayer de transformer en d\u00e9lit un simple geste, quand la communaut\u00e9 juive se mobilise pour interdire leur humoriste pr\u00e9f\u00e9r\u00e9, cela ne peut que faire monter l\u2019antis\u00e9mitisme et m\u00eame encore plus rapidement.  Il reste que dans cette escalade le rapport de forces est tr\u00e8s in\u00e9gal. Un humoriste n\u2019a pour armes que des mots et des fans qui pourraient bien se disperser quand la situation va se corser. De l\u2019autre c\u00f4t\u00e9 se trouvent l\u2019id\u00e9ologie dominante et le pouvoir de l\u2019\u00c9tat.  Dans ce genre de conflit, la paix civile d\u00e9pend de la sagesse et de la capacit\u00e9 de ceux qui ont le plus de pouvoir \u00e0 faire montre de retenue. S\u2019ils n\u2019agissent pas en ce sens, alors cela pourrait \u00eatre un jeu sans vainqueurs.  Article original en anglais : counterpunch.org  Traduction : Mounadil al Djaza\u00efri   \u00c9crire \u00e0 Diana Johnstone : diana.johnstone@wanadoo.fr<\/p>\n","protected":false},"excerpt":{"rendered":"<p>LA CABALE ANTI DIEUDONNE VUE PAR UNE AM\u00c9RICAINE Bravo, madame ! Alors que tombent les nouvelles des d\u00e9cisions des maires [&hellip;]<\/p>\n","protected":false},"author":1,"featured_media":0,"comment_status":"open","ping_status":"open","sticky":false,"template":"","format":"standard","meta":{"sfsi_plus_gutenberg_text_before_share":"","sfsi_plus_gutenberg_show_text_before_share":"","sfsi_plus_gutenberg_icon_type":"","sfsi_plus_gutenberg_icon_alignemt":"","sfsi_plus_gutenburg_max_per_row":"","site-sidebar-layout":"default","site-content-layout":"","ast-site-content-layout":"default","site-content-style":"default","site-sidebar-style":"default","ast-global-header-display":"","ast-banner-title-visibility":"","ast-main-header-display":"","ast-hfb-above-header-display":"","ast-hfb-below-header-display":"","ast-hfb-mobile-header-display":"","site-post-title":"","ast-breadcrumbs-content":"","ast-featured-img":"","footer-sml-layout":"","ast-disable-related-posts":"","theme-transparent-header-meta":"","adv-header-id-meta":"","stick-header-meta":"","header-above-stick-meta":"","header-main-stick-meta":"","header-below-stick-meta":"","astra-migrate-meta-layouts":"default","ast-page-background-enabled":"default","ast-page-background-meta":{"desktop":{"background-color":"var(--ast-global-color-4)","background-image":"","background-repeat":"repeat","background-position":"center center","background-size":"auto","background-attachment":"scroll","background-type":"","background-media":"","overlay-type":"","overlay-color":"","overlay-opacity":"","overlay-gradient":""},"tablet":{"background-color":"","background-image":"","background-repeat":"repeat","background-position":"center center","background-size":"auto","background-attachment":"scroll","background-type":"","background-media":"","overlay-type":"","overlay-color":"","overlay-opacity":"","overlay-gradient":""},"mobile":{"background-color":"","background-image":"","background-repeat":"repeat","background-position":"center center","background-size":"auto","background-attachment":"scroll","background-type":"","background-media":"","overlay-type":"","overlay-color":"","overlay-opacity":"","overlay-gradient":""}},"ast-content-background-meta":{"desktop":{"background-color":"var(--ast-global-color-5)","background-image":"","background-repeat":"repeat","background-position":"center center","background-size":"auto","background-attachment":"scroll","background-type":"","background-media":"","overlay-type":"","overlay-color":"","overlay-opacity":"","overlay-gradient":""},"tablet":{"background-color":"var(--ast-global-color-5)","background-image":"","background-repeat":"repeat","background-position":"center center","background-size":"auto","background-attachment":"scroll","background-type":"","background-media":"","overlay-type":"","overlay-color":"","overlay-opacity":"","overlay-gradient":""},"mobile":{"background-color":"var(--ast-global-color-5)","background-image":"","background-repeat":"repeat","background-position":"center center","background-size":"auto","background-attachment":"scroll","background-type":"","background-media":"","overlay-type":"","overlay-color":"","overlay-opacity":"","overlay-gradient":""}},"footnotes":""},"categories":[16],"tags":[],"class_list":["post-1329","post","type-post","status-publish","format-standard","hentry","category-archives-cms"],"_links":{"self":[{"href":"https:\/\/lavoiedessansvoix.fr\/lavoie\/wp-json\/wp\/v2\/posts\/1329","targetHints":{"allow":["GET"]}}],"collection":[{"href":"https:\/\/lavoiedessansvoix.fr\/lavoie\/wp-json\/wp\/v2\/posts"}],"about":[{"href":"https:\/\/lavoiedessansvoix.fr\/lavoie\/wp-json\/wp\/v2\/types\/post"}],"author":[{"embeddable":true,"href":"https:\/\/lavoiedessansvoix.fr\/lavoie\/wp-json\/wp\/v2\/users\/1"}],"replies":[{"embeddable":true,"href":"https:\/\/lavoiedessansvoix.fr\/lavoie\/wp-json\/wp\/v2\/comments?post=1329"}],"version-history":[{"count":0,"href":"https:\/\/lavoiedessansvoix.fr\/lavoie\/wp-json\/wp\/v2\/posts\/1329\/revisions"}],"wp:attachment":[{"href":"https:\/\/lavoiedessansvoix.fr\/lavoie\/wp-json\/wp\/v2\/media?parent=1329"}],"wp:term":[{"taxonomy":"category","embeddable":true,"href":"https:\/\/lavoiedessansvoix.fr\/lavoie\/wp-json\/wp\/v2\/categories?post=1329"},{"taxonomy":"post_tag","embeddable":true,"href":"https:\/\/lavoiedessansvoix.fr\/lavoie\/wp-json\/wp\/v2\/tags?post=1329"}],"curies":[{"name":"wp","href":"https:\/\/api.w.org\/{rel}","templated":true}]}}