{"id":1328,"date":"2014-01-09T04:57:00","date_gmt":"2014-01-09T03:57:00","guid":{"rendered":"https:\/\/lavoiedessansvoix.fr\/lavoie\/2014\/01\/09\/archive-qui-insulte-vraiment-la-memoire-des-victimes-de-la-shoah\/"},"modified":"2014-01-09T04:57:00","modified_gmt":"2014-01-09T03:57:00","slug":"archive-qui-insulte-vraiment-la-memoire-des-victimes-de-la-shoah","status":"publish","type":"post","link":"https:\/\/lavoiedessansvoix.fr\/lavoie\/2014\/01\/09\/archive-qui-insulte-vraiment-la-memoire-des-victimes-de-la-shoah\/","title":{"rendered":"QUI, INSULTE VRAIMENT LA M\u00c9MOIRE DES VICTIMES DE LA SHOAH ?"},"content":{"rendered":"<p>QUI, INSULTE VRAIMENT LA M\u00c9MOIRE DES VICTIMES DE LA SHOAH ?   Dans le vacarme actuel des insultes et des impr\u00e9cations dirig\u00e9es contre Dieudonn\u00e9, j\u2019entends cette accusation \u00e0 caract\u00e8re r\u00e9dhibitoire : \u00ab il se moque, il insulte les victimes de la Shoah \u00bb.   Sur le fond de savoir si ces accusations sont fond\u00e9es, je ne veux pas r\u00e9pondre en m\u2019appuyant sur la rumeur, les bouts de phrases sorties de leur contexte, les citations tronqu\u00e9es. Je me prononcerai en toute conscience quand j\u2019aurai vu et entendu moi-m\u00eame son spectacle.   Mais quoi qu\u2019il en soit, et \u00e0 supposer, dans l\u2019attente, que cela soit vrai. Il y a dirai-je, insultes et insultes. Elles ne sont pas cens\u00e9s \u00eatre toutes de la m\u00eame gravit\u00e9, peser toutes le m\u00eame poids social ni avoir le m\u00eame impact politique. Qui insultent vraiment les victimes de la Shoah, Dieudonn\u00e9 qui plaisante \u00e0 propos de sujets dont on est plus habitu\u00e9 qu\u2019ils provoquent l\u2019horreur, ou ceux qui instrumentalisent ce terrible pass\u00e9 pour faire taire les consciences qui protestent contre les crimes d\u2019aujourd\u2019hui ? Pour nous il n\u2019y a pas le moindre doute. Ceux qui insultent vraiment, bien que parfois m\u00eame inconsciemment, la m\u00e9moire des victimes de l\u2019holocauste des Juifs sont ceux qui l\u2019invoque pour t\u00e9taniser toute opposition \u00e0 la criminelle politique de l\u2019\u00c9tat d\u2019Isra\u00ebl lequel impose \u00e0 Gaza des s\u00e9vices et le plus ignominieux des blocus de l\u2019histoire moderne de l\u2019humanit\u00e9.  Ceux-l\u00e0, \u00ab quand on appelle un chat un chat \u00bb, crime un crime, se h\u00e9rissent et sortent de leurs gonds. On ne doit pas comparer leurs (ex) actions \u00e0 eux, les victimes r\u00e9put\u00e9es, (ont-ils \u00e9t\u00e9 les seules ?) aux crimes des nazis leurs bourreaux. Mais c\u2019est pr\u00e9cis\u00e9ment ce que nous n\u2019avons pas fait. Pour ne pas \u00eatre comparables par leur ampleur, leur contexte, ou les m\u00e9thodes, \u00e0 ceux de leurs anciens tortionnaires, les crimes pr\u00e9sents des tortionnaires juifs-sionistes du peuple palestinien sont-ils plus excusables ? Doivent-ils \u00eatre absouts et parfois m\u00eame avant que d\u2019avoir \u00e9t\u00e9 commis ? Pas un seul homme de bon sens ne r\u00e9pondra positivement \u00e0 cette question. Et il ne fait gu\u00e8re de doute \u00e0 notre sens que pas une seule des victimes  juives du blocus allemand du ghetto de Varsovie ne justifierait en conscience le blocus de Gaza.   Quel que puisse \u00eatre le degr\u00e9 de mauvais go\u00fbt des plaisanteries de Dieudonn\u00e9 et par voies de cons\u00e9quence les injures verbales que celles-ci pourraient constituer pour la m\u00e9moire des victimes de la Shoah, elles ne sont en v\u00e9rit\u00e9 que peu de choses comparativement aux meurtrissures et \u00e0 la douloureuse offense, qui les affligerait si elles apprenaient d\u2019aventure que leur descendance, et en leur nom, justifie les souffrances et les crimes qu\u2019elle inflige \u00e0 d\u2019autres peuples.    C\u2019est pourquoi ceux-l\u00e0, qui veulent faire taire l\u2019humour sarcastique et peut-\u00eatre d\u00e9plac\u00e9 de Dieudonn\u00e9, seraient plus fond\u00e9s \u00e0 le faire s\u2019ils militaient d\u2019abord, ou aussi, \u00e0 faire cesser les exactions criminelles de l\u2019\u00c9tat d\u2019Isra\u00ebl contre le peuple palestinien, s\u2019ils exigeaient la lev\u00e9e imm\u00e9diate et sans conditions du blocus militaire de Gaza et le paiements par Isra\u00ebl de dommages de guerre, au peuple de ce territoire martyre.   Jeudi 9 d\u00e9cembre 2013.<\/p>\n","protected":false},"excerpt":{"rendered":"<p>QUI, INSULTE VRAIMENT LA M\u00c9MOIRE DES VICTIMES DE LA SHOAH ? Dans le vacarme actuel des insultes et des impr\u00e9cations [&hellip;]<\/p>\n","protected":false},"author":1,"featured_media":0,"comment_status":"open","ping_status":"open","sticky":false,"template":"","format":"standard","meta":{"sfsi_plus_gutenberg_text_before_share":"","sfsi_plus_gutenberg_show_text_before_share":"","sfsi_plus_gutenberg_icon_type":"","sfsi_plus_gutenberg_icon_alignemt":"","sfsi_plus_gutenburg_max_per_row":"","site-sidebar-layout":"default","site-content-layout":"","ast-site-content-layout":"default","site-content-style":"default","site-sidebar-style":"default","ast-global-header-display":"","ast-banner-title-visibility":"","ast-main-header-display":"","ast-hfb-above-header-display":"","ast-hfb-below-header-display":"","ast-hfb-mobile-header-display":"","site-post-title":"","ast-breadcrumbs-content":"","ast-featured-img":"","footer-sml-layout":"","ast-disable-related-posts":"","theme-transparent-header-meta":"","adv-header-id-meta":"","stick-header-meta":"","header-above-stick-meta":"","header-main-stick-meta":"","header-below-stick-meta":"","astra-migrate-meta-layouts":"default","ast-page-background-enabled":"default","ast-page-background-meta":{"desktop":{"background-color":"var(--ast-global-color-4)","background-image":"","background-repeat":"repeat","background-position":"center center","background-size":"auto","background-attachment":"scroll","background-type":"","background-media":"","overlay-type":"","overlay-color":"","overlay-opacity":"","overlay-gradient":""},"tablet":{"background-color":"","background-image":"","background-repeat":"repeat","background-position":"center center","background-size":"auto","background-attachment":"scroll","background-type":"","background-media":"","overlay-type":"","overlay-color":"","overlay-opacity":"","overlay-gradient":""},"mobile":{"background-color":"","background-image":"","background-repeat":"repeat","background-position":"center center","background-size":"auto","background-attachment":"scroll","background-type":"","background-media":"","overlay-type":"","overlay-color":"","overlay-opacity":"","overlay-gradient":""}},"ast-content-background-meta":{"desktop":{"background-color":"var(--ast-global-color-5)","background-image":"","background-repeat":"repeat","background-position":"center center","background-size":"auto","background-attachment":"scroll","background-type":"","background-media":"","overlay-type":"","overlay-color":"","overlay-opacity":"","overlay-gradient":""},"tablet":{"background-color":"var(--ast-global-color-5)","background-image":"","background-repeat":"repeat","background-position":"center center","background-size":"auto","background-attachment":"scroll","background-type":"","background-media":"","overlay-type":"","overlay-color":"","overlay-opacity":"","overlay-gradient":""},"mobile":{"background-color":"var(--ast-global-color-5)","background-image":"","background-repeat":"repeat","background-position":"center center","background-size":"auto","background-attachment":"scroll","background-type":"","background-media":"","overlay-type":"","overlay-color":"","overlay-opacity":"","overlay-gradient":""}},"footnotes":""},"categories":[16],"tags":[],"class_list":["post-1328","post","type-post","status-publish","format-standard","hentry","category-archives-cms"],"_links":{"self":[{"href":"https:\/\/lavoiedessansvoix.fr\/lavoie\/wp-json\/wp\/v2\/posts\/1328","targetHints":{"allow":["GET"]}}],"collection":[{"href":"https:\/\/lavoiedessansvoix.fr\/lavoie\/wp-json\/wp\/v2\/posts"}],"about":[{"href":"https:\/\/lavoiedessansvoix.fr\/lavoie\/wp-json\/wp\/v2\/types\/post"}],"author":[{"embeddable":true,"href":"https:\/\/lavoiedessansvoix.fr\/lavoie\/wp-json\/wp\/v2\/users\/1"}],"replies":[{"embeddable":true,"href":"https:\/\/lavoiedessansvoix.fr\/lavoie\/wp-json\/wp\/v2\/comments?post=1328"}],"version-history":[{"count":0,"href":"https:\/\/lavoiedessansvoix.fr\/lavoie\/wp-json\/wp\/v2\/posts\/1328\/revisions"}],"wp:attachment":[{"href":"https:\/\/lavoiedessansvoix.fr\/lavoie\/wp-json\/wp\/v2\/media?parent=1328"}],"wp:term":[{"taxonomy":"category","embeddable":true,"href":"https:\/\/lavoiedessansvoix.fr\/lavoie\/wp-json\/wp\/v2\/categories?post=1328"},{"taxonomy":"post_tag","embeddable":true,"href":"https:\/\/lavoiedessansvoix.fr\/lavoie\/wp-json\/wp\/v2\/tags?post=1328"}],"curies":[{"name":"wp","href":"https:\/\/api.w.org\/{rel}","templated":true}]}}