{"id":1327,"date":"2014-01-10T09:19:00","date_gmt":"2014-01-10T08:19:00","guid":{"rendered":"https:\/\/lavoiedessansvoix.fr\/lavoie\/2014\/01\/10\/archive-le-cri\/"},"modified":"2014-01-10T09:19:00","modified_gmt":"2014-01-10T08:19:00","slug":"archive-le-cri","status":"publish","type":"post","link":"https:\/\/lavoiedessansvoix.fr\/lavoie\/2014\/01\/10\/archive-le-cri\/","title":{"rendered":"LE CRI"},"content":{"rendered":"<p>LE CRI Cri de col\u00e8re, cri de terreur, cri d\u2019indignation, cri d\u2019exasp\u00e9ration, cri du peuple. Nos champions en d\u00e9mocratie, ceux-l\u00e0 m\u00eame qui regrettent de n\u2019avoir pas \u00e9t\u00e9 \u00ab de la f\u00eate \u00bb en Irak, qui importent la \u00ab d\u00e9mocratie \u00bb en C\u00f4te-d\u2019Ivoire, en Libye, au Mali, en Syrie, en Centre Afrique, qui prennent des tonalit\u00e9s de donneurs de le\u00e7ons en Russie, en Chine et ailleurs ; les champions de la d\u00e9mocratie occidentale interdisent l\u2019expression d\u2019un humoriste sur leur propre territoire.  La voie des sans voix n\u2019est pas prise en d\u00e9faut. Voil\u00e0 d\u00e9j\u00e0 longtemps que nous pestons contre ces andro\u00efdes qui font syst\u00e9matiquement le contraire de ce qu\u2019ils disent ou pr\u00e9tendent. Voil\u00e0 longtemps que nous avons \u00e9crit sur ce Site, puis regroup\u00e9s dans \u00ab forum \u00bb les articles ayant trait \u00e0 ce que nous avons appel\u00e9 \u00ab l\u2019horreur d\u00e9mocratique \u00bb. Ceux qui les ont lus en leur temps les trouv\u00e8rent, parfois peut-\u00eatre un peu excessifs. Pourtant la voil\u00e0,  devant nous  \u00ab l\u2019horreur d\u00e9mocratique \u00bb, droite et glac\u00e9e, \u00ab raide comme la justice \u00bb. Ont-ils raison, Ils sont l\u2019\u00c9tat ? NON, ils ont tort les liberticides, ils sont la main glac\u00e9e de la dictature sioniste qui s\u2019abat sur la France.  R\u00e9volte, indignation, rejet, des \u00e9ch\u00e9ances \u00e9lectorales approchent. Que la sanction populaire tombe sur leur nuque comme un couperet tranchant. Droite et gauche, ce sont les m\u00eames, ils en ont administr\u00e9 de nouvelles preuves \u00ab dans le d\u00e9roulement de la r\u00e9cente affaire Dieudonn\u00e9. Voil\u00e0 trois d\u00e9cennies que d\u2019alternance en alternance ils m\u00e8nent le peuple laborieux dans le Mur (le Mur, le mur, \u00e7a ne vous dit pas quelque chose ?). Bien s\u00fbr, une fois encore ils tenteront de se tirer d\u2019\u00e9paisseur en criant au loup comme Pierrot : attention \u00ab la droite reviens \u00bb \u00ab Marine arrive \u00bb ! Mais comme pour Pierrot \u00e0 la fin, la recette ne fonctionnera pas cette fois. Ils ont trop souvent cri\u00e9 au loup \u00e0 contre temps. Et jusqu\u2019o\u00f9, au pr\u00e9texte du danger du loup, devrions-nous rester cois,  enferm\u00e9s dans le pi\u00e8ge \u00e0 m\u00e2choires de l\u2019alternance d\u00e9bile, subir les attaques frontales ou non contre les classes populaires ?  Il y en a marre,  Vous voterez comme vous le pouvez mais avec pour objectif de sanctionner le PS et l\u2019UMP mari\u00e9s dans le rejet populaire. Pas question du retour d\u2019un clown contre un autre il va s\u2019agir de renouveler l\u2019avenir. Il ne peut s\u2019agir de choisir entre la peste et le Chol\u00e9ra, entre  Hollande et Sarkozy ou l\u2019inverse. Il faut, pire qu\u2019en 93, leur glacer les sangs. Il faut faire exploser le syst\u00e8me, d\u00e9gager l\u2019horizon pour qu\u2019apparaissent enfin de nouvelles perspectives. Nous en sommes bien conscients, Beaucoup voterons FN, nous n\u2019en sommes pas. Dans un tel marasme nous n\u2019avons toutefois pas le c\u0153ur de jeter la pierre \u00e0 personne. Pour notre part nous pr\u00e9f\u00e9rerons voter \u00ab front de Gauche \u00bb ou extr\u00eame gauche, qu\u2019importe. Vous voterez blancs, vous voterez nul, vous vous abstiendrez, vous voterez la sanction terrible et sans appel. Ce qui importe \u00e0 notre sens ce sera d\u2019infliger la plus cuisante des d\u00e9culott\u00e9es \u00e0 \u00ab l\u2019establishment \u00bb politique.   Vendredi 10 d\u00e9cembre 2013.<\/p>\n","protected":false},"excerpt":{"rendered":"<p>LE CRI Cri de col\u00e8re, cri de terreur, cri d\u2019indignation, cri d\u2019exasp\u00e9ration, cri du peuple. Nos champions en d\u00e9mocratie, ceux-l\u00e0 [&hellip;]<\/p>\n","protected":false},"author":1,"featured_media":0,"comment_status":"open","ping_status":"open","sticky":false,"template":"","format":"standard","meta":{"sfsi_plus_gutenberg_text_before_share":"","sfsi_plus_gutenberg_show_text_before_share":"","sfsi_plus_gutenberg_icon_type":"","sfsi_plus_gutenberg_icon_alignemt":"","sfsi_plus_gutenburg_max_per_row":"","site-sidebar-layout":"default","site-content-layout":"","ast-site-content-layout":"default","site-content-style":"default","site-sidebar-style":"default","ast-global-header-display":"","ast-banner-title-visibility":"","ast-main-header-display":"","ast-hfb-above-header-display":"","ast-hfb-below-header-display":"","ast-hfb-mobile-header-display":"","site-post-title":"","ast-breadcrumbs-content":"","ast-featured-img":"","footer-sml-layout":"","ast-disable-related-posts":"","theme-transparent-header-meta":"","adv-header-id-meta":"","stick-header-meta":"","header-above-stick-meta":"","header-main-stick-meta":"","header-below-stick-meta":"","astra-migrate-meta-layouts":"default","ast-page-background-enabled":"default","ast-page-background-meta":{"desktop":{"background-color":"var(--ast-global-color-4)","background-image":"","background-repeat":"repeat","background-position":"center center","background-size":"auto","background-attachment":"scroll","background-type":"","background-media":"","overlay-type":"","overlay-color":"","overlay-opacity":"","overlay-gradient":""},"tablet":{"background-color":"","background-image":"","background-repeat":"repeat","background-position":"center center","background-size":"auto","background-attachment":"scroll","background-type":"","background-media":"","overlay-type":"","overlay-color":"","overlay-opacity":"","overlay-gradient":""},"mobile":{"background-color":"","background-image":"","background-repeat":"repeat","background-position":"center center","background-size":"auto","background-attachment":"scroll","background-type":"","background-media":"","overlay-type":"","overlay-color":"","overlay-opacity":"","overlay-gradient":""}},"ast-content-background-meta":{"desktop":{"background-color":"var(--ast-global-color-5)","background-image":"","background-repeat":"repeat","background-position":"center center","background-size":"auto","background-attachment":"scroll","background-type":"","background-media":"","overlay-type":"","overlay-color":"","overlay-opacity":"","overlay-gradient":""},"tablet":{"background-color":"var(--ast-global-color-5)","background-image":"","background-repeat":"repeat","background-position":"center center","background-size":"auto","background-attachment":"scroll","background-type":"","background-media":"","overlay-type":"","overlay-color":"","overlay-opacity":"","overlay-gradient":""},"mobile":{"background-color":"var(--ast-global-color-5)","background-image":"","background-repeat":"repeat","background-position":"center center","background-size":"auto","background-attachment":"scroll","background-type":"","background-media":"","overlay-type":"","overlay-color":"","overlay-opacity":"","overlay-gradient":""}},"footnotes":""},"categories":[16],"tags":[],"class_list":["post-1327","post","type-post","status-publish","format-standard","hentry","category-archives-cms"],"_links":{"self":[{"href":"https:\/\/lavoiedessansvoix.fr\/lavoie\/wp-json\/wp\/v2\/posts\/1327","targetHints":{"allow":["GET"]}}],"collection":[{"href":"https:\/\/lavoiedessansvoix.fr\/lavoie\/wp-json\/wp\/v2\/posts"}],"about":[{"href":"https:\/\/lavoiedessansvoix.fr\/lavoie\/wp-json\/wp\/v2\/types\/post"}],"author":[{"embeddable":true,"href":"https:\/\/lavoiedessansvoix.fr\/lavoie\/wp-json\/wp\/v2\/users\/1"}],"replies":[{"embeddable":true,"href":"https:\/\/lavoiedessansvoix.fr\/lavoie\/wp-json\/wp\/v2\/comments?post=1327"}],"version-history":[{"count":0,"href":"https:\/\/lavoiedessansvoix.fr\/lavoie\/wp-json\/wp\/v2\/posts\/1327\/revisions"}],"wp:attachment":[{"href":"https:\/\/lavoiedessansvoix.fr\/lavoie\/wp-json\/wp\/v2\/media?parent=1327"}],"wp:term":[{"taxonomy":"category","embeddable":true,"href":"https:\/\/lavoiedessansvoix.fr\/lavoie\/wp-json\/wp\/v2\/categories?post=1327"},{"taxonomy":"post_tag","embeddable":true,"href":"https:\/\/lavoiedessansvoix.fr\/lavoie\/wp-json\/wp\/v2\/tags?post=1327"}],"curies":[{"name":"wp","href":"https:\/\/api.w.org\/{rel}","templated":true}]}}