{"id":1325,"date":"2014-01-12T08:15:00","date_gmt":"2014-01-12T07:15:00","guid":{"rendered":"https:\/\/lavoiedessansvoix.fr\/lavoie\/2014\/01\/12\/archive-dissoudre-la-licra-pourquoi-ai-je-signe-la-petition-de-dieudonne-m-bala-m-bala\/"},"modified":"2014-01-12T08:15:00","modified_gmt":"2014-01-12T07:15:00","slug":"archive-dissoudre-la-licra-pourquoi-ai-je-signe-la-petition-de-dieudonne-m-bala-m-bala","status":"publish","type":"post","link":"https:\/\/lavoiedessansvoix.fr\/lavoie\/2014\/01\/12\/archive-dissoudre-la-licra-pourquoi-ai-je-signe-la-petition-de-dieudonne-m-bala-m-bala\/","title":{"rendered":"DISSOUDRE LA LICRA ?   Pourquoi ai-Je sign\u00e9 la p\u00e9tition de Dieudonn\u00e9 M\u2019bala M\u2019bala ?"},"content":{"rendered":"<p>DISSOUDRE LA LICRA ? Pourquoi ai-Je sign\u00e9 la p\u00e9tition de Dieudonn\u00e9 M\u2019bala M\u2019bala ? Vous d\u00e9fendez la libert\u00e9 d\u2019expression et de r\u00e9union, et cela va avec, vous d\u00e9fendez probablement aussi la libert\u00e9 d\u2019association ? Alors pourquoi voulez-vous dissoudre la LICRA ? N\u2019est-ce pas en totale contradiction avec vos professions de foi ?   Cette question est en effet fond\u00e9e. Saint-Just a dit, et il avait raison, dans un contexte historique particulier o\u00f9 le sort de la libert\u00e9 n\u2019\u00e9tait plus du ressort des id\u00e9es mais de celui des combats, \u00ab qu\u2019il n\u2019y a pas de libert\u00e9 pour les ennemis de la libert\u00e9 \u00bb. Mais en dehors d\u2019un tel contexte historique nous ne pouvons \u00eatre de cet avis. La libert\u00e9 ne se partage pas. La formule, \u00ab les ennemis de la libert\u00e9 \u00bb est d\u2019ailleurs sujette \u00e0 interpr\u00e9tation \u2026. Ce ne sont pas les m\u00eames, suivant qui en juge, et, o\u00f9 cela commence-t-il, et o\u00f9 cela s\u2019arr\u00eate-t-il ? Qui en d\u00e9cide ? Les opinions se d\u00e9fendent ou se combattent, non par l\u2019intercession de la loi, des mesures coercitives de \u00ab justice \u00bb, mais par d\u2019autres id\u00e9es et par des arguments.   Mais les id\u00e9es, il est vrai, n\u2019ont pas vocation \u00e0 rester cantonn\u00e9es dans la sph\u00e8re de la pens\u00e9e, du mental et de l\u2019intellect. Leur vocation est de gagner les esprits, de s\u2019incarner en forces transformatrices. C\u2019est alors qu\u2019il advient parfois que le d\u00e9bat, le combat intellectuel, ne soient plus de nature \u00e0 r\u00e9pondre \u00e0 leurs exigences ou pr\u00e9tentions. L\u2019affrontement des courants de pens\u00e9e passent alors du domaine du simple d\u00e9bat d\u2019id\u00e9es dans le domaine des luttes sociales ou soci\u00e9tales. Et l\u00e0 bien entendu, chacun se voit contraint d\u2019utiliser d\u2019autres armes que celles de la rh\u00e9torique ou de la pol\u00e9mique, pour d\u00e9fendre son espace de libert\u00e9 ou r\u00e9duire l\u2019autre.   C\u2019est ce qui advient avec la LICRA. Cette association avait vocation \u00e0 lutter contre le racisme et l\u2019antis\u00e9mitisme, ce qui est, \u00e0 priori, une mission tout \u00e0 fait louable, contre laquelle nous n\u2019avons pas seulement rien \u00e0 dire, mais que nous partageons m\u00eame. Avec cette r\u00e9serve toutefois qu\u2019un internaute a relev\u00e9 r\u00e9cemment, pourquoi \u00ab Racisme et antis\u00e9mitisme \u00bb ? N\u2019est-ce pas la m\u00eame chose ? Pourquoi vouloir jusqu\u2019en cette affaire singulariser le racisme qui s\u2019attache aux juifs, de tous les autres racismes qui polluent la pens\u00e9e humaine ? La LICRA avait donc, disais-je, vocation \u00e0 lutter contre le racisme et l\u2019antis\u00e9mitisme, et s\u2019en fut-elle tenue \u00e0 cette mission, nous n\u2019aurions jamais song\u00e9 \u00e0 autre chose qu\u2019\u00e0 la soutenir. Mais en faisant sien l\u2019amalgame \u00ab antisionisme \u00e9gale antis\u00e9mitisme \u00bb elle a d\u00e9bord\u00e9 du cadre de sa mission fondatrice pour devenir une organisation politique et lobbyiste au service des desseins colonialiste de l\u2019\u00c9tat sioniste d\u2019Isra\u00ebl. M\u00eame vu ainsi, il ne conviendrait pas pour autant d\u2019en demander la dissolution. C\u2019est apr\u00e8s tout son droit le plus strict de croire \u00e0 cet amalgame et de le professer. Mais cet amalgame abusif qu\u2019elle a fait sien, voil\u00e0 qu\u2019elle veut l\u2019imposer \u00e0 tous comme une v\u00e9rit\u00e9 intangible. Instrumentalisant les lois m\u00e9morielles et l\u2019arsenal juridique de lutte contre l\u2019antis\u00e9mitisme propre \u00e0 notre pays, voil\u00e0 qu\u2019elle entend faire taire d\u2019autres courants de pens\u00e9es, amputer les libert\u00e9s publiques dont la France et son peuple sont si jaloux et si fiers. Quand usant de l\u2019autorit\u00e9 de l\u2019Etat, du couperet de la loi et de la justice, de mesures coercitives innommables, on veut faire taire une partie de l\u2019opinion et tailler dans les libert\u00e9s publiques, alors on quitte le terrain du simple d\u00e9bat d\u2019id\u00e9e pour entrer sur celui de la lutte entre forces sociales. Ils veulent faire taire un courant de pens\u00e9e, voil\u00e0 tous les Fran\u00e7ais, tous les d\u00e9fenseurs de la libert\u00e9, justifier \u00e0 les combattre. Ils veulent nous faire taire, nous voil\u00e0 fond\u00e9s \u00e0 nous d\u00e9fendre par tous les moyens \u00e0 notre disposition. C\u2019est alors, et seulement en ces circonstances qu\u2019il devient l\u00e9gitime, puisque salutaire, d\u2019exiger la dissolution des ennemis de notre libert\u00e9.  Dimanche 12 Janvier 2013.<\/p>\n","protected":false},"excerpt":{"rendered":"<p>DISSOUDRE LA LICRA ? Pourquoi ai-Je sign\u00e9 la p\u00e9tition de Dieudonn\u00e9 M\u2019bala M\u2019bala ? Vous d\u00e9fendez la libert\u00e9 d\u2019expression et [&hellip;]<\/p>\n","protected":false},"author":1,"featured_media":0,"comment_status":"open","ping_status":"open","sticky":false,"template":"","format":"standard","meta":{"sfsi_plus_gutenberg_text_before_share":"","sfsi_plus_gutenberg_show_text_before_share":"","sfsi_plus_gutenberg_icon_type":"","sfsi_plus_gutenberg_icon_alignemt":"","sfsi_plus_gutenburg_max_per_row":"","site-sidebar-layout":"default","site-content-layout":"","ast-site-content-layout":"default","site-content-style":"default","site-sidebar-style":"default","ast-global-header-display":"","ast-banner-title-visibility":"","ast-main-header-display":"","ast-hfb-above-header-display":"","ast-hfb-below-header-display":"","ast-hfb-mobile-header-display":"","site-post-title":"","ast-breadcrumbs-content":"","ast-featured-img":"","footer-sml-layout":"","ast-disable-related-posts":"","theme-transparent-header-meta":"","adv-header-id-meta":"","stick-header-meta":"","header-above-stick-meta":"","header-main-stick-meta":"","header-below-stick-meta":"","astra-migrate-meta-layouts":"default","ast-page-background-enabled":"default","ast-page-background-meta":{"desktop":{"background-color":"var(--ast-global-color-4)","background-image":"","background-repeat":"repeat","background-position":"center center","background-size":"auto","background-attachment":"scroll","background-type":"","background-media":"","overlay-type":"","overlay-color":"","overlay-opacity":"","overlay-gradient":""},"tablet":{"background-color":"","background-image":"","background-repeat":"repeat","background-position":"center center","background-size":"auto","background-attachment":"scroll","background-type":"","background-media":"","overlay-type":"","overlay-color":"","overlay-opacity":"","overlay-gradient":""},"mobile":{"background-color":"","background-image":"","background-repeat":"repeat","background-position":"center center","background-size":"auto","background-attachment":"scroll","background-type":"","background-media":"","overlay-type":"","overlay-color":"","overlay-opacity":"","overlay-gradient":""}},"ast-content-background-meta":{"desktop":{"background-color":"var(--ast-global-color-5)","background-image":"","background-repeat":"repeat","background-position":"center center","background-size":"auto","background-attachment":"scroll","background-type":"","background-media":"","overlay-type":"","overlay-color":"","overlay-opacity":"","overlay-gradient":""},"tablet":{"background-color":"var(--ast-global-color-5)","background-image":"","background-repeat":"repeat","background-position":"center center","background-size":"auto","background-attachment":"scroll","background-type":"","background-media":"","overlay-type":"","overlay-color":"","overlay-opacity":"","overlay-gradient":""},"mobile":{"background-color":"var(--ast-global-color-5)","background-image":"","background-repeat":"repeat","background-position":"center center","background-size":"auto","background-attachment":"scroll","background-type":"","background-media":"","overlay-type":"","overlay-color":"","overlay-opacity":"","overlay-gradient":""}},"footnotes":""},"categories":[16],"tags":[],"class_list":["post-1325","post","type-post","status-publish","format-standard","hentry","category-archives-cms"],"_links":{"self":[{"href":"https:\/\/lavoiedessansvoix.fr\/lavoie\/wp-json\/wp\/v2\/posts\/1325","targetHints":{"allow":["GET"]}}],"collection":[{"href":"https:\/\/lavoiedessansvoix.fr\/lavoie\/wp-json\/wp\/v2\/posts"}],"about":[{"href":"https:\/\/lavoiedessansvoix.fr\/lavoie\/wp-json\/wp\/v2\/types\/post"}],"author":[{"embeddable":true,"href":"https:\/\/lavoiedessansvoix.fr\/lavoie\/wp-json\/wp\/v2\/users\/1"}],"replies":[{"embeddable":true,"href":"https:\/\/lavoiedessansvoix.fr\/lavoie\/wp-json\/wp\/v2\/comments?post=1325"}],"version-history":[{"count":0,"href":"https:\/\/lavoiedessansvoix.fr\/lavoie\/wp-json\/wp\/v2\/posts\/1325\/revisions"}],"wp:attachment":[{"href":"https:\/\/lavoiedessansvoix.fr\/lavoie\/wp-json\/wp\/v2\/media?parent=1325"}],"wp:term":[{"taxonomy":"category","embeddable":true,"href":"https:\/\/lavoiedessansvoix.fr\/lavoie\/wp-json\/wp\/v2\/categories?post=1325"},{"taxonomy":"post_tag","embeddable":true,"href":"https:\/\/lavoiedessansvoix.fr\/lavoie\/wp-json\/wp\/v2\/tags?post=1325"}],"curies":[{"name":"wp","href":"https:\/\/api.w.org\/{rel}","templated":true}]}}