{"id":1324,"date":"2014-01-14T02:47:00","date_gmt":"2014-01-14T01:47:00","guid":{"rendered":"https:\/\/lavoiedessansvoix.fr\/lavoie\/2014\/01\/14\/archive-d-ariel-sharon-a-dieudonne\/"},"modified":"2014-01-14T02:47:00","modified_gmt":"2014-01-14T01:47:00","slug":"archive-d-ariel-sharon-a-dieudonne","status":"publish","type":"post","link":"https:\/\/lavoiedessansvoix.fr\/lavoie\/2014\/01\/14\/archive-d-ariel-sharon-a-dieudonne\/","title":{"rendered":"D\u2019ARIEL SHARON A DIEUDONNE"},"content":{"rendered":"<p>D\u2019ARIEL SHARON A DIEUDONNE   Ariel Sharon, le criminel de guerre isra\u00e9lien, apr\u00e8s huit ann\u00e9es de coma, cons\u00e9cutif \u00e0 une attaque c\u00e9r\u00e9brale, la brute \u00e9paisse qui m\u00e9rite de figurer dans la galerie des guerriers sanguinaires de l\u2019Histoire, ancien premier ministre d\u2019Isra\u00ebl est enfin officiellement mort hier.    Nous n\u2019avons bien entendu aucun regret \u00e0 signaler pour cet homme-l\u00e0. Ou plut\u00f4t oui. Celui qu\u2019il n\u2019ait jamais \u00e9t\u00e9 appel\u00e9 \u00e0 r\u00e9pondre de ses crimes. En ces temps o\u00f9 il est commun que ceux qui se font appeler la communaut\u00e9 internationale, la bande des quatre : \u00c9tats-Unis, Royaume Uni, France, Isra\u00ebl, veuillent trainer devant le TPI, comme criminel de guerre tous les chefs d\u2019\u00c9tat et chefs militaires, \u00ab des nations subalternes \u00bb, qui contestent leur h\u00e9g\u00e9monie, n\u2019est-il pas singulier que celui-ci, dont les crimes sont av\u00e9r\u00e9s, n\u2019ait jamais fait l\u2019objet de poursuites ? Il \u00e9tait, il est vrai un ami et un alli\u00e9 des am\u00e9ricains et du bloc imp\u00e9rialiste occidental, et \u00e0 ce titre b\u00e9n\u00e9ficiait d\u2019une impunit\u00e9 totale. Il \u00e9tait un chef politique et militaire de cette petite nation agressive, g\u00e9n\u00e9ratrice depuis 65 ans, de toutes les guerres et de la plupart des souffrances du Moyen-Orient, qui se retranche derri\u00e8re la funeste m\u00e9moire de l\u2019holocauste des Juifs et son statut \u00ab de victime \u00bb, pour \u00e9chapper \u00e0 la critique et \u00e0 l\u2019interpellation de l\u2019opinion publique internationale.  Or, n\u2019est-il pas remarquable qu\u2019Ariel Sharon meure \u00e0 ce temps o\u00f9 en France la deuxi\u00e8me campagne hyst\u00e9rique contre l\u2019humoriste Dieudonn\u00e9, vient de donner lieu \u00e0 une jurisprudence liberticide du Conseil d\u2019\u00c9tat qui est, en mati\u00e8re de communication, une sorte de couronnement de son action.  C\u2019est en effet, en 2002\/2003, Quand le g\u00e9n\u00e9ral Sharon, alors premier Ministre avait ordonn\u00e9 le si\u00e8ge des villes palestiniennes de Cisjordanie, quand Yasser Arafat \u00e9tait prisonnier, \u00e0 port\u00e9e de tir des chars isra\u00e9liens dans la Mouqata\u2019a d\u00e9truite \u00e0 Ramallah, quand l\u2019opinion internationale commen\u00e7ait \u00e0 se crisper, et \u00e0 d\u00e9noncer la brutalit\u00e9 isra\u00e9lienne, que fut d\u00e9ploy\u00e9e une grande contre-offensive internationale de l\u2019\u00c9tat h\u00e9breu afin de pr\u00e9venir la d\u00e9sapprobation qui enflait. Nous \u00e9crivions alors dans notre brochure \u00ab des armes pour la Palestine  -A l\u2019adresse de Mr Jacques Chirac, pr\u00e9sident de la R\u00e9publique fran\u00e7aise \u00bb : \u00ab CONTRE FEU. Afin de pr\u00e9venir la r\u00e9probation internationale, l\u2019\u00c9tat d\u2019Isra\u00ebl a d\u00e9cid\u00e9 d\u2019allumer un contre feu avant m\u00eame que celle-ci se fit entendre. Mettant en \u0153uvre tous les moyens dont il dispose comme Etat, mais aussi par l\u2019entremise de la diaspora qui le couvre jalousement, il a lanc\u00e9 une grande campagne contre la r\u00e9surgence, pr\u00e9tendue ou r\u00e9elle, de l\u2019antis\u00e9mitisme. Isra\u00ebl est coutumier du fait. Le m\u00eame stratag\u00e8me a souvent \u00e9t\u00e9 utilis\u00e9. Chaque fois que l\u2019opinion internationale s\u2019avise de manifester son agacement face \u00e0 l\u2019inconduite de l\u2019Etat h\u00e9breu, celui-ci s\u2019efforce, renvoyant les nations Europ\u00e9ennes \u00e0 leur histoire, de raviver le sentiment de culpabilit\u00e9 collective, afin de faire taire les critiques. De \u00ab scotcher la bouche de ceux qui critiquent la politique d\u2019Isra\u00ebl \u00bb a dit Maloud Aounit pr\u00e9sident du MRAP. \u00bb  Sharon mena\u00e7ait de tuer Arafat, de rentrer \u00e0 Gaza faire un massacre avec ses chars et ses h\u00e9licopt\u00e8res. L\u2019indignation des amis du peuple palestinien \u00e9tait au paroxysme. Pourtant, t\u00e9tanis\u00e9s par l\u2019anath\u00e8me \u00ab antis\u00e9mite \u00bb, ce ne sont pas eux qui se firent entendre le plus alors, mais les amis de l\u2019\u00c9tat d\u2019Isra\u00ebl, du G\u00e9n\u00e9ral Sharon, qui venaient au contact des derniers soutiens des palestinien, les traitant d\u2019antis\u00e9mites au pr\u00e9texte qu\u2019ils s\u2019avouaient antisionistes. Il n\u2019y avait gu\u00e8re de jour ou l\u2019on ne nous bassine avec la \u00ab recrudescence \u00bb suppos\u00e9e de l\u2019antis\u00e9mitisme.  La campagne d\u2019agitation sioniste pris de telles proportions que plusieurs d\u00e9rapages significatifs se produisirent. De m\u00e9moire je ne saurai les citer tous, les deux faits que voici m\u2019avaient particuli\u00e8rement marqu\u00e9 : Il s\u2019av\u00e9ra qu\u2019un Rabbin qui affirmait avoir subi une agression antis\u00e9mite s\u2019\u00e9tait en v\u00e9rit\u00e9 scarfi\u00e9 lui-m\u00eame avec un couteau. Une jeune femme, avec un petit enfant, affirma \u00eatre victime d\u2019une agression antis\u00e9mite dans le RER de la part d\u2019un groupe de jeunes gens, provocant la r\u00e9action imm\u00e9diate et imprudente de Pr\u00e9sident Chirac et les d\u00e9lires hyst\u00e9riques de la presse. En v\u00e9rit\u00e9 elle n\u2019avait \u00e9t\u00e9 ni agress\u00e9e et ni m\u00eame n\u2019\u00e9tait juive. C\u2019est dans ce contexte d\u00e9l\u00e9t\u00e8re, sur cette toile de fond \u00e9v\u00e8nementielle, qu\u2019eut lieu le sketch de Dieudonn\u00e9 dans l\u2019\u00e9mission de Marc Olivier Fogiel,(le \u2026\u2026\u2026\u2026.) \u00ab On ne peut pas plaire \u00e0 tout le monde \u00bb, o\u00f9 il s\u2019\u00e9tait grossi\u00e8rement grim\u00e9 en Juif int\u00e9griste et mimait un extr\u00e9miste isra\u00e9lien, simple r\u00e9plique Populaire du jusqu\u2019au-boutiste G\u00e9n\u00e9ral Sharon, peut-\u00eatre m\u00eame caricature de la politique Isra\u00e9lienne personnifi\u00e9e.. Ainsi resitu\u00e9 on comprend mieux le pourquoi et le comment de l\u2019ire sans mesure que \u00ab les juifs sionistes \u00bb con\u00e7urent alors contre l\u2019Humoriste. D\u2019autant plus que celui-ci s\u2019\u00e9tait d\u00e9j\u00e0 signal\u00e9 en osant discuter la place des juifs sur le podium des victimes de la \u00ab connerie \u00bb humaine. Il avait pr\u00e9tendu, l\u2019outrecuidant, que la traite des noirs avait fait plus de victimes et que ceux-ci avaient subits des traitements non moins odieux. Qu\u2019elle outrecuidance ne fallait-il pas pour vouloir juger sur la m\u00eame \u00e9chelle des valeurs du sort des fils de Cham frapp\u00e9s de mal\u00e9diction divine et de celui des fils de Sem, lign\u00e9e favorite qui est celle des fils de Joseph Isra\u00ebl, le peuple \u00e9lu de Dieu ?    Cette corr\u00e9lation qui existe, que certains ignoraient peut-\u00eatre, ou qui leur avait \u00e9chapp\u00e9, entre Ariel Sharon et la premi\u00e8re campagne de diabolisation de Dieudonn\u00e9 en 2003, m\u00e9ritait d\u2019\u00eatre remise en lumi\u00e8re. Elle illustre bien le sens de toute cette affaire. Depuis ce temps, et quels qu&rsquo;aient pu \u00eatre les crimes odieux commis contre les palestiniens, la contestation a eu de la peine \u00e0 se faire entendre. La culpabilit\u00e9, l\u2019auto censure, la terreur intellectuelle qu\u2019entretiennent certaines associations juives et une presse servile, ont eu raison, de l\u2019indignation l\u00e9gitime.  Mardi 14 janvier 2014.<\/p>\n","protected":false},"excerpt":{"rendered":"<p>D\u2019ARIEL SHARON A DIEUDONNE Ariel Sharon, le criminel de guerre isra\u00e9lien, apr\u00e8s huit ann\u00e9es de coma, cons\u00e9cutif \u00e0 une attaque [&hellip;]<\/p>\n","protected":false},"author":1,"featured_media":0,"comment_status":"open","ping_status":"open","sticky":false,"template":"","format":"standard","meta":{"sfsi_plus_gutenberg_text_before_share":"","sfsi_plus_gutenberg_show_text_before_share":"","sfsi_plus_gutenberg_icon_type":"","sfsi_plus_gutenberg_icon_alignemt":"","sfsi_plus_gutenburg_max_per_row":"","site-sidebar-layout":"default","site-content-layout":"","ast-site-content-layout":"default","site-content-style":"default","site-sidebar-style":"default","ast-global-header-display":"","ast-banner-title-visibility":"","ast-main-header-display":"","ast-hfb-above-header-display":"","ast-hfb-below-header-display":"","ast-hfb-mobile-header-display":"","site-post-title":"","ast-breadcrumbs-content":"","ast-featured-img":"","footer-sml-layout":"","ast-disable-related-posts":"","theme-transparent-header-meta":"","adv-header-id-meta":"","stick-header-meta":"","header-above-stick-meta":"","header-main-stick-meta":"","header-below-stick-meta":"","astra-migrate-meta-layouts":"default","ast-page-background-enabled":"default","ast-page-background-meta":{"desktop":{"background-color":"var(--ast-global-color-4)","background-image":"","background-repeat":"repeat","background-position":"center center","background-size":"auto","background-attachment":"scroll","background-type":"","background-media":"","overlay-type":"","overlay-color":"","overlay-opacity":"","overlay-gradient":""},"tablet":{"background-color":"","background-image":"","background-repeat":"repeat","background-position":"center center","background-size":"auto","background-attachment":"scroll","background-type":"","background-media":"","overlay-type":"","overlay-color":"","overlay-opacity":"","overlay-gradient":""},"mobile":{"background-color":"","background-image":"","background-repeat":"repeat","background-position":"center center","background-size":"auto","background-attachment":"scroll","background-type":"","background-media":"","overlay-type":"","overlay-color":"","overlay-opacity":"","overlay-gradient":""}},"ast-content-background-meta":{"desktop":{"background-color":"var(--ast-global-color-5)","background-image":"","background-repeat":"repeat","background-position":"center center","background-size":"auto","background-attachment":"scroll","background-type":"","background-media":"","overlay-type":"","overlay-color":"","overlay-opacity":"","overlay-gradient":""},"tablet":{"background-color":"var(--ast-global-color-5)","background-image":"","background-repeat":"repeat","background-position":"center center","background-size":"auto","background-attachment":"scroll","background-type":"","background-media":"","overlay-type":"","overlay-color":"","overlay-opacity":"","overlay-gradient":""},"mobile":{"background-color":"var(--ast-global-color-5)","background-image":"","background-repeat":"repeat","background-position":"center center","background-size":"auto","background-attachment":"scroll","background-type":"","background-media":"","overlay-type":"","overlay-color":"","overlay-opacity":"","overlay-gradient":""}},"footnotes":""},"categories":[16],"tags":[],"class_list":["post-1324","post","type-post","status-publish","format-standard","hentry","category-archives-cms"],"_links":{"self":[{"href":"https:\/\/lavoiedessansvoix.fr\/lavoie\/wp-json\/wp\/v2\/posts\/1324","targetHints":{"allow":["GET"]}}],"collection":[{"href":"https:\/\/lavoiedessansvoix.fr\/lavoie\/wp-json\/wp\/v2\/posts"}],"about":[{"href":"https:\/\/lavoiedessansvoix.fr\/lavoie\/wp-json\/wp\/v2\/types\/post"}],"author":[{"embeddable":true,"href":"https:\/\/lavoiedessansvoix.fr\/lavoie\/wp-json\/wp\/v2\/users\/1"}],"replies":[{"embeddable":true,"href":"https:\/\/lavoiedessansvoix.fr\/lavoie\/wp-json\/wp\/v2\/comments?post=1324"}],"version-history":[{"count":0,"href":"https:\/\/lavoiedessansvoix.fr\/lavoie\/wp-json\/wp\/v2\/posts\/1324\/revisions"}],"wp:attachment":[{"href":"https:\/\/lavoiedessansvoix.fr\/lavoie\/wp-json\/wp\/v2\/media?parent=1324"}],"wp:term":[{"taxonomy":"category","embeddable":true,"href":"https:\/\/lavoiedessansvoix.fr\/lavoie\/wp-json\/wp\/v2\/categories?post=1324"},{"taxonomy":"post_tag","embeddable":true,"href":"https:\/\/lavoiedessansvoix.fr\/lavoie\/wp-json\/wp\/v2\/tags?post=1324"}],"curies":[{"name":"wp","href":"https:\/\/api.w.org\/{rel}","templated":true}]}}