{"id":1323,"date":"2014-01-15T04:32:00","date_gmt":"2014-01-15T03:32:00","guid":{"rendered":"https:\/\/lavoiedessansvoix.fr\/lavoie\/2014\/01\/15\/archive-hollande-sort-sa-quenelle\/"},"modified":"2014-01-15T04:32:00","modified_gmt":"2014-01-15T03:32:00","slug":"archive-hollande-sort-sa-quenelle","status":"publish","type":"post","link":"https:\/\/lavoiedessansvoix.fr\/lavoie\/2014\/01\/15\/archive-hollande-sort-sa-quenelle\/","title":{"rendered":"HOLLANDE SORT SA QUENELLE"},"content":{"rendered":"<p>HOLLANDE SORT SA QUENELLE    Non, bien s\u00fbr, pas la grande, pas la c\u00e9l\u00e8bre, pas celle qui fait rire. Pas, mais on s\u2019en serait dout\u00e9, \u00ab la quenelle antisyst\u00e8me \u00bb, lui est en plein dedans. Dans le syst\u00e8me. Il en a administr\u00e9e une preuve suppl\u00e9mentaire hier, lors de sa conf\u00e9rence de presse en annon\u00e7ant par exemple 30 milliards d\u2019all\u00e8gement de cotisations familiales au b\u00e9n\u00e9fice des entreprises, sur le dos des allocataires et des contribuables.  Donc Hollande a sorti sa quenelle, non pas bien s\u00fbr celle de Dieudonn\u00e9 qu\u2019il veut faire criminaliser, mais la sienne, la petite, celle que la pudeur commande de garder dans son pantalon, celle qui n\u2019amuse personne except\u00e9es peut-\u00eatre quelques actrices. Il a sorti sa quenelle \u00e0 la une de \u00ab Charlie Hebdo \u00bb, dans tous les kiosques, sous le crayon irrespectueux de Luz.35   Une de \u00ab\u00a0Charlie Hebdo\u00a0\u00bb \u00e0 para\u00eetre mercredi 15 janvier. Capture d&rsquo;\u00e9cran    Bon, alors on va nous objecter qu\u2019il n\u2019y est pour rien \u00ab le pauvre homme \u00bb que ce n\u2019est pas lui qui offense la biens\u00e9ance sociale, mais les \u00ab\u00a0paparasi\u00a0\u00bb de \u00ab Closer \u00bb et les \u00ab humoristes \u00bb de Charlie heddo. Nous prends-t-on en d\u00e9faut ? Pas le moins du monde. C\u2019est pr\u00e9cis\u00e9ment l\u00e0 au contraire que nous voulions en venir.  Dans sa conf\u00e9rence de presse d\u2019hier, le Pr\u00e9sident de la R\u00e9publique fran\u00e7aise (ce qui en reste) a adopt\u00e9 le ton tranchant de la fermet\u00e9 pour nous dire, faisant allusion \u00e0 Dieudonn\u00e9 qui n\u2019est en v\u00e9rit\u00e9 pas concern\u00e9, que \u00ab le racisme et l\u2019antis\u00e9mitisme seraient combattus partout et sans faiblesse \u00bb. Il a voulu, bien maladroitement, et pour cause, puisque la r\u00e9alit\u00e9 est le contraire, nous affirmer qu\u2019il ne s\u2019agissait nullement de porter atteinte \u00e0 la libert\u00e9 d\u2019expression ni de r\u00e9union. Mais-a-t-il ajout\u00e9, se retranchant derri\u00e8re les termes de l\u2019arr\u00eat du \u00ab Conseil d\u2019Etat \u00bb \u00ab celles-ci ont des limites, celles de l\u2019atteinte \u00e0 la dignit\u00e9 humaine et \u00e0 la dignit\u00e9 de la personne. \u00bb  Atteinte \u00e0 la dignit\u00e9 de la personne, atteinte \u00e0 la dignit\u00e9 humaine et qui plus est \u00e0 la dignit\u00e9 de la fonction pr\u00e9sidentielle ? N\u2019est-ce pas le cas de cette odieuse couverture de Charlie hebdo ? Voil\u00e0 un cas patent o\u00f9 il convient de faire usage de la toute nouvelle jurisprudence du \u00ab Conseil d\u2019Etat \u00bb. Il faut interdire la parution de Charlie hebdo et ordonner son retrait des kiosques et maisons de la presse.  Si cela avait lieu, comme cela se devrait en toute logique, et serai-je presque tent\u00e9 de dire, en toute \u00e9quit\u00e9, l\u2019\u00e9v\u00e8nement \u00e9clairerait de sa lumi\u00e8re crue le caract\u00e8re dangereusement liberticide, quoique en ait pu dire Fran\u00e7ois Hollande, du dernier arr\u00eat du conseil d\u2019Etat.  C\u2019est probablement la raison pour laquelle nos \u00ab combattants de la dignit\u00e9 humaine \u00bb s\u2019abstiendront en l\u2019esp\u00e8ce d\u2019avoir recours \u00e0 une telle mesure. Il y a une autre raison, Charlie hebdo, avec ses caricatures de Mahomet ne s\u2019est-il pas acquis le droit d\u2019entr\u00e9e au \u00ab club de ceux qui peuvent rire de tout et dont on n\u2019a pas le droit de rire.  Quoiqu\u2019il en soit voil\u00e0 la sentence. Une fraction de l\u2019\u00e9lectorat qui avait bien compris que Fran\u00e7ois Hollande \u00e9tait le candidat du syst\u00e8me et ferait la m\u00eame politique fondamentale que Sarkozy, a toutefois fait la diff\u00e9rence qui a permis au \u00ab challenger \u00bb de l\u2019emporter sur \u00ab le pr\u00e9sident sortant \u00bb. Il y avait \u00e0 cela trois raisons :   La premi\u00e8re tenait \u00e0 l\u2019exasp\u00e9ration provoqu\u00e9e par le sortant que beaucoup voulaient sortir \u00e0 tout prix. Par son \u00e9lection, devenant le Pr\u00e9sident \u00ab rentrant \u00bb Fran\u00e7ois Hollande devenait aussi le prochain Pr\u00e9sident \u00ab sortant \u00e0 sortir \u00bb gommant sa premi\u00e8re diff\u00e9rence avec Sarkozy.  La deuxi\u00e8me, pour un nombre plus restreint d\u2019\u00e9lecteurs, tenait \u00e0 l\u2019esp\u00e9rance d\u2019un l\u00e9ger infl\u00e9chissement de la politique internationale de la France, moins agressive, et qui lui rendrait un peu d\u2019ind\u00e9pendance et de dignit\u00e9. Mais \u00e0 peine prenait-il ses fonctions que d\u00e9j\u00e0 il enfilait les \u00ab rangers \u00bb de l\u2019imp\u00e9rialisme et adoptait la tonalit\u00e9 des maitres du monde, gommant la seconde diff\u00e9rence avec Sarkozy.  Il ne lui en restait qu\u2019une seule, \u00ab \u00eatre un pr\u00e9sident normal \u00bb, ne pas humilier la France et les fran\u00e7ais avec les d\u00e9rapages, coups de gueules et frasques dont \u00ab Nicolas le Petit \u00bb \u00e9tait coutumier. Eh bien voil\u00e0, c\u2019est fini, cette derni\u00e8re diff\u00e9rence est gomm\u00e9e \u00e0 son tour. Le pr\u00e9sident \u00ab normal \u00bb est mort. La France serait-elle condamn\u00e9e \u00e0 remettre son sort entre les mains \u00ab de Pr\u00e9sidents finis \u00e0 l\u2019urine ? \u00bb  \u00ab\u00a0Un\u00a0\u00bb, ce pouvait-\u00eatre un accident. Mais \u00ab\u00a0deux\u00a0\u00bb, coup sur coup, n\u2019est-ce pas inqui\u00e9tant ? Ne faut-il pas y voir \u00ab\u00a0un vice\u00a0\u00bb du syst\u00e8me ? N\u2019est-ce pas le principe m\u00eame de l\u2019\u00e9lection du Pr\u00e9sident de la R\u00e9publique au suffrage universel, qu\u2019il convient de contester ?  Mercredi 15 janvier 2014.<\/p>\n","protected":false},"excerpt":{"rendered":"<p>HOLLANDE SORT SA QUENELLE Non, bien s\u00fbr, pas la grande, pas la c\u00e9l\u00e8bre, pas celle qui fait rire. Pas, mais [&hellip;]<\/p>\n","protected":false},"author":1,"featured_media":0,"comment_status":"open","ping_status":"open","sticky":false,"template":"","format":"standard","meta":{"sfsi_plus_gutenberg_text_before_share":"","sfsi_plus_gutenberg_show_text_before_share":"","sfsi_plus_gutenberg_icon_type":"","sfsi_plus_gutenberg_icon_alignemt":"","sfsi_plus_gutenburg_max_per_row":"","site-sidebar-layout":"default","site-content-layout":"","ast-site-content-layout":"default","site-content-style":"default","site-sidebar-style":"default","ast-global-header-display":"","ast-banner-title-visibility":"","ast-main-header-display":"","ast-hfb-above-header-display":"","ast-hfb-below-header-display":"","ast-hfb-mobile-header-display":"","site-post-title":"","ast-breadcrumbs-content":"","ast-featured-img":"","footer-sml-layout":"","ast-disable-related-posts":"","theme-transparent-header-meta":"","adv-header-id-meta":"","stick-header-meta":"","header-above-stick-meta":"","header-main-stick-meta":"","header-below-stick-meta":"","astra-migrate-meta-layouts":"default","ast-page-background-enabled":"default","ast-page-background-meta":{"desktop":{"background-color":"var(--ast-global-color-4)","background-image":"","background-repeat":"repeat","background-position":"center center","background-size":"auto","background-attachment":"scroll","background-type":"","background-media":"","overlay-type":"","overlay-color":"","overlay-opacity":"","overlay-gradient":""},"tablet":{"background-color":"","background-image":"","background-repeat":"repeat","background-position":"center center","background-size":"auto","background-attachment":"scroll","background-type":"","background-media":"","overlay-type":"","overlay-color":"","overlay-opacity":"","overlay-gradient":""},"mobile":{"background-color":"","background-image":"","background-repeat":"repeat","background-position":"center center","background-size":"auto","background-attachment":"scroll","background-type":"","background-media":"","overlay-type":"","overlay-color":"","overlay-opacity":"","overlay-gradient":""}},"ast-content-background-meta":{"desktop":{"background-color":"var(--ast-global-color-5)","background-image":"","background-repeat":"repeat","background-position":"center center","background-size":"auto","background-attachment":"scroll","background-type":"","background-media":"","overlay-type":"","overlay-color":"","overlay-opacity":"","overlay-gradient":""},"tablet":{"background-color":"var(--ast-global-color-5)","background-image":"","background-repeat":"repeat","background-position":"center center","background-size":"auto","background-attachment":"scroll","background-type":"","background-media":"","overlay-type":"","overlay-color":"","overlay-opacity":"","overlay-gradient":""},"mobile":{"background-color":"var(--ast-global-color-5)","background-image":"","background-repeat":"repeat","background-position":"center center","background-size":"auto","background-attachment":"scroll","background-type":"","background-media":"","overlay-type":"","overlay-color":"","overlay-opacity":"","overlay-gradient":""}},"footnotes":""},"categories":[16],"tags":[],"class_list":["post-1323","post","type-post","status-publish","format-standard","hentry","category-archives-cms"],"_links":{"self":[{"href":"https:\/\/lavoiedessansvoix.fr\/lavoie\/wp-json\/wp\/v2\/posts\/1323","targetHints":{"allow":["GET"]}}],"collection":[{"href":"https:\/\/lavoiedessansvoix.fr\/lavoie\/wp-json\/wp\/v2\/posts"}],"about":[{"href":"https:\/\/lavoiedessansvoix.fr\/lavoie\/wp-json\/wp\/v2\/types\/post"}],"author":[{"embeddable":true,"href":"https:\/\/lavoiedessansvoix.fr\/lavoie\/wp-json\/wp\/v2\/users\/1"}],"replies":[{"embeddable":true,"href":"https:\/\/lavoiedessansvoix.fr\/lavoie\/wp-json\/wp\/v2\/comments?post=1323"}],"version-history":[{"count":0,"href":"https:\/\/lavoiedessansvoix.fr\/lavoie\/wp-json\/wp\/v2\/posts\/1323\/revisions"}],"wp:attachment":[{"href":"https:\/\/lavoiedessansvoix.fr\/lavoie\/wp-json\/wp\/v2\/media?parent=1323"}],"wp:term":[{"taxonomy":"category","embeddable":true,"href":"https:\/\/lavoiedessansvoix.fr\/lavoie\/wp-json\/wp\/v2\/categories?post=1323"},{"taxonomy":"post_tag","embeddable":true,"href":"https:\/\/lavoiedessansvoix.fr\/lavoie\/wp-json\/wp\/v2\/tags?post=1323"}],"curies":[{"name":"wp","href":"https:\/\/api.w.org\/{rel}","templated":true}]}}