{"id":1321,"date":"2014-01-17T07:00:00","date_gmt":"2014-01-17T06:00:00","guid":{"rendered":"https:\/\/lavoiedessansvoix.fr\/lavoie\/2014\/01\/17\/archive-la-surprenante-declaration-de-france-palestine-solidarite\/"},"modified":"2014-01-17T07:00:00","modified_gmt":"2014-01-17T06:00:00","slug":"archive-la-surprenante-declaration-de-france-palestine-solidarite","status":"publish","type":"post","link":"https:\/\/lavoiedessansvoix.fr\/lavoie\/2014\/01\/17\/archive-la-surprenante-declaration-de-france-palestine-solidarite\/","title":{"rendered":"LA SURPRENANTE D\u00c9CLARATION DE \u00ab FRANCE PALESTINE SOLIDARIT\u00c9 \u00bb"},"content":{"rendered":"<p>LA SURPRENANTE D\u00c9CLARATION DE \u00ab FRANCE PALESTINE SOLIDARIT\u00c9 \u00bb   France Palestine se trompe de cible.  Nous avions eu connaissance, en son temps, de la surprenante prise de position de l\u2019Association France Palestine, visant l\u2019humoriste Dieudonn\u00e9. Nous lui faisons r\u00e9ponse aujourd\u2019hui.  A l\u2019instar de ses d\u00e9tracteurs des partis politique de gouvernement, d\u00e9montrant un peu plus \u00e0 cette occasion leur collusion et leurs similitudes ; A l\u2019instar des m\u00e9dias coalis\u00e9s auxquels la v\u00e9nalit\u00e9 tient lieu de raison ; A l\u2019instar des associations juives hurlantes, qui le d\u00e9nomment \u00ab pol\u00e9miste \u00bb dans l\u2019intention de lui d\u00e9nier sa qualit\u00e9 d\u2019humoriste ; pensant ainsi peut-\u00eatre, donner, raison, co\u00fbte que co\u00fbte \u00e0 Manuel Valls, qui contre toute \u00e9vidence a dit, \u00ab qu\u2019il ne faisait plus rire personne \u00bb ; France Palestine a pris le parti, elle, de le qualifier de  \u00ab militant d\u2019extr\u00eame droite \u00bb. C\u2019est \u00e0 qui sera le plus blessant.  Les mots rendent compte ou masquent la r\u00e9alit\u00e9, f\u00e9licitent ou insultent, flattent ou flagellent, caressent ou frappent. Ils ne peuvent jamais rien changer \u00e0 la r\u00e9alit\u00e9 factuelle. Qu\u2019il plaise ou qu\u2019il ne plaise pas, qu\u2019elle que soit l\u2019intention de l\u2019offenser, Dieudonn\u00e9 est et reste un humoriste qui revendique le droit de rire et de faire rire aussi de sujets touchant \u00e0 la politique d\u2019Isra\u00ebl, et aux juifs comme de tout autre, ethnie ou religion. Il avait mis, presque par inadvertance, le doigt l\u00e0 o\u00f9 \u00e7a fait mal, sur un vrai sujet de soci\u00e9t\u00e9. Ils ont voulu le lui interdire. Il a relev\u00e9 le gan. Ils ont tent\u00e9 de le lyncher, de le \u00ab tuer \u00bb professionnellement, il n\u2019est pas homme \u00e0 se mettre \u00e0 genoux, il a r\u00e9pliqu\u00e9 par de la surench\u00e8re et de la provocation. \u00c7a peut surprendre et m\u00eame choquer. L\u2019humour est ainsi fait, que l\u2019on se demande parfois \u00ab si c\u2019est du lard ou du cochon \u00bb. Seuls les f\u00e2cheux n\u2019acceptent pas de se d\u00e9rider. Je me souviens qu\u2019au d\u00e9but de la d\u00e9cennie 70, lorsque apparu dans le monde du spectacle, un autre humoriste, controvers\u00e9 en ce temps-l\u00e0, d\u00e9nomm\u00e9 \u00ab Coluche \u00bb, que je ne connaissais pas bien encore, j\u2019avais un apriori contre lui car certains de mes jeunes coll\u00e8gues de travail prenaient au premier degr\u00e9 ses blagues sur les arabes. Or, \u00e0 l\u2019\u00e9poque, presque un nord-africain par jour, en moyenne, trouvait la mort dans des agressions. Aussi trouvai-je son humour mal plac\u00e9 et de fort mauvais-aloi. Ceux qui m\u2019en parlaient et se p\u00e2maient \u00e0 son humour faisaient de celui-ci une interpr\u00e9tation raciste. C\u2019est pourquoi un temps, je le cru \u00ab raciste \u00bb, jusqu\u2019\u00e0 ce que le d\u00e9couvrant par moi-m\u00eame je comprenne que le parti-pris et la b\u00eatise \u00e9taient des miroirs d\u00e9formants aux reflets desquels il convenait de ne pas interpr\u00e9ter la r\u00e9alit\u00e9.   Coluche n\u2019\u00e9tait en rien responsable des interpr\u00e9tations frauduleuses que certains faisaient de son humour \u00e0 l\u2019aune de leur esprit obtus ou pervers. Dieudonn\u00e9 n\u2019est pas d\u2019avantage responsable des interpr\u00e9tations que certains font du sien. Nul n\u2019est tenu de r\u00e9pondre de \u00ab la connerie \u00bb d\u2019autrui. Bon, il est vrai que Coluche faisait, si je puis dire, dans la facilit\u00e9. En France, se moquer des arabes, a \u00e9t\u00e9 de tous temps tellement plus ais\u00e9. Et, sauf la mienne, je ne me souviens pas des protestations de quiconque quand de certains humoristes, au temps du premier choc p\u00e9trolier, \u00ab mettaient un arabe dans leur moteur \u00bb.  Bon, mais ne nous attardons pas sur les interpr\u00e9tations insultantes et les noms d\u2019oiseaux peu am\u00e8nes dont certains se croient tenus d\u2019affubler Dieudonn\u00e9. Ce n\u2019est qu\u2019enfumage, pour exacerber les passions \u00e9garer la raison et masquer les r\u00e9alit\u00e9s. Allons au fond.  Voil\u00e0 ce qui est \u00e9crit sur le Site de \u00ab France Palestine Solidarit\u00e9 \u00bb :   \u00ab C\u2019est le cas aussi quand il pr\u00e9tend d\u00e9fendre les Palestiniens en d\u00e9veloppant des th\u00e8ses racistes et antis\u00e9mites sous le couvert de l\u2019antisionisme. Il d\u00e9tourne ainsi au profit de l\u2019extr\u00eame-droite le juste sentiment d\u2019exasp\u00e9ration face \u00e0 l\u2019amalgame fait par les soutiens de la politique isra\u00e9lienne entre antisionisme et antis\u00e9mitisme. Il donne prise \u00e0 tous ceux qui se complaisent dans une d\u00e9nonciation s\u00e9lective des diverses formes de racisme. Il fait le jeu d\u2019Isra\u00ebl et de tous ses soutiens qui cherchent \u00e0 discr\u00e9diter voire criminaliser toute forme de contestation de la politique isra\u00e9lienne. \u00bb  Si nous comprenons bien votre propos, il y apparait que \u00ab l\u2019Association France  Palestine Solidarit\u00e9 \u00bb (AFPS) convient en toute clart\u00e9 qu\u2019elle partage avec d\u2019autres cette id\u00e9e selon laquelle l\u2019amalgame antisionisme \u00e9gale antis\u00e9mitisme, est un instrument de dictature id\u00e9ologique \u00e0 la faveur duquel l\u2019\u00c9tat sioniste d\u2019Isra\u00ebl, les lobbys isra\u00e9lo-sionistes de par le monde, et leurs alli\u00e9s de l\u2019imp\u00e9rialisme anglo-am\u00e9ricain dont la France est devenu le premier chien de guerre, veulent faire taire toute critique \u00e0 l\u2019endroit de la politique colonialiste isra\u00e9lienne et de ses soutiens. N\u2019est-ce pas d\u2019ailleurs ce dont paradoxalement vous vous plaignez quand vous \u00e9crivez : \u00ab L\u2019AFPS condamne et rejette ces amalgames qui am\u00e8nent \u00e0 tra\u00eener devant les tribunaux en toute ignominie les militants du boycott citoyen qui d\u00e9noncent la politique coloniale et raciste de l\u2019\u00c9tat d\u2019Isra\u00ebl. \u00bb  Or, n\u2019est-ce pas l\u00e0 la raison fondamentale de la cur\u00e9e m\u00e9diatico-politico-juridique, contre Dieudonn\u00e9 ? Mais alors, pourquoi vous croyez-vous tenus de faire l\u2019amalgame ente \u00ab humour \u00e0 propos des juifs et antis\u00e9mitisme ? \u00bb L\u2019humour, fussent-il noir ou d\u00e9plac\u00e9, voire de tr\u00e8s mauvais go\u00fbt ou m\u00eame naus\u00e9abond, comme certains l\u2019affirment, n\u2019aurait jamais justifi\u00e9 \u00e0 lui seul une telle cabale. Il y a plus, et vous ne pouvez pas l\u2019ignorer. Il y a des raisons plus importantes et de v\u00e9ritables enjeux socio-politiques de masse. L\u2019arri\u00e8re fond, les v\u00e9ritables raisons de ce pogrom, ordonn\u00e9, contre Dieudonn\u00e9 et ses \u00ab fans \u00bb consiste en cela pr\u00e9cis\u00e9ment, qu\u2019il a mis le doigt il y a dix ans sur un tabou id\u00e9ologique : l\u2019impunit\u00e9 de l\u2019Etat d\u2019Isra\u00ebl qui jouant de la \u00ab victimisation \u00bb du peuple juif entend faire taire, en hurlant \u00e0 l\u2019antis\u00e9mitisme, toute critique \u00e0 l\u2019\u00e9gard de sa politique colonialiste, agressive. Cette complexion qui existait plus ou moins en pointill\u00e9s depuis longtemps, a pris de l\u2019ampleur et s\u2019est pleinement affirm\u00e9e en 2002\/2OO3 quand le g\u00e9n\u00e9ral Charon menant une terrible offensive antipalestinienne, la majorit\u00e9 de la diaspora juive r\u00e9solut de couvrir la criminelle politique isra\u00e9lienne. C\u2019est alors que cette m\u00e9thode, inspir\u00e9e de la technique \u00ab du contre feu \u00bb, est devenue r\u00e9currente et l\u2019un des atouts majeur de la politique de communication internationale d\u2019Isra\u00ebl. Cette circonstance, \u00e0 elle seule, commandait, qu\u2019\u00e0 d\u00e9faut de partager l\u2019humour de Dieudonn\u00e9, vous ayez la d\u00e9cence, voire m\u00eame la prudence, de ne pas justifier l\u2019agression contre lui dont vous \u00eates pourtant d\u00e9j\u00e0 et serez encore plus demain les victimes d\u00e9sign\u00e9es ainsi que vous l\u2019avez pourtant \u00e9crit, ci-devant.  Ne comprenez-vous pas chers amis qu\u2019en apportant ainsi votre contribution \u00e0 l\u2019op\u00e9ration de lynchage en cours, vous mettez la t\u00eate dans la lunette, creusez votre propre tombe. Probablement aveugl\u00e9s par la terreur que vous inspirent les cris d\u2019orfraie de la foule anim\u00e9e par l\u2019establishment politique et les associations juives,  vous perdez vos facult\u00e9s cognitives, vous vous \u00e9garez dans un parall\u00e8le historique inconvenant. \u00ab L\u2019antis\u00e9mitisme des ann\u00e9es trente dites-vous \u2026.. \u00bb \u00ab L\u2019AFPS condamne et rejette toute instrumentalisation de la cause palestinienne au service de d\u00e9lires complotistes racistes qui font le jeu de ses adversaires. \u00bb  Mais l\u2019axe Am\u00e9ricano Isra\u00e9lien dont il est question en nos temps, rel\u00e8ve-t-il de l\u2019antis\u00e9mitisme des ann\u00e9es trente ? Dans les ann\u00e9es trente Isra\u00ebl, doit-on vous le rappeler, n\u2019existait pas, la solution finale de la question juive n\u2019avait pas encore \u00e9t\u00e9 mise en \u0153uvre et les USA ne comptaient pas encore au nombre des soutiens du foyer national juif de Palestine juridiquement fond\u00e9 par la d\u00e9claration Balfour et alors soutenu par les seuls Britanniques. On peut, on en a le droit, contester l\u2019existence de l\u2019axe Am\u00e9ricano-isra\u00e9lien. Mais vous, le contestez-vous vraiment ? Ne faut-il pas \u00eatre aveugle ou d\u2019une inqualifiable mauvaise foi pour contester une r\u00e9alit\u00e9 aussi incontestable. Et comment faire le moindre parall\u00e8le entre \u00ab\u00a0les protocoles des sages de Sion\u00a0\u00bb  relevant de la Mythomanie et l\u2019axe strat\u00e9gique Am\u00e9ricano Isra\u00e9lien qui rel\u00e8ve lui du factuel. Ne tombez-vous pas l\u00e0 dans le m\u00eame travers ? Paradoxalement, vous souscrivez de la sorte au m\u00eame amalgame que vous pr\u00e9tendiez contester il y a quelques instants. Car c\u2019est pr\u00e9cis\u00e9ment cette d\u00e9rive de la pens\u00e9e qu\u2019op\u00e8rent ceux qui veulent faire taire toute critique \u00e0 l\u2019\u00e9gard de la politique Isra\u00e9lienne. L\u2019antisionisme y est d\u00e9clar\u00e9 un antis\u00e9mitisme cach\u00e9, l\u2019axe strat\u00e9gique Am\u00e9ricano Isra\u00e9lien la version r\u00e9vis\u00e9 du \u00ab complot juif international \u00bb, la \u00ab Quenelle \u00bb un salut nazi \u00e0 l\u2019envers. Dieudonn\u00e9 a mis le doigt l\u00e0-dessus, et c\u2019est ce qui lui a valu la haine tenace de tout ce que la France compte de soutiens sans condition de la politique d\u2019Isra\u00ebl.   Pensant peut-\u00eatre, qu\u2019il n\u2019y avait pas assez des partis d\u2019alternance acoquin\u00e9s, des m\u00e9dias enr\u00e9giment\u00e9s, des associations juives d\u00e9voy\u00e9es, France-Palestine semble avoir jug\u00e9 utile de r\u00e9agir aux clairons de l\u2019hallali, choisit de prendre part \u00e0 cette cur\u00e9e. Cela advient fr\u00e9quemment, lorsque les soci\u00e9t\u00e9s humaines sont frapp\u00e9es d\u2019hyst\u00e9rie collective, que des individus ou groupes minoritaires, prenant peur, fassent le choix inf\u00e2me de se signaler \u00ab dans la majorit\u00e9 d\u00e9lirante \u00bb, de hurler avec la meute. Cela ne les honore pas, mais croient-ils, est n\u00e9cessaire \u00e0 leur sauvegarde. Ils pensent en caressant le monstre liberticide, que celui-ci les remerciera de ses faveurs en leurs reconnaissant un espace de libert\u00e9 sp\u00e9cifique.  Ils veulent faire Taire Dieudonn\u00e9 d\u2019abord parce que les circonstances ont voulu qu\u2019il soit le symbole et le phare de cette contestation de l\u2019amalgame \u00ab antisionisme \u00e9gale antis\u00e9mitisme \u00bb, parce que sa c\u00e9l\u00e9brit\u00e9 et sa valeur d\u2019humoriste en font, \u00e0 leur sens l\u2019homme \u00e0 abattre en priorit\u00e9.  Pensez-vous en leur donnant Dieudonn\u00e9 en p\u00e2ture que cela assouvira leurs app\u00e9tits, qu\u2019ils cesseront de poursuivre vos militants ?   Que nenni !  Quand ils seront venus \u00e0 leurs fins, il adviendra quand ils auront fait taire Dieudonn\u00e9, qu\u2019ils vous feront taire aussi.  Vous direz alors, comme Martin Niem\u00f6ller   \u00ab Quand ils ont fait taire Dieudonn\u00e9,   Nous avons approuv\u00e9,  Nous n\u2019aimions pas Dieudonn\u00e9.  Quand \u2026\u2026  Quand\u2026\u2026.  Puis ils nous ont fait taire,  Et il ne restait personne pour protester \u00bb  Vendredi 17 janvier 2014.<\/p>\n","protected":false},"excerpt":{"rendered":"<p>LA SURPRENANTE D\u00c9CLARATION DE \u00ab FRANCE PALESTINE SOLIDARIT\u00c9 \u00bb France Palestine se trompe de cible. Nous avions eu connaissance, en [&hellip;]<\/p>\n","protected":false},"author":1,"featured_media":0,"comment_status":"open","ping_status":"open","sticky":false,"template":"","format":"standard","meta":{"sfsi_plus_gutenberg_text_before_share":"","sfsi_plus_gutenberg_show_text_before_share":"","sfsi_plus_gutenberg_icon_type":"","sfsi_plus_gutenberg_icon_alignemt":"","sfsi_plus_gutenburg_max_per_row":"","site-sidebar-layout":"default","site-content-layout":"","ast-site-content-layout":"default","site-content-style":"default","site-sidebar-style":"default","ast-global-header-display":"","ast-banner-title-visibility":"","ast-main-header-display":"","ast-hfb-above-header-display":"","ast-hfb-below-header-display":"","ast-hfb-mobile-header-display":"","site-post-title":"","ast-breadcrumbs-content":"","ast-featured-img":"","footer-sml-layout":"","ast-disable-related-posts":"","theme-transparent-header-meta":"","adv-header-id-meta":"","stick-header-meta":"","header-above-stick-meta":"","header-main-stick-meta":"","header-below-stick-meta":"","astra-migrate-meta-layouts":"default","ast-page-background-enabled":"default","ast-page-background-meta":{"desktop":{"background-color":"var(--ast-global-color-4)","background-image":"","background-repeat":"repeat","background-position":"center center","background-size":"auto","background-attachment":"scroll","background-type":"","background-media":"","overlay-type":"","overlay-color":"","overlay-opacity":"","overlay-gradient":""},"tablet":{"background-color":"","background-image":"","background-repeat":"repeat","background-position":"center center","background-size":"auto","background-attachment":"scroll","background-type":"","background-media":"","overlay-type":"","overlay-color":"","overlay-opacity":"","overlay-gradient":""},"mobile":{"background-color":"","background-image":"","background-repeat":"repeat","background-position":"center center","background-size":"auto","background-attachment":"scroll","background-type":"","background-media":"","overlay-type":"","overlay-color":"","overlay-opacity":"","overlay-gradient":""}},"ast-content-background-meta":{"desktop":{"background-color":"var(--ast-global-color-5)","background-image":"","background-repeat":"repeat","background-position":"center center","background-size":"auto","background-attachment":"scroll","background-type":"","background-media":"","overlay-type":"","overlay-color":"","overlay-opacity":"","overlay-gradient":""},"tablet":{"background-color":"var(--ast-global-color-5)","background-image":"","background-repeat":"repeat","background-position":"center center","background-size":"auto","background-attachment":"scroll","background-type":"","background-media":"","overlay-type":"","overlay-color":"","overlay-opacity":"","overlay-gradient":""},"mobile":{"background-color":"var(--ast-global-color-5)","background-image":"","background-repeat":"repeat","background-position":"center center","background-size":"auto","background-attachment":"scroll","background-type":"","background-media":"","overlay-type":"","overlay-color":"","overlay-opacity":"","overlay-gradient":""}},"footnotes":""},"categories":[16],"tags":[],"class_list":["post-1321","post","type-post","status-publish","format-standard","hentry","category-archives-cms"],"_links":{"self":[{"href":"https:\/\/lavoiedessansvoix.fr\/lavoie\/wp-json\/wp\/v2\/posts\/1321","targetHints":{"allow":["GET"]}}],"collection":[{"href":"https:\/\/lavoiedessansvoix.fr\/lavoie\/wp-json\/wp\/v2\/posts"}],"about":[{"href":"https:\/\/lavoiedessansvoix.fr\/lavoie\/wp-json\/wp\/v2\/types\/post"}],"author":[{"embeddable":true,"href":"https:\/\/lavoiedessansvoix.fr\/lavoie\/wp-json\/wp\/v2\/users\/1"}],"replies":[{"embeddable":true,"href":"https:\/\/lavoiedessansvoix.fr\/lavoie\/wp-json\/wp\/v2\/comments?post=1321"}],"version-history":[{"count":0,"href":"https:\/\/lavoiedessansvoix.fr\/lavoie\/wp-json\/wp\/v2\/posts\/1321\/revisions"}],"wp:attachment":[{"href":"https:\/\/lavoiedessansvoix.fr\/lavoie\/wp-json\/wp\/v2\/media?parent=1321"}],"wp:term":[{"taxonomy":"category","embeddable":true,"href":"https:\/\/lavoiedessansvoix.fr\/lavoie\/wp-json\/wp\/v2\/categories?post=1321"},{"taxonomy":"post_tag","embeddable":true,"href":"https:\/\/lavoiedessansvoix.fr\/lavoie\/wp-json\/wp\/v2\/tags?post=1321"}],"curies":[{"name":"wp","href":"https:\/\/api.w.org\/{rel}","templated":true}]}}