{"id":1320,"date":"2014-01-22T04:11:00","date_gmt":"2014-01-22T03:11:00","guid":{"rendered":"https:\/\/lavoiedessansvoix.fr\/lavoie\/2014\/01\/22\/archive-engages-du-djihad-hollande-et-fabius-doivent-des-comptes\/"},"modified":"2014-01-22T04:11:00","modified_gmt":"2014-01-22T03:11:00","slug":"archive-engages-du-djihad-hollande-et-fabius-doivent-des-comptes","status":"publish","type":"post","link":"https:\/\/lavoiedessansvoix.fr\/lavoie\/2014\/01\/22\/archive-engages-du-djihad-hollande-et-fabius-doivent-des-comptes\/","title":{"rendered":"ENGAGES DU DJIHAD,  HOLLANDE ET FABIUS DOIVENT DES COMPTES"},"content":{"rendered":"<p>ENGAGES DU DJIHAD,  HOLLANDE ET FABIUS DOIVENT DES COMPTES   \u00ab Dominique avait deux enfants, deux gar\u00e7ons dont elle \u00e9tait fi\u00e8re et s\u2019\u00e9tait bien la m\u00eame chair \u00bb, et tous deux ont donn\u00e9 leur sang au profit d\u2019une cause inique. On a vu sur les antennes cette m\u00e8re effar\u00e9e, qui ne comprend pas la trajectoire de ses fils. Des gar\u00e7ons de chez nous, m\u00eame pas \u00ab beur \u00bb m\u00eame pas arabe, convertis \u00e0 l\u2019Islam, enr\u00f4l\u00e9s dans le Jihad. \u00ab La guerre sainte des musulmans \u00bb ? Bon, pas d\u2019a priori, la guerre sainte, ou la guerre pour la \u00ab d\u00e9mocratie \u00bb, pour le p\u00e9trole ou pour le grand Isra\u00ebl. Pourquoi pas. Chacun est fond\u00e9 \u00e0 s\u2019engager dans les guerres qu\u2019il veut pour les id\u00e9es auxquelles il croit ou les objectifs qu\u2019il veut atteindre. Et bien entendu, d\u2019aucun, qui ne partage pas ses convictions ou en \u00e9pouse d\u2019autres, est tout autant fond\u00e9 \u00e0 le combattre. Mais le jihad, la guerre Sainte des musulmans contre qui ? La chr\u00e9tient\u00e9 ? Les crois\u00e9s ? L\u2019Occident chr\u00e9tien ? Le grand Satan ? Non pas, mais contre les Chiites, contre les alaouites, contre d\u2019autres tendances de l\u2019islam, autant le dire tout net, contre l\u2019Islam. Car l\u2019aventure, qu\u2019elle qu\u2019en soit la fin, ne peut-\u00eatre que dommageable \u00e0 l\u2019Islam et \u00e0 son rayonnement. La guerre sainte comme moyen d\u2019ent\u00f4ler des jeunes gens dans une confrontation dont la finalit\u00e9 v\u00e9ritable est de proroger, selon des modalit\u00e9s nouvelles, la domination du Moyen-Orient par l\u2019Occident imp\u00e9rialiste.   Alors, ces jeunes gens sont morts, certes, au nom d\u2019une cause qui m\u00e9rite d\u2019\u00eatre combattue, et dont nous devons souhaiter la d\u00e9faite. Nous n\u2019en partageons pas moins l\u2019effarement de leur maman. Nous partageons de m\u00eame les craintes et l\u2019indignation d\u2019autres familles, fran\u00e7aises, de confession musulmanes celles-l\u00e0, dont les enfants sont partis faire la m\u00eame guerre r\u00e9actionnaire. Des parents qui ne comprennent pas pourquoi leurs gar\u00e7ons qu\u2019ils ont voulu \u00e9duquer dans l\u2019esprit de tol\u00e9rance et d\u2019amour du prochain qu\u2019ils savent-\u00eatre celui de l\u2019Islam, se sont embarqu\u00e9s dans cette gal\u00e8re.  Ils se tournent vers la presse, les m\u00e9dias, l\u2019opinion, vers les pouvoirs publics, vers le gouvernement. Ils demandent \u00e0 comprendre, appellent au secours. Que l\u2019on sauve leurs enfants, qu\u2019on les fasse rentrer \u00e0 la maison. C\u2019est alors que les pouvoirs publics et les m\u00e9dias font semblant de d\u00e9couvrir le ph\u00e9nom\u00e8ne et son ampleur. 240 jeunes ressortissants fran\u00e7ais feraient parti de l\u2019exp\u00e9dition, 80 seraient revenus. Ils en d\u00e9nombrent donc plus de 300. Combien y en a t\u2019il en r\u00e9alit\u00e9 ? 70 pays de par le monde seraient concern\u00e9s par ce recrutement. Ils admettent 10 000 combattants \u00e9trangers en Syrie. 10 000 ? Probablement plus. Une arm\u00e9e dont les soldats tombent par centaines, mais toujours aussi nombreuse car renouvel\u00e9e par le flot incessant du recrutement \u00e9tranger. Une arm\u00e9e ? Plus que cela, l\u2019aveu d\u2019une r\u00e9alit\u00e9 que \u00ab lavoiedessansvoix \u00bb avec d\u2019autres, n\u2019a eu de cesse de d\u00e9noncer : la guerre civile en Syrie est surtout une guerre \u00e9trang\u00e8re, une agression ext\u00e9rieure contre ce pays.  Ces parents interpellent les pouvoirs publics et le gouvernement de la France. Manuel Valls qui avait ces temps-ci d\u2019autres chats bien plus importants \u00e0 fouetter (interdire des quenelles et faire taire un bouffon de la R\u00e9publique), monte tout de m\u00eame au cr\u00e9neau. Il est d\u00e9sol\u00e9 de cette situation et va prendre des dispositions pour enrayer le ph\u00e9nom\u00e8ne. Il va faire surveiller certains lieux de culte musulman et \u00e9couter certain sermons. Il va surtout mettre sur haute surveillance ceux qui en reviennent et qui pourraient retourner leur violence contre la France et les Fran\u00e7ais.  Les imams salafistes, l\u2019Islam radical ? Mais sont-ils bien les vrais responsables, \u00e0 tout le moins les seuls. Qui, plus m\u00eame que les imams,  a \u00ab pr\u00each\u00e9 \u00bb la guerre \u00e0 outrance contre un r\u00e9gime pr\u00e9sent\u00e9 comme dictatorial et barbare ? Qui a d\u00e9nonc\u00e9 l\u2019acharnement sanguinaire de Bachar Al Assad et les exactions suppos\u00e9es de son arm\u00e9e et de sa police ? Qui l\u2019a trait\u00e9 de \u00ab gazeur \u00bb de son peuple, de criminel de guerre qu\u2019il faut d\u00e9f\u00e9rer devant le TPI ? Qui l\u2019a trait\u00e9 de tyran ? Qui a dit et r\u00e9p\u00e9t\u00e9 maintes fois, et encore r\u00e9cemment, qu\u2019il devait partir ou mourir ? En peu de mots, qui a justifi\u00e9e et l\u00e9gitim\u00e9e cette guerre ? Plus m\u00eame, qui a orn\u00e9 l\u2019action de l\u2019opposition arm\u00e9e des qualificatifs les plus valorisants : \u00ab combattants de la d\u00e9mocratie, combattants de la libert\u00e9, la \u00ab r\u00e9volution quoi \u00bb avec toute la charge positive qui s\u2019attache \u00e0 ce mot ? Qui a donn\u00e9 qualit\u00e9 \u00e0 l\u2019opposition de \u00ab seul repr\u00e9sentant du peuple Syrien \u00bb, \u00e0 l\u2019encontre du gouvernement l\u00e9gal ? Qui a par ces positions largement contribu\u00e9 \u00e0 motiver une certaine fraction de la jeunesse \u00e0 se sentir solidaire d\u2019un combat pr\u00e9sent\u00e9 comme juste ? Il faut demander des comptes \u00e0 l\u2019Etat fran\u00e7ais, \u00e0 Messieurs Hollande et Fabius. Ce sont eux, les alli\u00e9s de l\u2019Arabie Saoudite du Qatar et d\u2019Isra\u00ebl, qui fomentent cette guerre et veulent la poursuivre jusqu\u2019\u00e0 la victoire finale, jusqu\u2019\u00e0 T\u00e9h\u00e9ran, qui financent le recrutement et l\u2019armement de cette jeunesse.  Voil\u00e0 parents des \u00ab engag\u00e9s du djihad \u00bb, quels sont les responsables de la perdition de vos enfants auxquels vous devez demander des comptes et des explications.  Mercredi 22 janvier 2014.<\/p>\n","protected":false},"excerpt":{"rendered":"<p>ENGAGES DU DJIHAD, HOLLANDE ET FABIUS DOIVENT DES COMPTES \u00ab Dominique avait deux enfants, deux gar\u00e7ons dont elle \u00e9tait fi\u00e8re [&hellip;]<\/p>\n","protected":false},"author":1,"featured_media":0,"comment_status":"open","ping_status":"open","sticky":false,"template":"","format":"standard","meta":{"sfsi_plus_gutenberg_text_before_share":"","sfsi_plus_gutenberg_show_text_before_share":"","sfsi_plus_gutenberg_icon_type":"","sfsi_plus_gutenberg_icon_alignemt":"","sfsi_plus_gutenburg_max_per_row":"","site-sidebar-layout":"default","site-content-layout":"","ast-site-content-layout":"default","site-content-style":"default","site-sidebar-style":"default","ast-global-header-display":"","ast-banner-title-visibility":"","ast-main-header-display":"","ast-hfb-above-header-display":"","ast-hfb-below-header-display":"","ast-hfb-mobile-header-display":"","site-post-title":"","ast-breadcrumbs-content":"","ast-featured-img":"","footer-sml-layout":"","ast-disable-related-posts":"","theme-transparent-header-meta":"","adv-header-id-meta":"","stick-header-meta":"","header-above-stick-meta":"","header-main-stick-meta":"","header-below-stick-meta":"","astra-migrate-meta-layouts":"default","ast-page-background-enabled":"default","ast-page-background-meta":{"desktop":{"background-color":"var(--ast-global-color-4)","background-image":"","background-repeat":"repeat","background-position":"center center","background-size":"auto","background-attachment":"scroll","background-type":"","background-media":"","overlay-type":"","overlay-color":"","overlay-opacity":"","overlay-gradient":""},"tablet":{"background-color":"","background-image":"","background-repeat":"repeat","background-position":"center center","background-size":"auto","background-attachment":"scroll","background-type":"","background-media":"","overlay-type":"","overlay-color":"","overlay-opacity":"","overlay-gradient":""},"mobile":{"background-color":"","background-image":"","background-repeat":"repeat","background-position":"center center","background-size":"auto","background-attachment":"scroll","background-type":"","background-media":"","overlay-type":"","overlay-color":"","overlay-opacity":"","overlay-gradient":""}},"ast-content-background-meta":{"desktop":{"background-color":"var(--ast-global-color-5)","background-image":"","background-repeat":"repeat","background-position":"center center","background-size":"auto","background-attachment":"scroll","background-type":"","background-media":"","overlay-type":"","overlay-color":"","overlay-opacity":"","overlay-gradient":""},"tablet":{"background-color":"var(--ast-global-color-5)","background-image":"","background-repeat":"repeat","background-position":"center center","background-size":"auto","background-attachment":"scroll","background-type":"","background-media":"","overlay-type":"","overlay-color":"","overlay-opacity":"","overlay-gradient":""},"mobile":{"background-color":"var(--ast-global-color-5)","background-image":"","background-repeat":"repeat","background-position":"center center","background-size":"auto","background-attachment":"scroll","background-type":"","background-media":"","overlay-type":"","overlay-color":"","overlay-opacity":"","overlay-gradient":""}},"footnotes":""},"categories":[16],"tags":[],"class_list":["post-1320","post","type-post","status-publish","format-standard","hentry","category-archives-cms"],"_links":{"self":[{"href":"https:\/\/lavoiedessansvoix.fr\/lavoie\/wp-json\/wp\/v2\/posts\/1320","targetHints":{"allow":["GET"]}}],"collection":[{"href":"https:\/\/lavoiedessansvoix.fr\/lavoie\/wp-json\/wp\/v2\/posts"}],"about":[{"href":"https:\/\/lavoiedessansvoix.fr\/lavoie\/wp-json\/wp\/v2\/types\/post"}],"author":[{"embeddable":true,"href":"https:\/\/lavoiedessansvoix.fr\/lavoie\/wp-json\/wp\/v2\/users\/1"}],"replies":[{"embeddable":true,"href":"https:\/\/lavoiedessansvoix.fr\/lavoie\/wp-json\/wp\/v2\/comments?post=1320"}],"version-history":[{"count":0,"href":"https:\/\/lavoiedessansvoix.fr\/lavoie\/wp-json\/wp\/v2\/posts\/1320\/revisions"}],"wp:attachment":[{"href":"https:\/\/lavoiedessansvoix.fr\/lavoie\/wp-json\/wp\/v2\/media?parent=1320"}],"wp:term":[{"taxonomy":"category","embeddable":true,"href":"https:\/\/lavoiedessansvoix.fr\/lavoie\/wp-json\/wp\/v2\/categories?post=1320"},{"taxonomy":"post_tag","embeddable":true,"href":"https:\/\/lavoiedessansvoix.fr\/lavoie\/wp-json\/wp\/v2\/tags?post=1320"}],"curies":[{"name":"wp","href":"https:\/\/api.w.org\/{rel}","templated":true}]}}