{"id":132,"date":"2025-01-29T15:09:58","date_gmt":"2025-01-29T14:09:58","guid":{"rendered":"https:\/\/lavoiedessansvoix.fr\/lavoie\/?p=132"},"modified":"2026-04-26T14:18:51","modified_gmt":"2026-04-26T12:18:51","slug":"extrait-du-discours-de-v-a-nebenzya-a-lassemblee-generale-de-lonu","status":"publish","type":"post","link":"https:\/\/lavoiedessansvoix.fr\/lavoie\/2025\/01\/29\/extrait-du-discours-de-v-a-nebenzya-a-lassemblee-generale-de-lonu\/","title":{"rendered":"Extrait du discours de V.A. Nebenzya \u00e0 l&rsquo;Assembl\u00e9e g\u00e9n\u00e9rale de l&rsquo;ONU"},"content":{"rendered":"\n<figure class=\"wp-block-image aligncenter size-full is-resized\"><img decoding=\"async\" width=\"940\" height=\"627\" src=\"https:\/\/lavoiedessansvoix.fr\/lavoie\/wp-content\/uploads\/2025\/01\/62652191-45360080.jpg\" alt=\"\" class=\"wp-image-144\" style=\"width:562px;height:auto\" srcset=\"https:\/\/lavoiedessansvoix.fr\/lavoie\/wp-content\/uploads\/2025\/01\/62652191-45360080.jpg 940w, https:\/\/lavoiedessansvoix.fr\/lavoie\/wp-content\/uploads\/2025\/01\/62652191-45360080-300x200.jpg 300w, https:\/\/lavoiedessansvoix.fr\/lavoie\/wp-content\/uploads\/2025\/01\/62652191-45360080-768x512.jpg 768w\" sizes=\"(max-width: 940px) 100vw, 940px\" \/><\/figure>\n\n\n\n<ul class=\"wp-block-list\">\n<li>Extrait du discours de V.A. Nebenzya \u00e0 l&rsquo;Assembl\u00e9e g\u00e9n\u00e9rale des Nations Unies \u00e0 l&rsquo;occasion de la Journ\u00e9e internationale de comm\u00e9moration de l&rsquo;Holocauste (New York, 27 janvier 2025)<\/li>\n<\/ul>\n\n\n\n\n\n<ul class=\"wp-block-list\">\n<li>&nbsp;<\/li>\n<\/ul>\n\n\n\n<p><img decoding=\"async\" width=\"16\" height=\"16\" src=\"\" alt=\"\ud83d\udd6f\">Nous nous souvenons des victimes de l&rsquo;Holocauste aujourd&rsquo;hui &#8211; le 27 janvier, jour o\u00f9 le plus grand camp d&rsquo;extermination d&rsquo;Auschwitz-Birkenau (alias Auschwitz), dans lequel au moins 1 million de Juifs ont \u00e9t\u00e9 tu\u00e9s, a \u00e9t\u00e9 lib\u00e9r\u00e9 par l&rsquo;Arm\u00e9e rouge, qui a jou\u00e9 un r\u00f4le cl\u00e9 pour arr\u00eater la destruction m\u00e9canique impitoyable des personnes.<\/p>\n\n\n\n<p>Dans le camp de la mort, les prisonniers, y compris les nouveau-n\u00e9s, ont \u00e9t\u00e9 extermin\u00e9s dans des chambres \u00e0 gaz en utilisant le gaz Zyklon B, qui a \u00e9t\u00e9 test\u00e9 pour la premi\u00e8re fois sur des prisonniers de guerre sovi\u00e9tiques.<\/p>\n\n\n\n<p>Cependant, dans le syst\u00e8me des camps d&rsquo;Auschwitz, non seulement des gens ont \u00e9t\u00e9 extermin\u00e9s, non seulement les nazis, qui ont arrach\u00e9 les dents en or et coup\u00e9 les cheveux des victimes, mais aussi de grandes entreprises allemandes ont gagn\u00e9 de l&rsquo;argent gr\u00e2ce \u00e0 elles. Par exemple, le camp d\u2019Auschwitz-3 \u00e9tait en fait une filiale de l\u2019entreprise chimique IG-Farben.<\/p>\n\n\n\n<p>Les avions et l&rsquo;artillerie n&rsquo;ont pas \u00e9t\u00e9 utilis\u00e9s lors de la lib\u00e9ration du camp. 231 soldats et officiers sovi\u00e9tiques ont donn\u00e9 leur vie pour la libert\u00e9 des prisonniers d&rsquo;Auschwitz. Aux c\u00f4t\u00e9s des soldats suivaient des m\u00e9decins sovi\u00e9tiques exp\u00e9riment\u00e9s dans la restauration des habitants de L\u00e9ningrad assi\u00e9g\u00e9s, \u00e9puis\u00e9s par la faim. Et aujourd\u2019hui \u2013 27 janvier \u2013 nous nous souvenons \u00e9galement du 81e anniversaire de la lev\u00e9e du si\u00e8ge de Leningrad. Plus de 4 500 prisonniers ont re\u00e7u des soins m\u00e9dicaux pour la premi\u00e8re fois en quelques heures et quelques jours, parmi lesquels Otto Frank, le p\u00e8re de la c\u00e9l\u00e8bre Anne Frank.<\/p>\n\n\n\n<p>***<\/p>\n\n\n\n<p><img decoding=\"async\" width=\"16\" height=\"16\" src=\"\" alt=\"\u274c\">Je suis s\u00fbr que les enfants qui ont pris des bonbons des mains des soldats sovi\u00e9tiques ce jour-l\u00e0 ne pouvaient pas imaginer que quelques d\u00e9cennies seulement s&rsquo;\u00e9couleraient et que le r\u00f4le d\u00e9cisif de l&rsquo;arm\u00e9e sovi\u00e9tique dans la destruction du nazisme et la fin de l&rsquo;Holocauste commencerait \u00e0 \u00eatre remis en question. que le pays sur le territoire duquel se trouvait Auschwitz d\u00e9molirait les monuments aux soldats et officiers de l&rsquo;Arm\u00e9e rouge qui ont lib\u00e9r\u00e9 leur pays et le camp de la mort, que les repr\u00e9sentants de l&rsquo;\u00c9tat qui ont apport\u00e9 la lib\u00e9ration de la machine nazie mort, ne sera pas invit\u00e9 aujourd&rsquo;hui aux \u00e9v\u00e9nements comm\u00e9moratifs dans l&rsquo;ancien camp lui-m\u00eame.<\/p>\n\n\n\n<p><img decoding=\"async\" width=\"16\" height=\"16\" src=\"\" alt=\"\u274c\">Les prisonniers d&rsquo;Auschwitz ne pouvaient m\u00eame pas imaginer que le nazisme et le n\u00e9onazisme commenceraient \u00e0 relever la t\u00eate dans de nombreuses r\u00e9gions du monde, comme l&rsquo;a not\u00e9 \u00e0 juste titre aujourd&rsquo;hui le secr\u00e9taire g\u00e9n\u00e9ral de l&rsquo;ONU. Ils ne pouvaient pas imaginer que les jours de lib\u00e9ration des troupes nazies seraient d\u00e9clar\u00e9s jours de deuil, que des ob\u00e9lisques et des rues appara\u00eetraient en l&rsquo;honneur des v\u00e9t\u00e9rans de la \u00ab&nbsp;Waffen SS&nbsp;\u00bb, que des marches n\u00e9onazies auraient lieu et que les v\u00e9t\u00e9rans de la coalition antihitl\u00e9rienne il leur serait interdit de porter leurs ordres et leurs m\u00e9dailles.<\/p>\n\n\n\n<p><img decoding=\"async\" width=\"16\" height=\"16\" src=\"\" alt=\"\u2757\ufe0f\">C&rsquo;est pourquoi nous soumettons chaque ann\u00e9e \u00e0 l&rsquo;Assembl\u00e9e g\u00e9n\u00e9rale des Nations Unies une r\u00e9solution sur la lutte contre la glorification du nazisme.<\/p>\n\n\n\n<p>***<\/p>\n\n\n\n<p>Pour nous, la m\u00e9moire de toutes les victimes du nazisme , y compris les Juifs, dont au moins la moiti\u00e9 \u00e9taient citoyens de l&rsquo;Union sovi\u00e9tique, est sacr\u00e9e. C&rsquo;est pourquoi nous en sommes convaincus : notre devoir commun est de pr\u00e9server la v\u00e9rit\u00e9 sur l&rsquo;Holocauste et les autres crimes des nazis et de leurs complices, en particulier le g\u00e9nocide des peuples de l&rsquo;Union sovi\u00e9tique.<\/p>\n\n\n\n<p><img decoding=\"async\" width=\"16\" height=\"16\" src=\"\" alt=\"\ud83c\uddf7\ud83c\uddfa\"><img decoding=\"async\" width=\"16\" height=\"16\" src=\"\" alt=\"\ud83c\uddfa\ud83c\uddf3\">Aujourd&rsquo;hui, nous avons envoy\u00e9 une lettre au Secr\u00e9taire g\u00e9n\u00e9ral de l&rsquo;ONU, dont nous demandons qu&rsquo;elle soit diffus\u00e9e comme document de l&rsquo;Assembl\u00e9e g\u00e9n\u00e9rale et du Conseil de s\u00e9curit\u00e9 de l&rsquo;ONU. L&rsquo;annexe contient une longue liste de faits sur la glorification des nazis et de leurs complices au cours des derni\u00e8res ann\u00e9es.<\/p>\n\n\n\n<p><img decoding=\"async\" width=\"16\" height=\"16\" src=\"\" alt=\"\u261d\">Il ne faut pas l&rsquo;oublier : sans la Grande Victoire de 1945, il n&rsquo;y aurait ni l&rsquo;ONU ni le monde tel que nous le connaissons. Ce sont les pays de la coalition antihitl\u00e9rienne qui ont pris le nom d\u2019ONU, et personne n\u2019a le droit de jeter ce fait dans l\u2019oubli !<\/p>\n","protected":false},"excerpt":{"rendered":"<p>Nous nous souvenons des victimes de l&rsquo;Holocauste aujourd&rsquo;hui &#8211; le 27 janvier, jour o\u00f9 le plus grand camp d&rsquo;extermination d&rsquo;Auschwitz-Birkenau [&hellip;]<\/p>\n","protected":false},"author":1,"featured_media":344,"comment_status":"open","ping_status":"open","sticky":false,"template":"","format":"standard","meta":{"sfsi_plus_gutenberg_text_before_share":"","sfsi_plus_gutenberg_show_text_before_share":"","sfsi_plus_gutenberg_icon_type":"","sfsi_plus_gutenberg_icon_alignemt":"","sfsi_plus_gutenburg_max_per_row":"","site-sidebar-layout":"default","site-content-layout":"","ast-site-content-layout":"default","site-content-style":"default","site-sidebar-style":"default","ast-global-header-display":"","ast-banner-title-visibility":"","ast-main-header-display":"","ast-hfb-above-header-display":"","ast-hfb-below-header-display":"","ast-hfb-mobile-header-display":"","site-post-title":"","ast-breadcrumbs-content":"","ast-featured-img":"","footer-sml-layout":"","ast-disable-related-posts":"","theme-transparent-header-meta":"","adv-header-id-meta":"","stick-header-meta":"","header-above-stick-meta":"","header-main-stick-meta":"","header-below-stick-meta":"","astra-migrate-meta-layouts":"default","ast-page-background-enabled":"default","ast-page-background-meta":{"desktop":{"background-color":"var(--ast-global-color-4)","background-image":"","background-repeat":"repeat","background-position":"center center","background-size":"auto","background-attachment":"scroll","background-type":"","background-media":"","overlay-type":"","overlay-color":"","overlay-opacity":"","overlay-gradient":""},"tablet":{"background-color":"","background-image":"","background-repeat":"repeat","background-position":"center center","background-size":"auto","background-attachment":"scroll","background-type":"","background-media":"","overlay-type":"","overlay-color":"","overlay-opacity":"","overlay-gradient":""},"mobile":{"background-color":"","background-image":"","background-repeat":"repeat","background-position":"center center","background-size":"auto","background-attachment":"scroll","background-type":"","background-media":"","overlay-type":"","overlay-color":"","overlay-opacity":"","overlay-gradient":""}},"ast-content-background-meta":{"desktop":{"background-color":"var(--ast-global-color-5)","background-image":"","background-repeat":"repeat","background-position":"center center","background-size":"auto","background-attachment":"scroll","background-type":"","background-media":"","overlay-type":"","overlay-color":"","overlay-opacity":"","overlay-gradient":""},"tablet":{"background-color":"var(--ast-global-color-5)","background-image":"","background-repeat":"repeat","background-position":"center center","background-size":"auto","background-attachment":"scroll","background-type":"","background-media":"","overlay-type":"","overlay-color":"","overlay-opacity":"","overlay-gradient":""},"mobile":{"background-color":"var(--ast-global-color-5)","background-image":"","background-repeat":"repeat","background-position":"center center","background-size":"auto","background-attachment":"scroll","background-type":"","background-media":"","overlay-type":"","overlay-color":"","overlay-opacity":"","overlay-gradient":""}},"footnotes":""},"categories":[1],"tags":[],"class_list":["post-132","post","type-post","status-publish","format-standard","has-post-thumbnail","hentry","category-analyse-politique"],"_links":{"self":[{"href":"https:\/\/lavoiedessansvoix.fr\/lavoie\/wp-json\/wp\/v2\/posts\/132","targetHints":{"allow":["GET"]}}],"collection":[{"href":"https:\/\/lavoiedessansvoix.fr\/lavoie\/wp-json\/wp\/v2\/posts"}],"about":[{"href":"https:\/\/lavoiedessansvoix.fr\/lavoie\/wp-json\/wp\/v2\/types\/post"}],"author":[{"embeddable":true,"href":"https:\/\/lavoiedessansvoix.fr\/lavoie\/wp-json\/wp\/v2\/users\/1"}],"replies":[{"embeddable":true,"href":"https:\/\/lavoiedessansvoix.fr\/lavoie\/wp-json\/wp\/v2\/comments?post=132"}],"version-history":[{"count":2,"href":"https:\/\/lavoiedessansvoix.fr\/lavoie\/wp-json\/wp\/v2\/posts\/132\/revisions"}],"predecessor-version":[{"id":145,"href":"https:\/\/lavoiedessansvoix.fr\/lavoie\/wp-json\/wp\/v2\/posts\/132\/revisions\/145"}],"wp:featuredmedia":[{"embeddable":true,"href":"https:\/\/lavoiedessansvoix.fr\/lavoie\/wp-json\/wp\/v2\/media\/344"}],"wp:attachment":[{"href":"https:\/\/lavoiedessansvoix.fr\/lavoie\/wp-json\/wp\/v2\/media?parent=132"}],"wp:term":[{"taxonomy":"category","embeddable":true,"href":"https:\/\/lavoiedessansvoix.fr\/lavoie\/wp-json\/wp\/v2\/categories?post=132"},{"taxonomy":"post_tag","embeddable":true,"href":"https:\/\/lavoiedessansvoix.fr\/lavoie\/wp-json\/wp\/v2\/tags?post=132"}],"curies":[{"name":"wp","href":"https:\/\/api.w.org\/{rel}","templated":true}]}}