{"id":1318,"date":"2014-01-23T16:15:00","date_gmt":"2014-01-23T15:15:00","guid":{"rendered":"https:\/\/lavoiedessansvoix.fr\/lavoie\/2014\/01\/23\/archive-lachez-le-lettre-ouverte-a-monsieur-manuel-valls-ministre-de-l-interieur-de-la-r\/"},"modified":"2014-01-23T16:15:00","modified_gmt":"2014-01-23T15:15:00","slug":"archive-lachez-le-lettre-ouverte-a-monsieur-manuel-valls-ministre-de-l-interieur-de-la-r","status":"publish","type":"post","link":"https:\/\/lavoiedessansvoix.fr\/lavoie\/2014\/01\/23\/archive-lachez-le-lettre-ouverte-a-monsieur-manuel-valls-ministre-de-l-interieur-de-la-r\/","title":{"rendered":"LACHEZ-LE !   LETTRE OUVERTE A MONSIEUR MANUEL VALLS MINISTRE DE L\u2019INT\u00c9RIEUR DE LA R\u00c9PUBLIQUE FRAN\u00c7AISE."},"content":{"rendered":"<p>LACHEZ-LE !LETTRE OUVERTE A MONSIEUR MANUEL VALLS MINISTRE DE L\u2019INT\u00c9RIEUR DE LA R\u00c9PUBLIQUE FRAN\u00c7AISE.  Monsieur le Ministre,  Je ne suis qu\u2019un fran\u00e7ais moyen, de ceux que vous prenez semble-t-il pour des demeur\u00e9s, auxquels il conviendrait de prescrire la conscience qu\u2019ils doivent avoir, vu qu\u2019ils sont probablement, \u00e0 votre sens, priv\u00e9s de libre arbitre.  Et c\u2019est en tout premier sur ce point que je souhaite vous d\u00e9mentir. Mon p\u00e8re fut dans la r\u00e9sistance, la vraie, active et combattante, officier FTPF. Je n\u2019ai pas eu besoin d\u2019attendre la prescription de St\u00e9phane Hessel pour m\u2019indigner. Il m\u2019avait transmis, pour seul h\u00e9ritage, mais oh combien pr\u00e9cieux, l\u2019aptitude \u00e0 la d\u00e9sob\u00e9issance et \u00e0 la r\u00e9volte. J\u2019ai eu pour institutrice, dans ma petite enfance, une militante communiste, elle aussi m\u2019a transmis des valeurs r\u00e9publicaines que vous semblez ignorer : le refus de l\u2019arbitraire, le secours au faible ou au pers\u00e9cut\u00e9, le devoir d\u2019insurrection. Mon institutrice avait des amis c\u00e9ramistes et artistes polyvalents, des juifs. La dame, romanci\u00e8re aussi, avait \u00e9crit un livre intitul\u00e9 \u00ab Tourn\u00e9e 34 \u00bb, dont s\u2019\u00e9tait le sujet, J\u2019ai appris tr\u00e8s t\u00f4t ce que fut la chasse aux juifs durant la p\u00e9riode de l\u2019occupation, les lois antijuives, le r\u00e9gime de \u00ab l\u2019Etat Fran\u00e7ais \u00bb du Mar\u00e9chal P\u00e9tain, l\u2019\u00e9toile jaune, la d\u00e9portation, mais aussi l\u2019aide h\u00e9ro\u00efque de certains fran\u00e7ais aux juifs pourchass\u00e9s, les camps de la morts, la solution finale, mais aussi, pour horrible qu\u2019est \u00e9t\u00e9 cette page, qu\u2019elle n\u2019\u00e9tait tout de m\u00eame qu\u2019une page du grand livre aux multiples volumes des horreurs de l\u2019histoire, qu\u2019une page m\u00eame de l\u2019histoire de la seconde guerre mondiale et des souffrances multiformes impos\u00e9es \u00e0 de nombreux peuples. Je n\u2019ai pas eu besoin de \u00ab lois m\u00e9morielles \u00bb pour structurer ma m\u00e9moire, ni de \u00ab criminalisation de l\u2019antis\u00e9mitisme \u00bb pour le honnir. Je n\u2019ai pas attendu non plus un certain monsieur Valls pour savoir, et savoir ce que je devais en penser et, ce que devait-\u00eatre ma conscience. L\u2019\u00e9crasante majorit\u00e9 des fran\u00e7ais est comme moi. Vos pr\u00e9tentions de lui dicter sa conscience \u00e0 l\u2019aune de votre interpr\u00e9tation personnelle et restrictives de l\u2019histoire, l&rsquo;agace et l&rsquo;offense.  Non monsieur Valls, \u00ab les valeurs de la R\u00e9publique \u00bb dont vous faites grands bruit, ne se r\u00e9sument pas au respect de la loi et de l\u2019ordre. Je serai m\u00eame tent\u00e9 de dire que plus que \u00ab valeur \u00bb, la premi\u00e8re des vertus r\u00e9publicaine et celle de l\u2019indignation contre l\u2019arbitraire et l\u2019injustice. Et cela sans vous attendre je l\u2019ai ressenti d\u00e8s mon plus jeune \u00e2ge. J\u2019\u00e9tais Juif quand j\u2019\u00e9tais petit. Dans ces ann\u00e9es l\u00e0 les s\u00e9quelles de la p\u00e9riode pr\u00e9c\u00e9dente se faisaient encore sentir dans les attitudes d\u2019une frange non encore complex\u00e9e de la population. L\u2019antis\u00e9mitisme, le vrai celui-l\u00e0, suintait souvent dans l\u2019\u00e9ducation des potaches. Deux gar\u00e7ons de mon coll\u00e8ge en \u00e9taient victimes, rejet\u00e9s, marginalis\u00e9s, en souffrance. C\u2019est vers ceux-l\u00e0 que le plus naturellement du monde s\u2019orienta ma compassion, et pour eux que je con\u00e7ue de l\u2019amiti\u00e9. Ils se souviennent de moi j\u2019en suis s\u00fbr, l\u2019un s\u2019appelait H\u00e9noch et l\u2019autre Jacob. Je ne supportai pas l\u2019injustice et l\u2019arbitraire et cela me donnait d\u00e9j\u00e0 une propension \u00e0 voler au secours des victimes et \u00e0 r\u00e9conforter les pers\u00e9cut\u00e9s, fusse au prix d\u2019\u00eatre \u00e9cart\u00e9 et pers\u00e9cut\u00e9 moi-m\u00eame. Eh bien, Monsieur Valls, c\u2019est cette m\u00eame pr\u00e9disposition qui a forg\u00e9e mon caract\u00e8re, qui me commande \u00e0 pr\u00e9sent encore, de mani\u00e8re irr\u00e9pressible, de voler au secours de Monsieur Dieudonn\u00e9 M\u2019bala M\u2019bala, la victime de vos \u00ab tracasseries \u00bb et de votre z\u00e8le obstin\u00e9 et m\u00e9chant. L\u2019acharnement personnel que vous mettez \u00e0 nuire \u00e0 ce gar\u00e7on est indigne d\u2019un ministre de la R\u00e9publique. Il ne vous fait pas honneur. Il y a de l\u2019insalubrit\u00e9 dans votre conduite.  Vous avez apport\u00e9 votre contribution active, de premier plan \u00e0 une campagne de diabolisation inique et honteuse. Vous avez adress\u00e9 une circulaire aux pr\u00e9fets dont l\u2019objet \u00e9tait de d\u00e9voyer jusqu\u2019\u00e0 l\u2019absurde la notion de \u00ab trouble \u00e0 l\u2019ordre public \u00bb. Vous aviez gard\u00e9 expr\u00e8s sous le coude, le conseil constitutionnel \u00e0 votre disposition afin d\u2019\u00e9mettre, en urgence, par l\u2019autorit\u00e9 de celui-ci une jurisprudence liberticide contrevenant \u00e0 toutes les jurisprudences ant\u00e9rieures sur le m\u00eame sujet. Vous avez ainsi r\u00e9ussit \u00e0 faire capoter la tourn\u00e9e de repr\u00e9sentations en province de Monsieur M\u2019bala M\u2019bala. Vous avez criminalis\u00e9 la gestuelle humoristique de la quenelle et voulez  \u00e9dicter \u00ab une loi \u00bb contre son usage. Vous avez encourag\u00e9es les poursuites de toute sorte contre l\u2019humoriste, vous l\u2019avez outrag\u00e9, injuri\u00e9 publiquement, vous avez anim\u00e9 les services fiscaux afin de le rechercher pour \u00ab organisation d\u2019insolvabilit\u00e9 \u00bb, vous avez fait pression sur le propri\u00e9taire du th\u00e9\u00e2tre de \u00ab La main d\u2019or \u00bb \u00e0 telle fin de le faire expulser, vous lui faites envoyer des huissiers, montez contre lui des provocations abracadabrantes, l\u2019humiliez en lui faisant subir des \u00ab gardes \u00e0 vues \u00bb, lui interdisez le droit d\u2019expression sur internet, faites fermer son compte \u00ab Facebook \u00bb, usez de proc\u00e9d\u00e9s d\u2019intimidation en annon\u00e7ant que vous alliez enqu\u00eater sur tous ceux qui l\u2019ont soutenus. Ne trouvez-vous pas Mr Valls que cela commence \u00e0 faire beaucoup ? Ne vous a-t-on pas appris dans les \u00e9coles \u00ab savantes \u00bb qui vous ont format\u00e9, qu\u2019il advient parfois qu\u2019\u00e0 trop vouloir prouver on finisse par faire la d\u00e9monstration inverse ? Et la d\u00e9monstration que vous faites en effet monsieur le ministre de l\u2019int\u00e9rieur, est celle de votre acharnement psychotique contre un homme.   La mani\u00e8re dont ils disposent du pouvoir est un des crit\u00e8res s\u00fbr, \u00e0 l\u2019aune duquel on \u00e9value les hommes d\u2019\u00e9tat. Les intelligents sont ceux qui en usent avec mod\u00e9ration. De toute \u00e9vidence vous n\u2019en \u00eates pas.  Avec des mots, vous pr\u00e9tendez encenser les valeurs de la R\u00e9publique, mais avec les actes, par votre conduite, par votre action comme ministre de l\u2019int\u00e9rieur, vous insultez \u00ab la Gauche \u00bb \u00e0 laquelle vous pr\u00e9tendez vous situer, le mot m\u00eame de \u00ab socialisme \u00bb que n-a pas encore effac\u00e9 de sa \u00ab raison sociale \u00bb le parti dont vous \u00eates, et la R\u00e9publique elle-m\u00eame. R\u00e9publicain vous ? Oui, \u00e0 la mode de Pomp\u00e9e. D\u00e9fenseur des valeurs de la R\u00e9publique ? Vous apparaissez bien plut\u00f4t et de plus en plus comme un harceleur, un maniaque obsessionnel, vous \u00eates le \u00ab Torquemada de la la\u00efcit\u00e9 \u00bb, le \u00ab tourmenteur des libert\u00e9s et de la R\u00e9publique.  Je vous l\u2019ai dit, je suis juif quand les juifs sont pers\u00e9cut\u00e9s. Je suis un ami et un soutien de Dieudonn\u00e9, et si je ne l\u2019\u00e9tais pas je le serai devenu \u00e0 l\u2019instant o\u00f9 vous le molestiez. L\u00e2chez-le ! Je vous le dit, laissez vivre et travailler en paix Dieudonn\u00e9 M\u2019bala M\u2019bala. C\u2019est l\u2019exigence qui monte du pays toujours plus vaste et imp\u00e9rative et que vous auriez tort de ne pas vouloir entendre.   Bien entendu monsieur, j\u2019ai compris que le pouvoir exorbitant que donne \u00e0 celui qui l\u2019exerce la fonction de premier flic de France, vous a enfl\u00e9e la t\u00eate. Je suis parfaitement conscient qu\u2019en formulant la pr\u00e9sente exigence et en vous adressant ce courrier, je vais \u00e9gratigner votre \u00e9go hypertrophique et provoquer votre ire d\u00e9vastatrice. Vous allez me poursuivre \u00e0 mon tour, de vos assiduit\u00e9s. Mais comme je ne suis pas un personnage public connu \u00e0 l\u2019instar de Dieudonn\u00e9, vous allez faire cela  en silence dans l\u2019ombre feutr\u00e9 de l\u2019anonymat. Vous allez faire  \u00e9couter mes communications, capter mes \u00ab courriels \u00bb, diligenter une enqu\u00eate sur ma personne et mes activit\u00e9s et ma vie priv\u00e9e, faire attaquer mon Site web ou le faire fermer, et me faire des tracasseries de toutes sortes si vous trouvez la moindre faille. Ai-je peur ? Bien s\u00fbr j\u2019ai peur de votre pouvoir de nuisance. J\u2019ai peur et pourtant sachez le bien, vous ne me ferez pas taire. Je sais qu\u2019il n\u2019y a rien \u00e0 attendre, ni remords, ni compassion ni sursaut de la raison, chez un homme tel que vous. Camp\u00e9 dans vos certitudes empes\u00e9es vous ne connaissez v\u00e9ritablement qu\u2019un moyen d\u2019assouvir votre soif de puissance, celui de briser ceux qui vous r\u00e9siste. Eh bien, que ce soit dit, j\u2019entends vous r\u00e9sister tout de m\u00eame\u2026 Brisez-moi !  C\u2019est vous qui prenez peur \u00e0 pr\u00e9sent, je le sais. Car la seule chose que redoutent vraiment les tyrans, c\u2019est le d\u00e9fi de la raison. Ils savent que l\u2019heure de rendre des comptes approche quand ceux qui ont peur se redresse quand m\u00eame et leur font face. Le d\u00e9fi du domin\u00e9 c\u2019est l\u2019hallali du despote.  Jeudi 23 janvier 2014.NB) Cette lettre ouverte sera exp\u00e9di\u00e9e demain, par voie postale, \u00e0 l&rsquo;attention du Ministre de l&rsquo;int\u00e9rieur. Publiez la sur vos Blogs, faites la suivre par mails \u00e0 vos amis et contacts, tirez la sur papier, publiez-la, assurez lui la plus large diffusion avant que la censure ne l&rsquo;entrave. Merci. P.S.<\/p>\n","protected":false},"excerpt":{"rendered":"<p>LACHEZ-LE !LETTRE OUVERTE A MONSIEUR MANUEL VALLS MINISTRE DE L\u2019INT\u00c9RIEUR DE LA R\u00c9PUBLIQUE FRAN\u00c7AISE. Monsieur le Ministre, Je ne suis [&hellip;]<\/p>\n","protected":false},"author":1,"featured_media":0,"comment_status":"open","ping_status":"open","sticky":false,"template":"","format":"standard","meta":{"sfsi_plus_gutenberg_text_before_share":"","sfsi_plus_gutenberg_show_text_before_share":"","sfsi_plus_gutenberg_icon_type":"","sfsi_plus_gutenberg_icon_alignemt":"","sfsi_plus_gutenburg_max_per_row":"","site-sidebar-layout":"default","site-content-layout":"","ast-site-content-layout":"default","site-content-style":"default","site-sidebar-style":"default","ast-global-header-display":"","ast-banner-title-visibility":"","ast-main-header-display":"","ast-hfb-above-header-display":"","ast-hfb-below-header-display":"","ast-hfb-mobile-header-display":"","site-post-title":"","ast-breadcrumbs-content":"","ast-featured-img":"","footer-sml-layout":"","ast-disable-related-posts":"","theme-transparent-header-meta":"","adv-header-id-meta":"","stick-header-meta":"","header-above-stick-meta":"","header-main-stick-meta":"","header-below-stick-meta":"","astra-migrate-meta-layouts":"default","ast-page-background-enabled":"default","ast-page-background-meta":{"desktop":{"background-color":"var(--ast-global-color-4)","background-image":"","background-repeat":"repeat","background-position":"center center","background-size":"auto","background-attachment":"scroll","background-type":"","background-media":"","overlay-type":"","overlay-color":"","overlay-opacity":"","overlay-gradient":""},"tablet":{"background-color":"","background-image":"","background-repeat":"repeat","background-position":"center center","background-size":"auto","background-attachment":"scroll","background-type":"","background-media":"","overlay-type":"","overlay-color":"","overlay-opacity":"","overlay-gradient":""},"mobile":{"background-color":"","background-image":"","background-repeat":"repeat","background-position":"center center","background-size":"auto","background-attachment":"scroll","background-type":"","background-media":"","overlay-type":"","overlay-color":"","overlay-opacity":"","overlay-gradient":""}},"ast-content-background-meta":{"desktop":{"background-color":"var(--ast-global-color-5)","background-image":"","background-repeat":"repeat","background-position":"center center","background-size":"auto","background-attachment":"scroll","background-type":"","background-media":"","overlay-type":"","overlay-color":"","overlay-opacity":"","overlay-gradient":""},"tablet":{"background-color":"var(--ast-global-color-5)","background-image":"","background-repeat":"repeat","background-position":"center center","background-size":"auto","background-attachment":"scroll","background-type":"","background-media":"","overlay-type":"","overlay-color":"","overlay-opacity":"","overlay-gradient":""},"mobile":{"background-color":"var(--ast-global-color-5)","background-image":"","background-repeat":"repeat","background-position":"center center","background-size":"auto","background-attachment":"scroll","background-type":"","background-media":"","overlay-type":"","overlay-color":"","overlay-opacity":"","overlay-gradient":""}},"footnotes":""},"categories":[16],"tags":[],"class_list":["post-1318","post","type-post","status-publish","format-standard","hentry","category-archives-cms"],"_links":{"self":[{"href":"https:\/\/lavoiedessansvoix.fr\/lavoie\/wp-json\/wp\/v2\/posts\/1318","targetHints":{"allow":["GET"]}}],"collection":[{"href":"https:\/\/lavoiedessansvoix.fr\/lavoie\/wp-json\/wp\/v2\/posts"}],"about":[{"href":"https:\/\/lavoiedessansvoix.fr\/lavoie\/wp-json\/wp\/v2\/types\/post"}],"author":[{"embeddable":true,"href":"https:\/\/lavoiedessansvoix.fr\/lavoie\/wp-json\/wp\/v2\/users\/1"}],"replies":[{"embeddable":true,"href":"https:\/\/lavoiedessansvoix.fr\/lavoie\/wp-json\/wp\/v2\/comments?post=1318"}],"version-history":[{"count":0,"href":"https:\/\/lavoiedessansvoix.fr\/lavoie\/wp-json\/wp\/v2\/posts\/1318\/revisions"}],"wp:attachment":[{"href":"https:\/\/lavoiedessansvoix.fr\/lavoie\/wp-json\/wp\/v2\/media?parent=1318"}],"wp:term":[{"taxonomy":"category","embeddable":true,"href":"https:\/\/lavoiedessansvoix.fr\/lavoie\/wp-json\/wp\/v2\/categories?post=1318"},{"taxonomy":"post_tag","embeddable":true,"href":"https:\/\/lavoiedessansvoix.fr\/lavoie\/wp-json\/wp\/v2\/tags?post=1318"}],"curies":[{"name":"wp","href":"https:\/\/api.w.org\/{rel}","templated":true}]}}