{"id":1317,"date":"2014-01-26T16:53:00","date_gmt":"2014-01-26T15:53:00","guid":{"rendered":"https:\/\/lavoiedessansvoix.fr\/lavoie\/2014\/01\/26\/archive-de-saint-francois-a-saint-crispin\/"},"modified":"2014-01-26T16:53:00","modified_gmt":"2014-01-26T15:53:00","slug":"archive-de-saint-francois-a-saint-crispin","status":"publish","type":"post","link":"https:\/\/lavoiedessansvoix.fr\/lavoie\/2014\/01\/26\/archive-de-saint-francois-a-saint-crispin\/","title":{"rendered":"DE SAINT FRANCOIS A SAINT CRISPIN"},"content":{"rendered":"<p>DE SAINT FRAN\u00c7OIS A SAINT CRISPIN  Vous avez vu, comme moi, les images officielles de la visite de Fran\u00e7ois Hollande \u00e0 son homonyme, le Pape Fran\u00e7ois 1er. Les m\u00e9dias nous en ont dit ce qu\u2019ils ont bien voulu, \u00ab des trois fois riens \u00bb qu\u2019ils ont brod\u00e9s eux-m\u00eames, il faut bien que \u00ab les maitres de l\u2019information \u00bb fassent semblant de savoir quelque chose.  En v\u00e9rit\u00e9, l\u2019entretien du Pape avec le Pr\u00e9sident de la R\u00e9publique fran\u00e7aise s\u2019est d\u00e9roul\u00e9 \u00e0 huis clos. Rien n\u2019en a filtr\u00e9, qui-y-a-t-il en effet de plus feutr\u00e9e et de plus discret que la diplomatie Vaticane ? Alors, chacun, et nous m\u00eame,  est libre de faire ses propres supputations. C\u2019est l\u2019inconv\u00e9nient du secret, il laisse libre cours \u00e0 la rumeur.  Une chose \u00e9tait visible \u00e0 l\u2019accueil, et ne pouvait \u00e9chapper \u00e0 personne. Si Fran\u00e7ois Hollande sur les tapis du Vatican \u2013 C\u2019est le seul endroit o\u00f9 il le parait encore &#8211; paraissait aussi \u00ab gauche \u00bb qu\u2019un pingouin sur la banquise, le visage du Pape Fran\u00e7ois d\u2019ordinaire si Jovial, \u00e9tait ferm\u00e9, crisp\u00e9. Fi soit du \u00ab bon Saint Fran\u00e7ois \u00bb, il paraissait, se sentir l\u00e0, aussi contrari\u00e9 que Saint Crispin dans l\u2019huile bouillante. A l\u2019\u00e9vidence, le j\u00e9suite qu\u2019il reste n\u2019en a pas us\u00e9 de la sorte par hasard, parce qu\u2019il avait la migraine ou mal aux dents. Il a voulu dans l\u2019espace public de cette rencontre faire savoir au monde sa d\u00e9sapprobation de l\u2019action publique du Pr\u00e9sident fran\u00e7ais.  Alors bien entendu nos journalistes patent\u00e9s, ont donn\u00e9 des explications, \u00e0 la hauteur de leur entendement, \u00e0 moins que ce ne soit \u00e0 la mesure des exigences de leur contrat. Tel nous dit que le Pape a voulu faire part de son d\u00e9pit concernant la politique fran\u00e7aise en mati\u00e8re de soci\u00e9t\u00e9 et de famille, \u00ab mariage pour tous \u00bb, avortement, etc. Tel autre pense d\u2019abord que le Pape a voulu marquer sa d\u00e9sapprobation de \u00ab l\u2019inconduite \u00bb du Pr\u00e9sident fran\u00e7ais, dans sa vie personnelle. Chacun veut nous \u00e9garer vers des sujets, importants certes pour certains, et qui int\u00e9ressent les catholiques de France, mais qui dans le contexte pr\u00e9sent sont un peu d\u00e9suets, ont pour fin d\u2019occulter la vraie question qui f\u00e2che et qui justifie bien plus s\u00e9rieusement la grise mine du pape. Il s\u2019agit de la Syrie et de la s\u00e9curit\u00e9 des chr\u00e9tiens d\u2019Orient.   Le Pape Fran\u00e7ois 1er qui consid\u00e8re la politique actuelle de la France comme une trahison des chr\u00e9tiens de Syrie et du Liban, d\u00e9sapprouve l\u2019implication personnelle de Fran\u00e7ois Hollande dans l\u2019alliance avec l\u2019Arabie et le Qatar pour la poursuite de la guerre et son soutien politique et militaire aux forces Djihadistes qui s\u00e8ment la d\u00e9solation dans ce pays. Or, cette visite du Pr\u00e9sident fran\u00e7ais, avait lieu dans le temps o\u00f9 se tient \u00e0 Montreux en Suisse, la conf\u00e9rence \u00ab dite Gen\u00e8ve 2 \u00bb sur la Syrie, contre la tenue de laquelle la France a milit\u00e9 avec acharnement, et qu\u2019elle a contribu\u00e9 \u00e0 d\u00e9l\u00e9gitimer en justifiant le boycott de l\u2019opposition arm\u00e9e. On sait l\u2019importance que le Pape attache \u00e0 cette question, dont avait rendu compte sa prise de position pour \u00ab une solution politique en Syrie \u00bb lors de son premier message pascal, Voir notre article d\u2019alors : \u00ab Fran\u00e7ois contre Fran\u00e7ois \u00bb (20 avril 2013) et la lettre personnelle qu\u2019il avait adress\u00e9e en septembre \u00e0 Vladimir Poutine, Pr\u00e9sident du dernier G 20. Lettre qui par son contenu, le choix du moment et du destinataire, \u00e9tait un v\u00e9ritable camouflet diplomatique pour Fran\u00e7ois Hollande et Barak Obama qui voulaient alors d\u00e9clencher des repr\u00e9sailles destructrices et meurtri\u00e8res contre la Syrie.   A cet \u00e9clairage, il ne peut gu\u00e8re faire de doute pour nous que la Syrie a \u00e9t\u00e9 au centre de l\u2019entretien des deux Fran\u00e7ois. Et \u00e0 en juger par la mine du Pape, il ne fait gu\u00e8re de doute non plus que son propos a \u00e9t\u00e9 peu am\u00e8ne \u00e0 l\u2019endroit de notre faucon national.Dimanche 25 janvier 2014.<\/p>\n","protected":false},"excerpt":{"rendered":"<p>DE SAINT FRAN\u00c7OIS A SAINT CRISPIN Vous avez vu, comme moi, les images officielles de la visite de Fran\u00e7ois Hollande [&hellip;]<\/p>\n","protected":false},"author":1,"featured_media":0,"comment_status":"open","ping_status":"open","sticky":false,"template":"","format":"standard","meta":{"sfsi_plus_gutenberg_text_before_share":"","sfsi_plus_gutenberg_show_text_before_share":"","sfsi_plus_gutenberg_icon_type":"","sfsi_plus_gutenberg_icon_alignemt":"","sfsi_plus_gutenburg_max_per_row":"","site-sidebar-layout":"default","site-content-layout":"","ast-site-content-layout":"default","site-content-style":"default","site-sidebar-style":"default","ast-global-header-display":"","ast-banner-title-visibility":"","ast-main-header-display":"","ast-hfb-above-header-display":"","ast-hfb-below-header-display":"","ast-hfb-mobile-header-display":"","site-post-title":"","ast-breadcrumbs-content":"","ast-featured-img":"","footer-sml-layout":"","ast-disable-related-posts":"","theme-transparent-header-meta":"","adv-header-id-meta":"","stick-header-meta":"","header-above-stick-meta":"","header-main-stick-meta":"","header-below-stick-meta":"","astra-migrate-meta-layouts":"default","ast-page-background-enabled":"default","ast-page-background-meta":{"desktop":{"background-color":"var(--ast-global-color-4)","background-image":"","background-repeat":"repeat","background-position":"center center","background-size":"auto","background-attachment":"scroll","background-type":"","background-media":"","overlay-type":"","overlay-color":"","overlay-opacity":"","overlay-gradient":""},"tablet":{"background-color":"","background-image":"","background-repeat":"repeat","background-position":"center center","background-size":"auto","background-attachment":"scroll","background-type":"","background-media":"","overlay-type":"","overlay-color":"","overlay-opacity":"","overlay-gradient":""},"mobile":{"background-color":"","background-image":"","background-repeat":"repeat","background-position":"center center","background-size":"auto","background-attachment":"scroll","background-type":"","background-media":"","overlay-type":"","overlay-color":"","overlay-opacity":"","overlay-gradient":""}},"ast-content-background-meta":{"desktop":{"background-color":"var(--ast-global-color-5)","background-image":"","background-repeat":"repeat","background-position":"center center","background-size":"auto","background-attachment":"scroll","background-type":"","background-media":"","overlay-type":"","overlay-color":"","overlay-opacity":"","overlay-gradient":""},"tablet":{"background-color":"var(--ast-global-color-5)","background-image":"","background-repeat":"repeat","background-position":"center center","background-size":"auto","background-attachment":"scroll","background-type":"","background-media":"","overlay-type":"","overlay-color":"","overlay-opacity":"","overlay-gradient":""},"mobile":{"background-color":"var(--ast-global-color-5)","background-image":"","background-repeat":"repeat","background-position":"center center","background-size":"auto","background-attachment":"scroll","background-type":"","background-media":"","overlay-type":"","overlay-color":"","overlay-opacity":"","overlay-gradient":""}},"footnotes":""},"categories":[16],"tags":[],"class_list":["post-1317","post","type-post","status-publish","format-standard","hentry","category-archives-cms"],"_links":{"self":[{"href":"https:\/\/lavoiedessansvoix.fr\/lavoie\/wp-json\/wp\/v2\/posts\/1317","targetHints":{"allow":["GET"]}}],"collection":[{"href":"https:\/\/lavoiedessansvoix.fr\/lavoie\/wp-json\/wp\/v2\/posts"}],"about":[{"href":"https:\/\/lavoiedessansvoix.fr\/lavoie\/wp-json\/wp\/v2\/types\/post"}],"author":[{"embeddable":true,"href":"https:\/\/lavoiedessansvoix.fr\/lavoie\/wp-json\/wp\/v2\/users\/1"}],"replies":[{"embeddable":true,"href":"https:\/\/lavoiedessansvoix.fr\/lavoie\/wp-json\/wp\/v2\/comments?post=1317"}],"version-history":[{"count":0,"href":"https:\/\/lavoiedessansvoix.fr\/lavoie\/wp-json\/wp\/v2\/posts\/1317\/revisions"}],"wp:attachment":[{"href":"https:\/\/lavoiedessansvoix.fr\/lavoie\/wp-json\/wp\/v2\/media?parent=1317"}],"wp:term":[{"taxonomy":"category","embeddable":true,"href":"https:\/\/lavoiedessansvoix.fr\/lavoie\/wp-json\/wp\/v2\/categories?post=1317"},{"taxonomy":"post_tag","embeddable":true,"href":"https:\/\/lavoiedessansvoix.fr\/lavoie\/wp-json\/wp\/v2\/tags?post=1317"}],"curies":[{"name":"wp","href":"https:\/\/api.w.org\/{rel}","templated":true}]}}