{"id":1316,"date":"2014-01-30T16:19:00","date_gmt":"2014-01-30T15:19:00","guid":{"rendered":"https:\/\/lavoiedessansvoix.fr\/lavoie\/2014\/01\/30\/archive-la-bande-a-bandera\/"},"modified":"2014-01-30T16:19:00","modified_gmt":"2014-01-30T15:19:00","slug":"archive-la-bande-a-bandera","status":"publish","type":"post","link":"https:\/\/lavoiedessansvoix.fr\/lavoie\/2014\/01\/30\/archive-la-bande-a-bandera\/","title":{"rendered":"LA BANDE A BANDERA"},"content":{"rendered":"<p>LA BANDE A BANDERA    On nous a rebattues les oreilles de l\u2019Europe \u0153uvre de paix. S\u2019\u00e9tait pour d\u00e9passer l\u2019Europe des Nationalismes et des guerres, qu\u2019il fallait faire l\u2019Europe. Les voix de la propagande officielle, que sont en v\u00e9rit\u00e9 les m\u00e9dias, faisaient des gorges chaudes avec l\u2019\u00e8re de paix dans laquelle nous vivions, gr\u00e2ce \u00e0 la construction europ\u00e9enne, depuis la fin de la guerre, pr\u00e9cis\u00e9ment. Cet argument avait d\u2019ailleurs fait son effet, en gagnant au \u00ab oui \u00bb, une partie de la jeunesse, lors du r\u00e9f\u00e9rendum d\u2019adoption du trait\u00e9 de Maastricht en 1992. La jeunesse, la paix, quoi de plus beau et de plus naturel ?  Mais \u00ab l\u2019Europe \u00bb avec son grand E, ce n\u2019\u00e9tait pas une entit\u00e9 g\u00e9ographique politiquement neutre, c\u2019\u00e9tait l\u2019Europe capitaliste lib\u00e9rale. Le capitalisme lib\u00e9ral avait-il perdu son esprit dominateur et agressif, sa culture colonialiste ? Que nenni ! Soixante ans de paix, \u00e7a, s\u2019\u00e9tait pour l\u2019Europe continentale, la France, l\u2019Angleterre et l\u2019Allemagne ne se sont plus fait la guerre tout ce temps en effet. De l\u00e0 \u00e0 dire que l\u2019Europe c\u2019est la paix, n\u2019\u00e9tait-ce pas faire peu de cas de toutes les guerres ext\u00e9rieures, coloniales ou autres, dans lesquelles furent impliqu\u00e9s un ou des pays europ\u00e9ens durant cette p\u00e9riode ?  Bon, consid\u00e9rons un instant que l\u2019Indochine, l\u2019Alg\u00e9rie, d\u2019Angola, le Mozambique, la Guin\u00e9e-Bissau, le Congo, Suez, les Malouines (Falkland), la 1er guerre du golfe (1991), l\u2019Afghanistan, l\u2019invasion de l\u2019Irak (2003), sans parler de maintes implications dans les guerres d\u2019Isra\u00ebl ou dans les guerres africaines, admettons, dis-je que tout \u00e7\u00e0 ne soit pas des guerres. Admettons que toutes ces guerres ne soient pas de nature \u00e0 faire douter de la vocation pacifiste de l\u2019Europe. Mais il y a eu la chute du mur de Berlin et l\u2019effondrement du \u00ab bloc sovi\u00e9tique \u00bb dans les ann\u00e9es 90 du si\u00e8cle pr\u00e9c\u00e9dent. Et \u00e0 quoi a-t-on assist\u00e9 alors ? A la cur\u00e9e. Au d\u00e9membrement de la Tch\u00e9coslovaquie et de la Yougoslavie, \u00e0 la balkanisation de l\u2019Europe.  Ces pays lib\u00e9r\u00e9s du joug sovi\u00e9tique ou de la main de fer de Tito, ont explos\u00e9s eux-m\u00eames, diront peut-\u00eatre les \u00e2mes simples. Mon \u0153il. Certes ces circonstances faisaient renaitre des forces centrifuges qui militaient pour l\u2019\u00e9clatement. Mais cela n\u2019aurait peut-\u00eatre pas suffit sans une politique d\u00e9lib\u00e9r\u00e9e de l\u2019Europe et tout particuli\u00e8rement de l\u2019Allemagne et du Vatican, qui donn\u00e8rent l\u2019appui politique et le signal du d\u00e9membrement. En juillet 1991 La Croatie et la Slov\u00e9nie d\u00e9clarent leur ind\u00e9pendance et imm\u00e9diatement l\u2019Allemagne f\u00e9d\u00e9rale les \u00ab reconnait \u00bb, rapidement suivit (janvier 92) par les autres Pays europ\u00e9ens.  Hitler en son temps avait d\u00e9membr\u00e9e la Tch\u00e9coslovaquie et la Yougoslavie, l\u2019Europe lib\u00e9rale fit de m\u00eame en prenant appuis sur les nationalismes r\u00e9trogrades de ces nations confettis, elle qui se vantait d\u2019avoir jugul\u00e9 les nationalismes Allemand ou Fran\u00e7ais. Elle ne redoutait m\u00eame pas de faire appel pour cette \u0153uvre de \u00ab d\u00e9tricotage \u00bb, \u00e0 l\u2019id\u00e9ologie du parti croates des Oustachis, de sinistre m\u00e9moire, et \u00e0 diaboliser la Serbie qui \u00e9tait la force f\u00e9d\u00e9ratrice de \u00ab l\u2019union yougoslave \u00bb. Elle ne recula pas m\u00eame devant une entr\u00e9e en guerre contre la Serbie, l\u00e2ch\u00e9e par la France dont elle \u00e9tait pourtant une alli\u00e9e historique, plus que s\u00e9culaire. Le bombardement de Belgrade par l\u2019OTAN en 1999 illustrait d\u00e9j\u00e0, pour les personnes attentives, qui jugent aux actes plus qu\u2019aux discours, les limites des bouffonneries pacifistes de l\u2019Europe qui d\u00e9voilait l\u00e0 son agressivit\u00e9 maintenue.  L\u2019Europe lib\u00e9rale a donc d\u00e9j\u00e0 montr\u00e9 son vrai visage en maintes r\u00e9gions de la plan\u00e8te, et sur le territoire europ\u00e9en lui-m\u00eame. Cela se renouvelle \u00e0 pr\u00e9sent dans le traitement de la question ukrainienne ? Les manifestants pro-occidentaux aspirent \u00e0 en d\u00e9coudre avec le pouvoir. Et que font les politiques et les m\u00e9dias occidentaux, sinon justifier, jeter de l\u2019huile sur le feu, pousser \u00e0 l\u2019affrontement.   Ces grands d\u00e9mocrates qui n\u2019avaient pas l\u00e9sin\u00e9 pour en appeler aux h\u00e9ritiers des Oustachis Yougoslaves, qui ne rechignent pas non plus \u00e0 recruter pour leurs fins cach\u00e9es, les mercenaires salafistes djihadistes, pour les besoins de leurs agressions contre la Syrie, ne rechignent bien s\u00fbr pas d\u2019avantage, \u00e0 s\u2019acoquiner avec les nationalistes ukrainiens qui revendiquent ouvertement leur h\u00e9ritage*. Et quel h\u00e9ritage diantre ! Celui de Bandera, celui de la x\u00e9nophobie russophobe, celui de la division Galicia, celui de l\u2019engagement dans la waffen-SS, celui de leur contribution active \u00e0 la chasse aux \u00ab jud\u00e9o-bolch\u00e9viques\u00bb et \u00e0 \u00ab la Shoa par balles \u00bb. Tels sont les alli\u00e9s peu pr\u00e9sentables de l\u2019Europe lib\u00e9rale, tels sont les suppl\u00e9tifs de ses desseins expansionnistes. Ce sont eux, 2000, qui ont fait le coup de poing r\u00e9cemment \u00e0 Kiev contre un immeuble occup\u00e9 par 200 policiers et en ont tu\u00e9 deux, dont un au couteau. Ce sont eux qui pr\u00eachent la radicalisation du mouvement et poussent \u00e0 l\u2019affrontement violent avec les repr\u00e9sentants du r\u00e9gime l\u00e9gal. Or,  qu\u2019elle a \u00e9t\u00e9 la r\u00e9action de nos politiques et de nos m\u00e9dias. Plut\u00f4t complaisante pour ses h\u00e9ros qui d\u00e9fient le pouvoir Ukrainien au nom de l\u2019Europe. Pas le moindre grief pour l\u2019usage de la violence, pas la moindre allusion \u00e0 leur origine. O\u00f9 est-il le temps, de l\u2019indignation et des cris d\u2019orfraie \u00ab des d\u00e9mocrates d\u2019Europe \u00bb quand J\u00f6rg Haider fut en position de faire son entr\u00e9e au gouvernement Autrichien ? Et que disent \u00e0 pr\u00e9sent, de cette compromission honteuse, nos organisations juives de France, si empress\u00e9es \u00e0 faire la chasse \u00e0 l\u2019humoriste Dieudonn\u00e9 et \u00e0 voir des saluts fascistes \u00e0 l\u2019envers dans des quenelles \u00e0 l\u2019endroit, que disent-elles de cette alliance circonstancielle de \u00ab l\u2019Europe d\u00e9mocratique \u00bb (?) avec ce mouvement, h\u00e9ritier en filiation directe des assassins de leurs parents et de tant d\u2019autres ?  Ce, \u00e0 quoi nous assistons, en v\u00e9rit\u00e9, s\u2019apparente \u00e0 une agression de l\u2019Europe contre l\u2019Ukraine et \u00e0 travers elle la f\u00e9d\u00e9ration de Russie. L\u2019Europe pr\u00e9tendument d\u00e9mocratique et pacifiste, ne reculera pas si sa s\u2019av\u00e8re \u00eatre le chemin n\u00e9cessaire \u00e0 la r\u00e9alisation de son projet expansionniste, \u00e0 provoquer la partition de l\u2019Ukraine. En faisant ainsi pression sur la f\u00e9d\u00e9ration de Russie par Ukraine interpos\u00e9e l\u2019Europe atlantiste a aussi pour dessein de faire payer, au prix fort, \u00e0 Vladimir Poutine, son appui \u00e0 la Syrie et son opposition \u00e0 l\u2019intervention occidentale.Jeudi 30 janvier 2014.  \u2022 \u00ab  Stepan Bandera est une figure controvers\u00e9e en Ukraine, certains le consid\u00e9rant comme un h\u00e9ros national, d&rsquo;autres comme un collaborateur nazi. Stepan Bandera a \u00e9t\u00e9 \u00e9lev\u00e9 \u00e0 la dignit\u00e9 posthume de H\u00e9ros d&rsquo;Ukraine par un d\u00e9cret sign\u00e9 le 22 janvier 2010 par le pr\u00e9sident ukrainien Viktor Iouchtchenko, provoquant une vague de protestations dans la f\u00e9d\u00e9ration de Russie et au sein de la population russophone d&rsquo;Ukraine. Le 29 janvier 2010, le Centre Simon-Wiesenthal a d\u00e9nonc\u00e9, dans une lettre adress\u00e9e \u00e0 l&rsquo;ambassade ukrainienne aux \u00c9tats-Unis, l&rsquo;attribution du titre de \u00ab\u00a0h\u00e9ros\u00a0\u00bb \u00e0 un \u00ab collaborateur nazi responsable du massacre de milliers de Juifs pendant la guerre de 1939-1945. \u00bb (Sources Wikip\u00e9dia) \u2013 Or, le centre Simon Wiesenthal, comme il est fr\u00e9quent chez les organisations Juives, oubliait de faire mention des autres crimes et des dizaines de milliers d\u2019autres victimes de Bandera et de sa bande. Car en leur temps, quand collaborateurs d\u2019Hitler, ils partirent en chasse, ce n\u2019est pas seulement \u00e0 la chasse aux juifs que ceux-l\u00e0 partirent, mais \u00e0 la chasse \u00ab aux-jud\u00e9o-communistes \u00ab. Il serait utile \u00e0 une bonne compr\u00e9hension de l\u2019histoire, que les descendants des victimes juives de l\u2019hitl\u00e9risme n\u2019oublient pas cette fraternit\u00e9 du martyre qui unissait leurs ascendants au mouvement communiste international. (La voie des sans voix) &#8211; Depuis l&rsquo;arriv\u00e9e au pouvoir de Viktor Ianoukovitch, l&rsquo;attribution du titre de h\u00e9ros d\u2019Ukraine \u00e0 St\u00e9pan Bandera a \u00e9t\u00e9 annul\u00e9e et le d\u00e9cret d\u00e9clar\u00e9 invalide. \u00bb<\/p>\n","protected":false},"excerpt":{"rendered":"<p>LA BANDE A BANDERA On nous a rebattues les oreilles de l\u2019Europe \u0153uvre de paix. S\u2019\u00e9tait pour d\u00e9passer l\u2019Europe des [&hellip;]<\/p>\n","protected":false},"author":1,"featured_media":0,"comment_status":"open","ping_status":"open","sticky":false,"template":"","format":"standard","meta":{"sfsi_plus_gutenberg_text_before_share":"","sfsi_plus_gutenberg_show_text_before_share":"","sfsi_plus_gutenberg_icon_type":"","sfsi_plus_gutenberg_icon_alignemt":"","sfsi_plus_gutenburg_max_per_row":"","site-sidebar-layout":"default","site-content-layout":"","ast-site-content-layout":"default","site-content-style":"default","site-sidebar-style":"default","ast-global-header-display":"","ast-banner-title-visibility":"","ast-main-header-display":"","ast-hfb-above-header-display":"","ast-hfb-below-header-display":"","ast-hfb-mobile-header-display":"","site-post-title":"","ast-breadcrumbs-content":"","ast-featured-img":"","footer-sml-layout":"","ast-disable-related-posts":"","theme-transparent-header-meta":"","adv-header-id-meta":"","stick-header-meta":"","header-above-stick-meta":"","header-main-stick-meta":"","header-below-stick-meta":"","astra-migrate-meta-layouts":"default","ast-page-background-enabled":"default","ast-page-background-meta":{"desktop":{"background-color":"var(--ast-global-color-4)","background-image":"","background-repeat":"repeat","background-position":"center center","background-size":"auto","background-attachment":"scroll","background-type":"","background-media":"","overlay-type":"","overlay-color":"","overlay-opacity":"","overlay-gradient":""},"tablet":{"background-color":"","background-image":"","background-repeat":"repeat","background-position":"center center","background-size":"auto","background-attachment":"scroll","background-type":"","background-media":"","overlay-type":"","overlay-color":"","overlay-opacity":"","overlay-gradient":""},"mobile":{"background-color":"","background-image":"","background-repeat":"repeat","background-position":"center center","background-size":"auto","background-attachment":"scroll","background-type":"","background-media":"","overlay-type":"","overlay-color":"","overlay-opacity":"","overlay-gradient":""}},"ast-content-background-meta":{"desktop":{"background-color":"var(--ast-global-color-5)","background-image":"","background-repeat":"repeat","background-position":"center center","background-size":"auto","background-attachment":"scroll","background-type":"","background-media":"","overlay-type":"","overlay-color":"","overlay-opacity":"","overlay-gradient":""},"tablet":{"background-color":"var(--ast-global-color-5)","background-image":"","background-repeat":"repeat","background-position":"center center","background-size":"auto","background-attachment":"scroll","background-type":"","background-media":"","overlay-type":"","overlay-color":"","overlay-opacity":"","overlay-gradient":""},"mobile":{"background-color":"var(--ast-global-color-5)","background-image":"","background-repeat":"repeat","background-position":"center center","background-size":"auto","background-attachment":"scroll","background-type":"","background-media":"","overlay-type":"","overlay-color":"","overlay-opacity":"","overlay-gradient":""}},"footnotes":""},"categories":[16],"tags":[],"class_list":["post-1316","post","type-post","status-publish","format-standard","hentry","category-archives-cms"],"_links":{"self":[{"href":"https:\/\/lavoiedessansvoix.fr\/lavoie\/wp-json\/wp\/v2\/posts\/1316","targetHints":{"allow":["GET"]}}],"collection":[{"href":"https:\/\/lavoiedessansvoix.fr\/lavoie\/wp-json\/wp\/v2\/posts"}],"about":[{"href":"https:\/\/lavoiedessansvoix.fr\/lavoie\/wp-json\/wp\/v2\/types\/post"}],"author":[{"embeddable":true,"href":"https:\/\/lavoiedessansvoix.fr\/lavoie\/wp-json\/wp\/v2\/users\/1"}],"replies":[{"embeddable":true,"href":"https:\/\/lavoiedessansvoix.fr\/lavoie\/wp-json\/wp\/v2\/comments?post=1316"}],"version-history":[{"count":0,"href":"https:\/\/lavoiedessansvoix.fr\/lavoie\/wp-json\/wp\/v2\/posts\/1316\/revisions"}],"wp:attachment":[{"href":"https:\/\/lavoiedessansvoix.fr\/lavoie\/wp-json\/wp\/v2\/media?parent=1316"}],"wp:term":[{"taxonomy":"category","embeddable":true,"href":"https:\/\/lavoiedessansvoix.fr\/lavoie\/wp-json\/wp\/v2\/categories?post=1316"},{"taxonomy":"post_tag","embeddable":true,"href":"https:\/\/lavoiedessansvoix.fr\/lavoie\/wp-json\/wp\/v2\/tags?post=1316"}],"curies":[{"name":"wp","href":"https:\/\/api.w.org\/{rel}","templated":true}]}}