{"id":1314,"date":"2014-02-05T16:41:00","date_gmt":"2014-02-05T15:41:00","guid":{"rendered":"https:\/\/lavoiedessansvoix.fr\/lavoie\/2014\/02\/05\/archive-revue-de-quelques-petites-insanites-de-l-actualite\/"},"modified":"2014-02-05T16:41:00","modified_gmt":"2014-02-05T15:41:00","slug":"archive-revue-de-quelques-petites-insanites-de-l-actualite","status":"publish","type":"post","link":"https:\/\/lavoiedessansvoix.fr\/lavoie\/2014\/02\/05\/archive-revue-de-quelques-petites-insanites-de-l-actualite\/","title":{"rendered":"REVUE DE QUELQUES PETITES INSANIT\u00c9S DE L\u2019ACTUALIT\u00c9"},"content":{"rendered":"<p>REVUE DE QUELQUES PETITES INSANIT\u00c9S DE L\u2019ACTUALIT\u00c9  L\u2019actualit\u00e9 se pr\u00e9cipite. Nous ne pouvons pas intervenir sur tous les sujets. Le pourrions-nous, nous ne le ferions pas. Un trop grand foisonnement serait nuisible \u00e0 la pause n\u00e9cessaire sur l\u2019\u00e9v\u00e8nement. Nous pr\u00e9f\u00e9rons, la plus part du temps, nous appesantir sur les sujets qui nous paraissent les plus significatifs et les plus r\u00e9v\u00e9lateurs de la r\u00e9alit\u00e9 dont nous voulons rendre compte. Nous optons pour cette posture, d\u2019autant plus ais\u00e9ment que nous ne nous consid\u00e9rons pas comme un Site d\u2019information. Il en existe de nombreux qui ont des moyens bien plus consid\u00e9rables que le n\u00f4tres. Nous sommes, et nous le revendiquons un Site d\u2019opinions. Or ceux-l\u00e0, contrairement aux pr\u00e9c\u00e9dents ne sont pas foison, surtout quand il s\u2019agit d\u2019\u00e9chapper \u00e0 \u00ab l\u2019assommoir \u00bb de la pens\u00e9e unique. Alors nous nous en tenons \u00e0 notre ligne de conduite. Aborder, certes, le plus grand nombre de sujets possible pour rendre compte d\u2019une r\u00e9alit\u00e9 diverse et complexe, mais donner la pr\u00e9f\u00e9rence et nous attarder sur quelques-uns seulement, ceux qui \u00e9clairent la r\u00e9alit\u00e9, ceux sur lesquels mentent l\u2019establishment politique et les m\u00e9dias, ceux que travesti la pens\u00e9e unique.  Cette option est bien s\u00fbr g\u00e9n\u00e9ratrice de d\u00e9s\u00e9quilibre apparent dans le choix des sujets trait\u00e9s. Les nombreux autres sujets, que nous n\u2019avions pas trait\u00e9s, n\u2019ont pourtant pas \u00e9chapp\u00e9s \u00e0 notre vigilance. Avec cette \u00ab revue \u00bb nous aspirons \u00e0 corriger, au moins partiellement ce d\u00e9s\u00e9quilibre. Nous vous livrons ici, en quelques articles brefs et analyses succinctes, une brochette de quelques-unes des insanit\u00e9s de l\u2019actualit\u00e9 de ses derniers jours.    LE GRAND MAMAMOUCHI A R\u00c9PUDI\u00c9E SA FEMME  N\u2019\u00e9tait-il pas d\u00e9j\u00e0 d\u00e9rangeant ce Pr\u00e9sident de la R\u00e9publique qui fit une question de principe de l\u2019adoption de la loi sur \u00ab le mariage pour tous \u00bb, except\u00e9 pour lui-m\u00eame ? Fallait-il comprendre \u00ab pour tous \u00bb et non pour \u2018toutes \u00bb ? Sa conduite d\u00e9sinvolte traduirait-elle du m\u00e9pris \u00e0 l\u2019\u00e9gard des \u00ab femmes \u00bb, \u00e0 moins que ce ne fusse la r\u00e9v\u00e9lation d\u2019une proximit\u00e9 avec d\u2019autres r\u00e9f\u00e9rences culturelles?   Nous serions nous tromp\u00e9 ? Nous avions mis sur le compte de la seule d\u00e9fense des int\u00e9r\u00eats de l\u2019imp\u00e9rialisme occidental et de l\u2019assujettissement de la France aux USA, son acoquinement avec l\u2019Arabie Saoudite et le Qatar, pourvoyeurs des bandes arm\u00e9es qui d\u00e9solent la Syrie. Peut-\u00eatre cela va-t-il plus loin ? Peut-\u00eatre y-a-t-il une vraie proximit\u00e9 culturelle entre notre \u00ab Calife national \u00bb et l\u2019orthodoxie musulmane ? Comme les Califes ne poss\u00e8de-t-il pas son Harem, bien que nous ne le nommions pas ainsi, comme les Califes n-a-t-il pas une \u00ab favorite \u00bb, dont il change au gr\u00e8s de ses caprices. Et voil\u00e0 qu\u2019il s\u2019arroge \u00e0 pr\u00e9sent un droit nouveau sous les ors de la r\u00e9publique, que l\u2019on croyait r\u00e9serv\u00e9 \u00e0 d\u2019autres temps et d\u2019autres cieux, la \u00ab r\u00e9pudiation \u00bb.  Un constat s\u2019impose. Cet homme \u00e0 l\u2019\u00e9gard de ses concubines en use avec aussi peu d\u2019\u00e9gards qu\u2019il en use avec ses \u00e9lecteurs. Tous C\u2026.   Dimanche 25 janvier 2014.  LE MAUVAIS ESPRIT DES LOIS  En mati\u00e8re \u00ab d\u2019esprit des lois \u00bb le r\u00e9gime \u00ab s\u00e9nilisant \u00bb de la 5\u00e8me r\u00e9publique n\u2019a rien \u00e0 envier \u00e0 celui de \u00ab l\u2019\u00c9tat Fran\u00e7ais \u00bb.  Le r\u00e9gime du Mar\u00e9chal P\u00e9tain s\u2019\u00e9tait illustr\u00e9 en instaurant \u00ab la r\u00e9troactivit\u00e9 des lois \u00bb le r\u00e9gime de Hollande s\u2019illustre lui par \u00ab la transgression des lois \u00bb. Il transgresse les lois et m\u00eame d\u2019avantage, les principes fondateurs de la R\u00e9publique eux-m\u00eames. C\u2019est l\u2019abus, auquel il s\u2019adonne quand il fait \u00e9dicter un arr\u00eat de circonstance du conseil d\u2019Etat qui fait jurisprudence, tirant un trait de nullit\u00e9 sur toute la tradition R\u00e9publicaine ant\u00e9rieure en mati\u00e8re de libert\u00e9 d\u2019expression. C\u2019est l\u2019abus, auquel il s\u2019adonne encore quand il r\u00e9it\u00e8re, lors d\u2019une perquisition au domicile de la femme de Dieudonn\u00e9. Des policiers saisissent plus de neuf cent mille euros en liquide. De quel droit ? Par la vertu de qu\u2019elle loi ? Il n\u2019est absolument pas interdit de d\u00e9tenir de telles sommes chez soi. \u00c9ventuellement, bien que fort cavali\u00e8re dans la forme,  la saisie d\u2019une somme utile au paiement des arri\u00e9r\u00e9s que l\u2019humoriste doit au fisc, eu-t-elle pu revendiquer un fondement moral. Mais pas au-del\u00e0. La saisie d\u2019argent ne pourrait se justifier que si celui-ci \u00e9tait le revenu d\u2019une activit\u00e9 illicite. Mais jusqu&rsquo;\u00e0 plus ample inform\u00e9, tel n&rsquo;est pas le motif de la commission rogatoire qui court contre l&rsquo;humoriste. En l&rsquo;esp\u00e8ce, les policiers de Manuel Valls, en service command\u00e9s, sous couvert de l\u2019autorit\u00e9 de la force publique, n&rsquo;ont-il pas agi comme de vulgaires cambrioleurs, et le locataire de l\u2019h\u00f4tel Beauvau ne se comporterait-il pas comme un chef de bande ?     MISE EN EXAMEN DES JEUNES DJIHADISTES  Voil\u00e0 un \u00c9tat, un chef d\u2019\u00c9tat, \u00e9tranger \u00e0 la Syrie, qui affirme que le chef de l\u2019\u00e9tat syrien est un tyran sanguinaire, et qu\u2019il doit quitter le pouvoir, qui est un alli\u00e9 privil\u00e9gi\u00e9 de l\u2019Arabie Saoudite et du Qatar qui animent,  arment, financent, et recrutent les mercenaires Djihadistes sans lesquels la guerre en Syrie n\u2019aurait pas lieu ; voil\u00e0 un chef d\u2019\u00c9tat Fran\u00e7ais qui accuse le chef d\u2019\u00c9tat syrien d\u2019utiliser des armes chimiques contre son peuple, le traite de \u00ab\u00a0gazeur\u00a0\u00bb, et qui, lorsque des jeunes gens de chez nous, \u00e9motifs comme sont les jeunes gens, d\u00e9cident d\u2019aller faire la guerre \u00ab au tyran \u00bb, les recherchent et les poursuit en justice comme \u00ab terroristes.  Qui, sinon des complices de ce chef d\u2019\u00e9tat, ne verront pas l\u00e0, pour le moins une incoh\u00e9rence majeure, ou mieux, un cynisme sans borne.       Nous l\u2019avons dit dans notre article du 22 janvier (Hollande et Fabius doivent des comptes) La responsabilit\u00e9 des plus hauts dirigeants de l\u2019\u00c9tat fran\u00e7ais est engag\u00e9e dans cette affaire. Si l\u2019on importune des jeunes gens qui ont agi (ou tent\u00e9 d\u2019agir) selon leur conscience (que nous n\u2019approuvons pas il va sans dire) et leur c\u0153ur, alors il faut pour le moins, demander des comptes aussi aux irresponsables politiques qui en faisant l\u2019apologie de leur guerre ont motiv\u00e9 et justifier leur engagement.       Messieurs les juges, aurez-vous le c\u0153ur de poursuivre pour terrorisme ces \u00ab\u00a0pauvres petits soldats  \u00e0 la kalachnikov\u00a0\u00bb, sans mettre en examen leurs g\u00e9n\u00e9raux, ces grands manipulateurs de la terreur d\u2019\u00c9tat, qui se proposaient il y a peu, et le justifient encore sans sourciller, de frapper la Syrie d\u2019un d\u00e9luge de feu ?  N\u2019est-ce pas \u00e0 eux l\u00e0 qu\u2019il convient de demander des explications, et de passer au plus vite la camisole judiciaire ?  MORY DUCROS, LA GRANDE \u00ab VICTOIRE \u00bb DE MONTEBOURG.  Mory Ducros. Le verre \u00e0 moiti\u00e9 plein et le verre \u00e0 moiti\u00e9 vide. Mory Ducros, c\u2019est quoi selon vous, 2000 emplois sauv\u00e9s ou 3000 emplois d\u00e9truits ?   Voil\u00e0 un gouvernement qui pr\u00e9tend lutter pour \u00ab la sauvegarde de l\u2019emploi \u00bb, et voil\u00e0 un jeune coq de la politique, aux ergots d\u2019acier, tout expr\u00e8s nomm\u00e9 : \u00ab Ministre du red\u00e9ploiement industriel. Quel bilan pour la politique et pour les hommes qui la pilote. Il n\u2019est qu\u2019\u00e0 voir le nombre des emplois industriels encore d\u00e9truits dans le temps o\u00f9 ils pr\u00e9tendaient les d\u00e9fendre, pour se faire une opinion de leur mauvaise foi et de leur langue de bois. Eh bien, de quel red\u00e9ploiement parlent-ils vraiment ? Le red\u00e9ploiement hors de nos fronti\u00e8res, de ce qui restait de potentiel industriel fran\u00e7ais. Parce que, pour ce qui est de la cr\u00e9ation d\u2019emplois industriel chez nous ?\u2026.  Eh bien c\u2019est ce monsieur Montebourg, ce pompier de l\u2019action sociale, qui vient dire aux travailleurs de Mory Ducros, qu\u2019il faut \u00e0 son sens faire cesser la gr\u00e8ve et les actions d\u00e9fensives pour \u00ab sauver l\u2019entreprise \u00bb. Pas assez d\u2019\u00eatre licenci\u00e9s, menac\u00e9s de ch\u00f4mage, ce monsieur \u00e0 l\u2019outrecuidance en outre de culpabiliser ces pauvres travailleurs. Si \u00ab Mory Ducros \u00bb disparait, ce ne sera pas la faute du syst\u00e8me capitaliste, du patron, de la soif de sur profits des actionnaires, non, ce sera leur faute \u00e0 eux. Ce sera la faute des 3000 licenci\u00e9s si les 2000 perdent aussi leur emploi. Ainsi, ces travailleurs licenci\u00e9s avec une prime ridicule qui s\u2019apparente \u00e0 une aum\u00f4ne, devraient ils se contenter de cela, empocher 7000 euros, mettre leur mouchoir dessus et la fermer ?Ce que ces travailleurs confront\u00e9s \u00e0 l\u2019adversit\u00e9, poss\u00e9daient encore, s\u2019\u00e9tait leur dignit\u00e9. Eux que les dirigeants \u00e9conomiques et politique voulaient scinder en deux camps, les maintenus et les \u00ab jet\u00e9s \u00bb aspiraient \u00e0 pr\u00e9server ce qu\u2019ils avaient de plus cher, leur unit\u00e9 et leur solidarit\u00e9. Hier matin, 4 f\u00e9vrier, on apprenait que finalement le syndicat CFDT de l\u2019entreprise ne signerait pas l\u2019accord. La base ne voulait pas. Pourtant le soir, s\u2019\u00e9tait chose faite. Les repr\u00e9sentants syndicaux CFDT avaient sign\u00e9 tout de m\u00eame. Ils se sont reni\u00e9s, ils ont trahit leur base, ils ont c\u00e9d\u00e9s aux pressions du \u00ab repreneur \u00bb et du gouvernement acoquin\u00e9s comme toujours. Ils ont accept\u00e9 de courber l\u2019\u00e9chine \u00ab oui notre bon maitre \u00bb. Pour avoir v\u00e9cu ce genre de trahisons, nous savons trop les ressentiments qu\u2019elles engendrent. Toutes nos pens\u00e9es \u00e9mues et contrari\u00e9es vont aux travailleurs de Mory Ducros dont nous savons le d\u00e9pit et la col\u00e8re \u00e0 l\u2019heure qu\u2019il est. A quoi a servi \u00ab le Ministre du red\u00e9ploiement industriel \u00bb dans cette affaire ? A t\u2019il sauv\u00e9 2000 emplois, une entreprise ? Non ! Il a pr\u00eat\u00e9 main forte au patronat pour flouer et salir des travailleurs et leurs syndicats. Avoir vol\u00e9 leur dignit\u00e9 aux travailleurs de Mory-Ducros. Telle est la grande victoire dont peut se pr\u00e9valoir l\u2019horrible Monsieur Montebourg ; Mais qu\u2019il-y prenne garde, bien au-del\u00e0 des \u00ab Mory-Ducros \u00bb, ce sont tous les travailleurs, tous les salari\u00e9s de France qui se sentent insult\u00e9s par son action.  Voyage \u00e0 Istanbul  Le 30 janvier 2013, Fran\u00e7ois Hollande se pr\u00e9cipite en Arabie Saoudite. Fallait-il que ce soit press\u00e9. Pour un peu il aurait f\u00eat\u00e9 le nouvel an avec le roi Abdallah. Or, voil\u00e0 qu\u2019en tout d\u00e9but de l\u2019ann\u00e9e suivante, c\u2019est en Turquie qu\u2019il se rend cette fois. Arabie, Turquie, avez-vous vu le point commun ? Deux pays engag\u00e9s dans la guerre contre la Syrie, deux pays qui entendent poursuivre leurs men\u00e9es bellicistes. C\u2019est en courtier de la guerre que Fran\u00e7ois Hollande s\u2019est rendu dans l\u2019un et dans l\u2019autre.Pendant ce temps, sans bruit m\u00e9diatique et sans \u00e9clat la conf\u00e9rence Gen\u00e8ve 2 d\u00e9roulait \u00e0 Montreux son destin de \u00ab non \u00e9v\u00e8nement \u00bb. C\u2019est ce \u00e0 quoi l\u2019action diplomatique de la France \u00e0 r\u00e9ussit \u00e0 la r\u00e9duire, un \u00ab non \u00e9v\u00e8nement \u00bb, une parenth\u00e8se.Ferm\u00e9e la parenth\u00e8se, les hostilit\u00e9s vont reprendre. Et c\u2019est de cette nouvelle \u00e9tape de l\u2019agression occidentale contre la Syrie, que le chef de l\u2019Etat fran\u00e7ais est all\u00e9 discuter avec les alli\u00e9s Moyen-Orientaux de l\u2019Occident.    ABANDON DU PROJET DE LOI SUR LA FAMILLE  Voil\u00e0 que l\u2019on nous fait grand bruit du \u00ab grand prochain d\u00e9bat soci\u00e9tal \u00bb sur la famille. Voil\u00e0 que, fid\u00e8le \u00e0 lui-m\u00eame dans le d\u00e9ni et l\u2019ordure, le ministre de l\u2019int\u00e9rieur, traite avec condescendance et m\u00e9pris, la \u00ab Manif pour tous \u00bb du 2 f\u00e9vrier. Et puis voil\u00e0 que le 4 mai, l\u2019on nous apprend tout \u00e0 coup que le projet de loi ne sera pas m\u00eame pr\u00e9sent\u00e9, que le d\u00e9bat n\u2019aura pas lieu. De quoi laisser perplexe les observateurs de la vie politique. Pourquoi ? Que s\u2019est-il pass\u00e9 ?Les repr\u00e9sentants de \u00ab manif pour tous crient victoire \u00bb. Grand bien leur en fasse. Certes, elle y a une probable petite part. Mais la grande part, l\u2019explication v\u00e9ritable tient \u00e0 deux choses surtout : 1) la proximit\u00e9 des \u00e9lections municipales, 2) la r\u00e9cente visite de Fran\u00e7ois Hollande chez Monsieur le Pape.  Comment ne pas supputer que le Pape a demander instamment au chef de l\u2019Etat Fran\u00e7ais, de faire un geste de bonne volont\u00e9 \u00e0 l\u2019\u00e9gard des catholiques de France, \u00e0 d\u00e9faut de quoi il encouragerait la mobilisation de ceux-ci, dans le temps m\u00eame habituellement d\u00e9volu \u00e0 \u00ab la tr\u00eave \u00e9lectorale \u00bb. La manifestation du 2 f\u00e9vrier n\u2019avait \u00e0 cet \u00e9gard que valeur d\u2019avertissement et de mise en bouche. Or Fran\u00e7ois Hollande qui a d\u00e9j\u00e0 suffisamment de fils \u00e0 retordre avec de nombreux secteurs de l\u2019opinion, n\u2019a pas jug\u00e9 utile, en sus,  de s\u2019ali\u00e9ner tout \u00e0 fait les \u00e9lecteurs catholiques. 5 f\u00e9vrier 2014.<\/p>\n","protected":false},"excerpt":{"rendered":"<p>REVUE DE QUELQUES PETITES INSANIT\u00c9S DE L\u2019ACTUALIT\u00c9 L\u2019actualit\u00e9 se pr\u00e9cipite. Nous ne pouvons pas intervenir sur tous les sujets. Le [&hellip;]<\/p>\n","protected":false},"author":1,"featured_media":0,"comment_status":"open","ping_status":"open","sticky":false,"template":"","format":"standard","meta":{"sfsi_plus_gutenberg_text_before_share":"","sfsi_plus_gutenberg_show_text_before_share":"","sfsi_plus_gutenberg_icon_type":"","sfsi_plus_gutenberg_icon_alignemt":"","sfsi_plus_gutenburg_max_per_row":"","site-sidebar-layout":"default","site-content-layout":"","ast-site-content-layout":"default","site-content-style":"default","site-sidebar-style":"default","ast-global-header-display":"","ast-banner-title-visibility":"","ast-main-header-display":"","ast-hfb-above-header-display":"","ast-hfb-below-header-display":"","ast-hfb-mobile-header-display":"","site-post-title":"","ast-breadcrumbs-content":"","ast-featured-img":"","footer-sml-layout":"","ast-disable-related-posts":"","theme-transparent-header-meta":"","adv-header-id-meta":"","stick-header-meta":"","header-above-stick-meta":"","header-main-stick-meta":"","header-below-stick-meta":"","astra-migrate-meta-layouts":"default","ast-page-background-enabled":"default","ast-page-background-meta":{"desktop":{"background-color":"var(--ast-global-color-4)","background-image":"","background-repeat":"repeat","background-position":"center center","background-size":"auto","background-attachment":"scroll","background-type":"","background-media":"","overlay-type":"","overlay-color":"","overlay-opacity":"","overlay-gradient":""},"tablet":{"background-color":"","background-image":"","background-repeat":"repeat","background-position":"center center","background-size":"auto","background-attachment":"scroll","background-type":"","background-media":"","overlay-type":"","overlay-color":"","overlay-opacity":"","overlay-gradient":""},"mobile":{"background-color":"","background-image":"","background-repeat":"repeat","background-position":"center center","background-size":"auto","background-attachment":"scroll","background-type":"","background-media":"","overlay-type":"","overlay-color":"","overlay-opacity":"","overlay-gradient":""}},"ast-content-background-meta":{"desktop":{"background-color":"var(--ast-global-color-5)","background-image":"","background-repeat":"repeat","background-position":"center center","background-size":"auto","background-attachment":"scroll","background-type":"","background-media":"","overlay-type":"","overlay-color":"","overlay-opacity":"","overlay-gradient":""},"tablet":{"background-color":"var(--ast-global-color-5)","background-image":"","background-repeat":"repeat","background-position":"center center","background-size":"auto","background-attachment":"scroll","background-type":"","background-media":"","overlay-type":"","overlay-color":"","overlay-opacity":"","overlay-gradient":""},"mobile":{"background-color":"var(--ast-global-color-5)","background-image":"","background-repeat":"repeat","background-position":"center center","background-size":"auto","background-attachment":"scroll","background-type":"","background-media":"","overlay-type":"","overlay-color":"","overlay-opacity":"","overlay-gradient":""}},"footnotes":""},"categories":[16],"tags":[],"class_list":["post-1314","post","type-post","status-publish","format-standard","hentry","category-archives-cms"],"_links":{"self":[{"href":"https:\/\/lavoiedessansvoix.fr\/lavoie\/wp-json\/wp\/v2\/posts\/1314","targetHints":{"allow":["GET"]}}],"collection":[{"href":"https:\/\/lavoiedessansvoix.fr\/lavoie\/wp-json\/wp\/v2\/posts"}],"about":[{"href":"https:\/\/lavoiedessansvoix.fr\/lavoie\/wp-json\/wp\/v2\/types\/post"}],"author":[{"embeddable":true,"href":"https:\/\/lavoiedessansvoix.fr\/lavoie\/wp-json\/wp\/v2\/users\/1"}],"replies":[{"embeddable":true,"href":"https:\/\/lavoiedessansvoix.fr\/lavoie\/wp-json\/wp\/v2\/comments?post=1314"}],"version-history":[{"count":0,"href":"https:\/\/lavoiedessansvoix.fr\/lavoie\/wp-json\/wp\/v2\/posts\/1314\/revisions"}],"wp:attachment":[{"href":"https:\/\/lavoiedessansvoix.fr\/lavoie\/wp-json\/wp\/v2\/media?parent=1314"}],"wp:term":[{"taxonomy":"category","embeddable":true,"href":"https:\/\/lavoiedessansvoix.fr\/lavoie\/wp-json\/wp\/v2\/categories?post=1314"},{"taxonomy":"post_tag","embeddable":true,"href":"https:\/\/lavoiedessansvoix.fr\/lavoie\/wp-json\/wp\/v2\/tags?post=1314"}],"curies":[{"name":"wp","href":"https:\/\/api.w.org\/{rel}","templated":true}]}}