{"id":1313,"date":"2014-02-12T09:26:00","date_gmt":"2014-02-12T08:26:00","guid":{"rendered":"https:\/\/lavoiedessansvoix.fr\/lavoie\/2014\/02\/12\/archive-l-ideal-d-europe-des-brigands\/"},"modified":"2014-02-12T09:26:00","modified_gmt":"2014-02-12T08:26:00","slug":"archive-l-ideal-d-europe-des-brigands","status":"publish","type":"post","link":"https:\/\/lavoiedessansvoix.fr\/lavoie\/2014\/02\/12\/archive-l-ideal-d-europe-des-brigands\/","title":{"rendered":"L\u2019ID\u00c9AL D\u2019EUROPE DES BRIGANDS"},"content":{"rendered":"<p>L\u2019ID\u00c9AL D\u2019EUROPE DES BRIGANDS   L\u2019Europe, nous avons pos\u00e9e la question r\u00e9cemment (voir notre article \u00ab la bande \u00e0 Bandera \u00bb), promesse de f\u00e9licit\u00e9 et de paix, d\u00e9raperait-elle ?  Il y a eu la crise financi\u00e8re de 2008, baptis\u00e9e, un peu vite, \u00ab crise des \u00ab subprimes \u00bb. On \u00e9voquait alors le spectre de 1926. C\u2019\u00e9tait m\u00eame pire disaient certains. \u00ab Que peut-on aux calamit\u00e9s naturelles ? \u00bb La crise \u00e9tait mondiale, qu\u2019y pouvait-on ? Elle \u00e9tait partie d\u2019ailleurs. Des Etats-Unis en l\u2019occurrence, auxquels \u00e9choit le r\u00f4le de \u00ab moteur \u00bb de l\u2019\u00e9conomie mondiale. Nous Fran\u00e7ais, encore une fois nous \u00e9tions les meilleurs, nous avions mieux r\u00e9sist\u00e9 que d\u2019autres. En 2010 d\u00e9j\u00e0 Sarkozy voyait le bout du tunnel et \u00ab g\u00e9rait \u00bb, de main de maitre, la \u00ab sortie de crise \u00bb. C\u2019\u00e9tait juste avant la crise bancaire \u00e0 laquelle succ\u00e9da la crise de l\u2019euro, \u00e0 laquelle succ\u00e9da la crise de la dette publique, etc. Des \u00ab crises \u00bb \u00e0 r\u00e9p\u00e9tition, qui se succ\u00e8dent les unes aux autres, comme les anneaux d\u2019un gigantesque ricochet. Des tsunamis \u00e9conomiques successifs impr\u00e9visibles ( ?), peut \u00eatre provoqu\u00e9s,  par le jet d\u2019une montagne dans l\u2019oc\u00e9an prosp\u00e8re des affaires humaines, par Polyph\u00e8me ou l\u2019un de ses fr\u00e8res devenu fou.  Cataclysmes divins auxquels les fr\u00eales humains ne sauraient \u00e9chapper. Mal venu d\u2019ailleurs. Voil\u00e0 les artifices \u00e9cul\u00e9s de la propagande officielle, pour faire avaler des couleuvres par les peuples. Tout leur est bon \u00e0 prendre, toute explication m\u00eame merveilleuse, pourvu que nul ne pose les questions v\u00e9ritables, et pourtant simples et si \u00e9videntes  qui viendraient contester les th\u00e8ses de \u00ab la pens\u00e9e unique \u00bb, \u00e9branler \u00ab la foi du charbonnier \u00bb dans le \u00ab mod\u00e8le \u00e9conomique du capitalisme lib\u00e9ral mondialis\u00e9 \u00bb.  Mais l\u2019\u00e9conomie, car il s\u2019agit bien l\u00e0, n\u2019est-ce pas, de l\u2019activit\u00e9 \u00e9conomique, n\u2019est-elle pas par excellence le domaine r\u00e9serv\u00e9 des comp\u00e9tences humaines ? D\u00e8s-lors ne convient-il pas de chercher dans ce cercle, les explications des probl\u00e8mes et dysfonctionnements, sans botter en touche, vers d\u2019autres responsabilit\u00e9s suppos\u00e9es qui n\u2019ont pour fonction que d\u2019exon\u00e9rer le syst\u00e8me et ces d\u00e9cideurs, des mis\u00e8res qui s\u2019abattent sur les peuples ?  Or, depuis ce temps, de crise en crise et de plan de sauvetage en plan d\u2019aust\u00e9rit\u00e9, l\u2019Europe ne cesse de s\u2019enfoncer dans le marasme social.   Il y eut la crise grecque. Elle serait derri\u00e8re nous. La Gr\u00e8ce aurait retrouv\u00e9 sa solvabilit\u00e9 et son \u00e9conomie pourrait red\u00e9marrer. Mais le peuple grec, lui, a t\u2019il retrouv\u00e9 le bien et les acquis que l\u2019Etat de la finance lui a d\u00e9rob\u00e9 au passage ? L\u2019\u00e9conomie grecque sort du trou ? C\u2019est simplement dire que la banque, les secteurs en pointe de l\u2019\u00e9conomie capitaliste grecque se sont refait une sant\u00e9 en acculant le peuple \u00e0 la mis\u00e8re, en lui imposant en deux ans, un recul social de 50 ans.  L\u2019Allemagne, qui en impose \u00e0 toute l\u2019Europe, championne des crit\u00e8res \u00e9conomiques contraignants de Maastricht et du trait\u00e9 de Lisbonne, le mod\u00e8le Allemand, l\u2019exemple \u00e0 suivre, mais c\u2019est quoi au juste ? L\u2019on se souvient des ann\u00e9es 70\/80, quand les travailleurs frontaliers fran\u00e7ais r\u00eavaient de travailler en Allemagne o\u00f9 les salaires \u00e9taient un tiers plus \u00e9lev\u00e9s qu\u2019en France, o\u00f9 l\u2019on appliquait la semaine de 35 heures dans l\u2019industrie automobile. Les salaires moyens Fran\u00e7ais, quoique qu\u2019ils en disent, ont fondus depuis, et pourtant bien les salaires des ouvriers et petits salari\u00e9s Allemands sont maintenant nettement en dessous. O\u00f9 est pass\u00e9 \u00ab cet Eldorado Allemand \u00bb ? L\u2019Eldorado allemand, s\u2019\u00e9tait au temps de l\u2019Allemagne divis\u00e9e, quand il fallait d\u00e9montrer la sup\u00e9riorit\u00e9 du capitalisme de l\u2019Ouest sur le collectivisme de l\u2019Est. A quoi a servi la r\u00e9unification ? A pr\u00e9sent que le \u00ab collectivisme \u00bb \u00e9tait vaincu, sinon \u00e0 tirer toute la classe laborieuse allemande vers le bas ?  Belle r\u00e9ussite en effet pour les riches, pour les industriels, pour les investisseurs, pour les banques, pour la haute finance internationale ? Nous ne le nions pas. Pour les classes laborieuses pour les travailleurs et les salari\u00e9s, \u00ab le mod\u00e8le Allemand \u00bb est une calamit\u00e9  Au motif de \u00ab la crise de la dette publique \u00bb, la Gr\u00e8ce et L\u2019Italie sont pass\u00e9es \u00e0 la moulinette d\u2019une cure d\u2019aust\u00e9rit\u00e9 drastique. Coupes sombres dans les budgets sociaux, recul de l\u2019\u00e2ge de la retraite, ponctions douloureuses sur les salaires et les pensions. L\u2019Irlande, L\u2019Espagne, le Portugal et la France de m\u00eame, \u00e0 cette diff\u00e9rence pr\u00e8s que dans ces pays, les gouvernements n\u2019ont pas attendus, pour d\u00e9clencher l\u2019offensive antisociale, d\u2019\u00eatre accul\u00e9s \u00e0 la menace d\u2019insolvabilit\u00e9.   Partout en Europe le ch\u00f4mage cro\u00eet. Il a all\u00e8grement pass\u00e9 la barre des 10 % en France, celle des 12 % en Italie 15 % au Portugal, il plafonne \u00e0 plus de 25 % en Espagne et 27 % en Gr\u00e8ce. Quand il baisse l\u00e9g\u00e8rement, de quelques dixi\u00e8mes de point, en Irlande, en Allemagne ou au Royaume-Uni, ou de mani\u00e8re plus sensible en Tch\u00e9quie en Hongrie ou en Slovaquie,  c\u2019est en v\u00e9rit\u00e9 par le truchement du travail pr\u00e9caire et des petits boulots qui explosent, ou par l\u2019effet de l\u2019\u00e9migration des travailleurs \u00e0 bas prix qui vont inonder le march\u00e9 du travail de l\u2019Union europ\u00e9enne. Si la courbe du ch\u00f4mage venait \u00e0 s\u2019inverser en France, ne serait-ce que d\u2019un petit dixi\u00e8me de point, juste expr\u00e8s pour donner raison \u00e0 Hollande et Ayrault qui l\u2019annoncent depuis plusieurs mois, ce ne serait en v\u00e9rit\u00e9 que par l\u2019effet de la tricherie des dits \u00ab emplois d\u2019avenir \u00bb  La brutalit\u00e9 des gouvernements n\u2019a d\u2019\u00e9gale que leur cynisme. Voil\u00e0, qu\u2019en France, apr\u00e8s un accroissement sans pr\u00e9c\u00e9dent de la pression fiscale et des coupes sombres et restrictions d\u00e9j\u00e0 tr\u00e8s sensibles, sur le budget des familles, la couverture sociale, les retraites, l\u2019\u00e9ducation, les budgets sociaux, les services publics, le gouvernement (de gauche), nous annonce le second \u00e9tage de la fus\u00e9e de l\u2019aust\u00e9rit\u00e9. Une \u00e9conomie budg\u00e9taire de 50 milliards sur les deux ans \u00e0 venir. Une offensive antisociale qui n\u2019a pas de pr\u00e9c\u00e9dent dans l\u2019Histoire. 50 milliards ! C\u2019est la Gr\u00e8ce, c\u2019est l\u2019Espagne !   Bien que ne comptant pas au nombre des Etats qui composent l\u2019Union europ\u00e9enne, la Bosnie appartient par sa situation g\u00e9ographique \u00e0 l\u2019Europe continentale. Apr\u00e8s l\u2019effondrement de l\u2019Union Sovi\u00e9tique, aiguillonn\u00e9s en cela par l\u2019Union europ\u00e9enne, certains,  au nom d\u2019un nationalisme r\u00e9trograde, se sont empress\u00e9s de d\u00e9tricoter l\u2019Union Yougoslave cet ancien Etat f\u00e9d\u00e9ral d\u2019Europe centrale dont la Bosnie \u00e9tait une composante. Avec en ligne de mire l\u2019int\u00e9gration \u00e0 l\u2019Union europ\u00e9enne. Diviser pour r\u00e9gner, la recette est aussi vieille qu\u2019\u00e9cul\u00e9e. Sous la main des grandes nations Europ\u00e9ennes (France Allemagne) n\u2019avoir qu\u2019une myriade d\u2019Etats confettis. Balkaniser l\u2019Europe centrale, renvoyer l\u2019Espagne \u00e0 ses vieux fantasmes r\u00e9gionalistes\u2026 Pour quels r\u00e9sultats ? Un taux de ch\u00f4mage \u00e0 40 % en Bosnie, la mis\u00e8re end\u00e9mique, des \u00e9meutes contre la pauvret\u00e9. Fallait-il d\u00e9faire l\u2019Union Yougoslave ? La Yougoslavie du trait\u00e9 de Saint-Germain fut d\u00e9faite par Hitler. La Yougoslavie de Yalta fut d\u00e9faite par l\u2019OTAN. Ne convient-il pas que tel le ph\u00e9nix elle renaisse de ses cendres. Une troisi\u00e8me Yougoslavie, une entit\u00e9 nationale s\u00e9rieuse f\u00e9d\u00e9rant les nations confettis d\u2019\u00e0 pr\u00e9sent, et qui pourrait, pourquoi pas, prendre toute sa place dans une Europe respectueuse des peuples.  Sous la chlague des brigands qui la gouverne, l\u2019Europe s\u2019enfonce chaque jour d\u2019avantage dans la gabegie et le marasme des peuples et renoue avec ses traditions expansionnistes et agressives.  Que propose-t-il les brigands ? La fuite en avant, vers l\u2019Est. L\u2019Europe fantasm\u00e9e du G\u00e9n\u00e9ral De Gaulle, de l\u2019Atlantique \u00e0 l\u2019Oural. Boulotter l\u2019Ukraine. Faire un vaste espace de libre concurrence de la mis\u00e8re o\u00f9 le gigantesque r\u00e9servoir des travailleurs \u00e0 bas salaires de l\u2019Est europ\u00e9en viendra en renfort des brutales politiques d\u2019aust\u00e9rit\u00e9s pour tirer plus bas et plus vite le niveau g\u00e9n\u00e9ral des salaires, gagner la \u00ab bataille de la comp\u00e9titivit\u00e9 des entreprises. Acc\u00e9der \u00e0 l\u2019\u00e8re nouvelle, le temps b\u00e9nits des \u00ab relocalisations \u00bb quand les travailleurs d\u2019Europe se loueront pour des salaires et dans des conditions semblables \u00e0 ceux et celles qui sont impos\u00e9es aux travailleurs Pakistanais.   La prosp\u00e9rit\u00e9 des riches b\u00e2tie sur un monceau gigantesque de classes populaires exsangues. Le voil\u00e0 tel est le \u00ab bel \u00bb id\u00e9al europ\u00e9en des Brigands.12 f\u00e9vrier 2013<\/p>\n","protected":false},"excerpt":{"rendered":"<p>L\u2019ID\u00c9AL D\u2019EUROPE DES BRIGANDS L\u2019Europe, nous avons pos\u00e9e la question r\u00e9cemment (voir notre article \u00ab la bande \u00e0 Bandera \u00bb), [&hellip;]<\/p>\n","protected":false},"author":1,"featured_media":0,"comment_status":"open","ping_status":"open","sticky":false,"template":"","format":"standard","meta":{"sfsi_plus_gutenberg_text_before_share":"","sfsi_plus_gutenberg_show_text_before_share":"","sfsi_plus_gutenberg_icon_type":"","sfsi_plus_gutenberg_icon_alignemt":"","sfsi_plus_gutenburg_max_per_row":"","site-sidebar-layout":"default","site-content-layout":"","ast-site-content-layout":"default","site-content-style":"default","site-sidebar-style":"default","ast-global-header-display":"","ast-banner-title-visibility":"","ast-main-header-display":"","ast-hfb-above-header-display":"","ast-hfb-below-header-display":"","ast-hfb-mobile-header-display":"","site-post-title":"","ast-breadcrumbs-content":"","ast-featured-img":"","footer-sml-layout":"","ast-disable-related-posts":"","theme-transparent-header-meta":"","adv-header-id-meta":"","stick-header-meta":"","header-above-stick-meta":"","header-main-stick-meta":"","header-below-stick-meta":"","astra-migrate-meta-layouts":"default","ast-page-background-enabled":"default","ast-page-background-meta":{"desktop":{"background-color":"var(--ast-global-color-4)","background-image":"","background-repeat":"repeat","background-position":"center center","background-size":"auto","background-attachment":"scroll","background-type":"","background-media":"","overlay-type":"","overlay-color":"","overlay-opacity":"","overlay-gradient":""},"tablet":{"background-color":"","background-image":"","background-repeat":"repeat","background-position":"center center","background-size":"auto","background-attachment":"scroll","background-type":"","background-media":"","overlay-type":"","overlay-color":"","overlay-opacity":"","overlay-gradient":""},"mobile":{"background-color":"","background-image":"","background-repeat":"repeat","background-position":"center center","background-size":"auto","background-attachment":"scroll","background-type":"","background-media":"","overlay-type":"","overlay-color":"","overlay-opacity":"","overlay-gradient":""}},"ast-content-background-meta":{"desktop":{"background-color":"var(--ast-global-color-5)","background-image":"","background-repeat":"repeat","background-position":"center center","background-size":"auto","background-attachment":"scroll","background-type":"","background-media":"","overlay-type":"","overlay-color":"","overlay-opacity":"","overlay-gradient":""},"tablet":{"background-color":"var(--ast-global-color-5)","background-image":"","background-repeat":"repeat","background-position":"center center","background-size":"auto","background-attachment":"scroll","background-type":"","background-media":"","overlay-type":"","overlay-color":"","overlay-opacity":"","overlay-gradient":""},"mobile":{"background-color":"var(--ast-global-color-5)","background-image":"","background-repeat":"repeat","background-position":"center center","background-size":"auto","background-attachment":"scroll","background-type":"","background-media":"","overlay-type":"","overlay-color":"","overlay-opacity":"","overlay-gradient":""}},"footnotes":""},"categories":[16],"tags":[],"class_list":["post-1313","post","type-post","status-publish","format-standard","hentry","category-archives-cms"],"_links":{"self":[{"href":"https:\/\/lavoiedessansvoix.fr\/lavoie\/wp-json\/wp\/v2\/posts\/1313","targetHints":{"allow":["GET"]}}],"collection":[{"href":"https:\/\/lavoiedessansvoix.fr\/lavoie\/wp-json\/wp\/v2\/posts"}],"about":[{"href":"https:\/\/lavoiedessansvoix.fr\/lavoie\/wp-json\/wp\/v2\/types\/post"}],"author":[{"embeddable":true,"href":"https:\/\/lavoiedessansvoix.fr\/lavoie\/wp-json\/wp\/v2\/users\/1"}],"replies":[{"embeddable":true,"href":"https:\/\/lavoiedessansvoix.fr\/lavoie\/wp-json\/wp\/v2\/comments?post=1313"}],"version-history":[{"count":0,"href":"https:\/\/lavoiedessansvoix.fr\/lavoie\/wp-json\/wp\/v2\/posts\/1313\/revisions"}],"wp:attachment":[{"href":"https:\/\/lavoiedessansvoix.fr\/lavoie\/wp-json\/wp\/v2\/media?parent=1313"}],"wp:term":[{"taxonomy":"category","embeddable":true,"href":"https:\/\/lavoiedessansvoix.fr\/lavoie\/wp-json\/wp\/v2\/categories?post=1313"},{"taxonomy":"post_tag","embeddable":true,"href":"https:\/\/lavoiedessansvoix.fr\/lavoie\/wp-json\/wp\/v2\/tags?post=1313"}],"curies":[{"name":"wp","href":"https:\/\/api.w.org\/{rel}","templated":true}]}}