{"id":1311,"date":"2014-02-18T08:01:00","date_gmt":"2014-02-18T07:01:00","guid":{"rendered":"https:\/\/lavoiedessansvoix.fr\/lavoie\/2014\/02\/18\/archive-le-charlatan-a-propos-de-l-appel-de-francois-hollande-aux-capitaux-etrangers\/"},"modified":"2014-02-18T08:01:00","modified_gmt":"2014-02-18T07:01:00","slug":"archive-le-charlatan-a-propos-de-l-appel-de-francois-hollande-aux-capitaux-etrangers","status":"publish","type":"post","link":"https:\/\/lavoiedessansvoix.fr\/lavoie\/2014\/02\/18\/archive-le-charlatan-a-propos-de-l-appel-de-francois-hollande-aux-capitaux-etrangers\/","title":{"rendered":"LE CHARLATAN   A propos de l\u2019appel de Fran\u00e7ois Hollande aux \u00abcapitaux \u00e9trangers\u00bb"},"content":{"rendered":"<p>LE CHARLATAN   A propos de l\u2019appel de Fran\u00e7ois Hollande aux \u00abcapitaux \u00e9trangers\u00bb   S\u2019\u00e9tait il y a de longues ann\u00e9es, au temps o\u00f9 Jacques Martin officiait encore \u00e0 la t\u00e9l\u00e9vision, je ne sais plus gu\u00e8re dans laquelle de ses \u00e9missions, \u00ab le petit rapporteur \u00bb ou \u00ab par le petit bout de la lorgnette \u00bb, lui et ses acolytes firent, plusieurs semaines durant, des gorges chaudes de l\u2019Histoire d\u2019un parking pour automobile, plusieurs millions d\u2019investissements, mais qui n\u2019avait pas \u00e9t\u00e9 pourvu de rampe d\u2019acc\u00e8s. L\u2019absurde fait rire en g\u00e9n\u00e9ral. Mais il donne \u00e0 pleurer aussi. Il n\u2019y avait pas d\u2019agence pour l\u2019emploi (le bureau de ch\u00f4mage, vous savez) \u00e0 Clichy-sous-Bois. Eh bien, \u00e7a y est, il y en a une. Et le commentateur pas tr\u00e8s fut\u00e9 de France 2 nous explique que cela va faciliter l\u2019acc\u00e8s \u00e0 l\u2019emploi des \u00ab demandeurs \u00bb de cette ville de banlieue, o\u00f9 le taux de ch\u00f4mage est l\u2019un des plus \u00e9lev\u00e9 \u00bb de France. Acc\u00e8s \u00e0 l\u2019emploi oui, mais auquel ? Des clichois lambda l\u2019ont remarqu\u00e9 : \u00ab on aurait pr\u00e9f\u00e9r\u00e9 des cr\u00e9ations d\u2019emplois \u00bb, ont-ils geint. \u00ab C\u2019est un mal Fran\u00e7ais, ils ne sont jamais contents \u00bb diront les \u00e9narques qui gouvernent. Preuve que les abrutis ne sont pas ceux qu\u2019ils croient. Eh oui l\u2019acc\u00e8s, mais \u00e0 quels emplois ? La cr\u00e9ation d\u2019une ANPE c\u2019est comme un ascenseur \u00e9difi\u00e9 en rase campagne. Malheur \u00e0 ceux qui voudraient en sortir, aux \u00e9tages desservis il n\u2019y a pas de paliers.  Fran\u00e7ois Hollande, d\u00e9cidemment, restera dans les m\u00e9moires comme le prince de l\u2019illusion absurde. Vous voyez le genre, ces clowns qui pr\u00e9tendent se mesurer \u00e0 David Copperfield et finissent par apparaitre comme des \u00ab charlots \u00bb. Non pas bien s\u00fbr Charlie Chaplin l\u2019artiste magique, mais son personnage grotesque. Des \u00ab charlots \u00bb que dis-je, des charlatans. Leurs ficelles en effet sont si grosses qu\u2019on les voit \u00e0 l\u2019autre bout de la salle. Tenez, par exemple, l\u2019inversion de la courbe du ch\u00f4mage, sans cr\u00e9er un seul emploi, pire, en continuant \u00e0 les d\u00e9truire par milliers. L\u2019illusionniste peut cela en effet, avec sa grosse ficelle bien grasse, de faux emplois subventionn\u00e9s, baptis\u00e9s pour l\u2019usage \u00ab emplois d\u2019\u00e0 venir \u00bb.    Et voil\u00e0-t\u2019y pas qu\u2019il nous monte \u00e0 pr\u00e9sent une grande op\u00e9ration s\u00e9duction en direction des chefs d\u2019entreprises \u00e9trang\u00e8res. Cet homme qui n\u2019est pas fichu de garder en France les entreprises et les emplois fran\u00e7ais, veut y accueillir les entreprises am\u00e9ricaines allemandes ou d\u2019ailleurs. De prime abord, cela pourrait n\u2019\u00eatre que grotesque.   Mais il a un \u00ab truc \u00bb, et comme faisait G\u00e9rard Majax, il le d\u00e9voile : \u00ab l\u2019attractivit\u00e9 \u00bb que \u00e7a s\u2019appelle. Surtout travailleurs, salari\u00e9s, syndicalistes, mes fr\u00e8res, mes camarades, surtout n\u2019applaudissez pas. A y regarder de plus pr\u00e8s, cela en effet cache autre chose. Apr\u00e8s le couplet lancinant de \u00ab la comp\u00e9titivit\u00e9 \u00bb, voici donc venu celui de \u00ab l\u2019attractivit\u00e9 \u00bb. Les deux se font \u00e9chos. Ce sont deux couplets de la m\u00eame chanson Pour \u00eatre \u00ab attractifs \u00bb il faut des salaires des charges et une fiscalit\u00e9 r\u00e9duite, exactement comme \u00ab pour \u00eatre \u00ab comp\u00e9titifs \u00bb. Pour \u00eatre attractifs et comp\u00e9titifs \u00e0 la fois les travailleurs de ce pays doivent accepter de travailler pour des salaires r\u00e9duits, une couverture sociale d\u00e9t\u00e9rior\u00e9e, des retraites fam\u00e9liques. Ils doivent accepter d\u2019\u00eatre \u00ab flexibles \u00bb (de l\u2019\u00e9chine), c\u2019est-\u00e0-dire taillables et corv\u00e9ables \u00e0 merci. L\u2019attractivit\u00e9 ? Ce n\u2019est rien moins que le deuxi\u00e8me volet d\u2019une offensive anti ouvri\u00e8re brutale et sans pr\u00e9c\u00e9dent.  Surtout, je le r\u00e9p\u00e8te, travailleurs, salari\u00e9s, syndicalistes, mes fr\u00e8res, mes camarades, surtout n\u2019applaudissez pas. Vous pourriez \u00eatre abus\u00e9s par l\u2019intention, L\u2019illusion en la circonstance n\u2019est pas o\u00f9 l\u2019on croit.  Nos entreprises s\u2019en vont, il va chercher les leurs. C\u2019est l\u00e0 pr\u00e9cis\u00e9ment que r\u00e9side le pi\u00e8ge, la grosse et grasse ficelle. Supposez que cela marche, fusse de mani\u00e8re tout \u00e0 fait symbolique, 10 000 emplois cr\u00e9es pour 400 000 perdus par les d\u00e9localisations, que diront-ils alors ? Que les emplois cr\u00e9es par des entreprises \u00e9trang\u00e8res en France sont l\u2019aspect positif de \u00ab la mondialisation \u00bb, que l\u2019on est bien content de les prendre, qu\u2019on ne peut pas vouloir les aspects constructifs d\u2019une politique sans en accepter aussi les aspects n\u00e9gatifs, etc.  En fait, l\u2019op\u00e9ration s\u00e9duction de Fran\u00e7ois Hollande en direction des chefs d\u2019entreprises \u00e9trang\u00e8res, est une simple op\u00e9ration de \u00ab Com \u00bb. Non ! Pas tant en direction de ceux \u00e0 qui elle affirme s\u2019adresser, qu\u2019\u00e0 des fins int\u00e9rieures. Il s\u2019agit de d\u00e9cr\u00e9dibiliser, voire de faire taire, ceux qui protestent contre la d\u00e9sindustrialisation de notre pays et l\u2019h\u00e9morragie des emplois (d\u00e9localis\u00e9s), en tentant de pi\u00e9ger leurs critiques dans des contradictions inextricables.  Mardi 18 f\u00e9vrier 2014.<\/p>\n","protected":false},"excerpt":{"rendered":"<p>LE CHARLATAN A propos de l\u2019appel de Fran\u00e7ois Hollande aux \u00abcapitaux \u00e9trangers\u00bb S\u2019\u00e9tait il y a de longues ann\u00e9es, au [&hellip;]<\/p>\n","protected":false},"author":1,"featured_media":0,"comment_status":"open","ping_status":"open","sticky":false,"template":"","format":"standard","meta":{"sfsi_plus_gutenberg_text_before_share":"","sfsi_plus_gutenberg_show_text_before_share":"","sfsi_plus_gutenberg_icon_type":"","sfsi_plus_gutenberg_icon_alignemt":"","sfsi_plus_gutenburg_max_per_row":"","site-sidebar-layout":"default","site-content-layout":"","ast-site-content-layout":"default","site-content-style":"default","site-sidebar-style":"default","ast-global-header-display":"","ast-banner-title-visibility":"","ast-main-header-display":"","ast-hfb-above-header-display":"","ast-hfb-below-header-display":"","ast-hfb-mobile-header-display":"","site-post-title":"","ast-breadcrumbs-content":"","ast-featured-img":"","footer-sml-layout":"","ast-disable-related-posts":"","theme-transparent-header-meta":"","adv-header-id-meta":"","stick-header-meta":"","header-above-stick-meta":"","header-main-stick-meta":"","header-below-stick-meta":"","astra-migrate-meta-layouts":"default","ast-page-background-enabled":"default","ast-page-background-meta":{"desktop":{"background-color":"var(--ast-global-color-4)","background-image":"","background-repeat":"repeat","background-position":"center center","background-size":"auto","background-attachment":"scroll","background-type":"","background-media":"","overlay-type":"","overlay-color":"","overlay-opacity":"","overlay-gradient":""},"tablet":{"background-color":"","background-image":"","background-repeat":"repeat","background-position":"center center","background-size":"auto","background-attachment":"scroll","background-type":"","background-media":"","overlay-type":"","overlay-color":"","overlay-opacity":"","overlay-gradient":""},"mobile":{"background-color":"","background-image":"","background-repeat":"repeat","background-position":"center center","background-size":"auto","background-attachment":"scroll","background-type":"","background-media":"","overlay-type":"","overlay-color":"","overlay-opacity":"","overlay-gradient":""}},"ast-content-background-meta":{"desktop":{"background-color":"var(--ast-global-color-5)","background-image":"","background-repeat":"repeat","background-position":"center center","background-size":"auto","background-attachment":"scroll","background-type":"","background-media":"","overlay-type":"","overlay-color":"","overlay-opacity":"","overlay-gradient":""},"tablet":{"background-color":"var(--ast-global-color-5)","background-image":"","background-repeat":"repeat","background-position":"center center","background-size":"auto","background-attachment":"scroll","background-type":"","background-media":"","overlay-type":"","overlay-color":"","overlay-opacity":"","overlay-gradient":""},"mobile":{"background-color":"var(--ast-global-color-5)","background-image":"","background-repeat":"repeat","background-position":"center center","background-size":"auto","background-attachment":"scroll","background-type":"","background-media":"","overlay-type":"","overlay-color":"","overlay-opacity":"","overlay-gradient":""}},"footnotes":""},"categories":[16],"tags":[],"class_list":["post-1311","post","type-post","status-publish","format-standard","hentry","category-archives-cms"],"_links":{"self":[{"href":"https:\/\/lavoiedessansvoix.fr\/lavoie\/wp-json\/wp\/v2\/posts\/1311","targetHints":{"allow":["GET"]}}],"collection":[{"href":"https:\/\/lavoiedessansvoix.fr\/lavoie\/wp-json\/wp\/v2\/posts"}],"about":[{"href":"https:\/\/lavoiedessansvoix.fr\/lavoie\/wp-json\/wp\/v2\/types\/post"}],"author":[{"embeddable":true,"href":"https:\/\/lavoiedessansvoix.fr\/lavoie\/wp-json\/wp\/v2\/users\/1"}],"replies":[{"embeddable":true,"href":"https:\/\/lavoiedessansvoix.fr\/lavoie\/wp-json\/wp\/v2\/comments?post=1311"}],"version-history":[{"count":0,"href":"https:\/\/lavoiedessansvoix.fr\/lavoie\/wp-json\/wp\/v2\/posts\/1311\/revisions"}],"wp:attachment":[{"href":"https:\/\/lavoiedessansvoix.fr\/lavoie\/wp-json\/wp\/v2\/media?parent=1311"}],"wp:term":[{"taxonomy":"category","embeddable":true,"href":"https:\/\/lavoiedessansvoix.fr\/lavoie\/wp-json\/wp\/v2\/categories?post=1311"},{"taxonomy":"post_tag","embeddable":true,"href":"https:\/\/lavoiedessansvoix.fr\/lavoie\/wp-json\/wp\/v2\/tags?post=1311"}],"curies":[{"name":"wp","href":"https:\/\/api.w.org\/{rel}","templated":true}]}}