{"id":1309,"date":"2014-02-20T11:52:00","date_gmt":"2014-02-20T10:52:00","guid":{"rendered":"https:\/\/lavoiedessansvoix.fr\/lavoie\/2014\/02\/20\/archive-une-provocation-du-crif\/"},"modified":"2014-02-20T11:52:00","modified_gmt":"2014-02-20T10:52:00","slug":"archive-une-provocation-du-crif","status":"publish","type":"post","link":"https:\/\/lavoiedessansvoix.fr\/lavoie\/2014\/02\/20\/archive-une-provocation-du-crif\/","title":{"rendered":"UNE PROVOCATION DU CRIF ?"},"content":{"rendered":"<p>UNE PROVOCATION DU CRIF ?   Dieudonn\u00e9 doit se produire en spectacle le samedi 22 f\u00e9vrier au \u00ab Z\u00e9nith \u00bb de Toulouse.  Des \u00ab Croix gamm\u00e9es, sigles de l&rsquo;OAS et de l&rsquo;ex- groupuscule d&rsquo;extr\u00eame-droite Occident ont \u00e9t\u00e9 bomb\u00e9s au cin\u00e9ma Utopia, \u00e0 la fac de droit et sur les murs de la maison de la la\u00efcit\u00e9 et des diversit\u00e9s. \u00bb Bien entendu, on l\u2019a sonn\u00e9, Manuel Valls s\u2019alarme, il \u00ab a d\u00e9nonc\u00e9 des actes \u00abl\u00e2ches et insoutenables, qui ne peuvent que nous r\u00e9vulser et qui salissent la ville de Toulouse\u00bb.  Gilles-R Souill\u00e9 \u00e9crit dans \u00ab la d\u00e9p\u00eache du midi \u00bb : Le collectif Arc-En-Ciel \u00ab ne s\u2019y est pas tromp\u00e9, \u00bb, qui \u00ab pointe \u00able climat de haine et de violence lib\u00e9r\u00e9 par les anti-mariages gay et entretenu dans les conf\u00e9rences du groupe Civitas ou les d\u00e9fil\u00e9s du Printemps Fran\u00e7ais, de la Manif Pour Tous et autre Jour de Col\u00e8re \u00bb. Cette association  \u00ab appelle d\u2019ores et d\u00e9j\u00e0 \u00e0 un rassemblement samedi prochain \u00e0 14 h 30 devant l\u2019Espace des diversit\u00e9s et de la la\u00efcit\u00e9, rue d\u2019Aubuisson. Quelques heures avant que Dieudonn\u00e9 investisse la sc\u00e8ne du Z\u00e9nith o\u00f9 sont attendus pr\u00e8s de 5 000 spectateurs. \u00bb  Mais aussi des \u00abcontradicteurs\u00bb, nous informe le signataire de l\u2019article. Car bien s\u00fbr, mais ne l\u2019aurait-on pas devin\u00e9, le CRIF veut enfourcher la monture qui semble avoir \u00e9t\u00e9 appr\u00eat\u00e9e tout expr\u00e8s pour lui. \u00ab Le conseil des institutions juives de France (Crif), qui veut proc\u00e9der \u00e0 une distribution de tracts. Ce qui va faire beaucoup de monde dans les rues. Et quelques raisons de craindre pour l\u2019ordre public. \u00bb  La voil\u00e0 la provocation ! Cr\u00e9er expr\u00e8s les conditions de \u00ab risque pour l\u2019ordre public \u00bb afin de servir au maire, sur un plateau, le pr\u00e9texte utile \u00e0 interdire le spectacle, selon l\u2019esprit de l\u2019arr\u00eat inique du Conseil d\u2019Etat. Et, s\u2019il s\u2019av\u00e9rait que celui-ci ne s\u2019ex\u00e9cute pas, chercher alors l\u2019incident afin d\u2019alimenter un deuxi\u00e8me \u00e9tage de la campagne anti Dieudonn\u00e9 devant aboutir \u00e0 son interdiction totale.  Gilles-R Souill\u00e9 parait s\u2019interroger, dans \u00ab la d\u00e9p\u00eache du midi \u00bb sur ces \u00ab Tags de la honte \u00ab.. antis\u00e9mites et homophobes qui ont \u00e9t\u00e9 trac\u00e9s, ce week-end, en plusieurs lieux symboliques de Toulouse. \u00bb  Mais en v\u00e9rit\u00e9 il ne s\u2019interroge nullement. Il a une opinion, toute faite : \u00ab Les extr\u00e9mistes de droite ont-ils l\u2019intention de jeter de l\u2019huile sur le feu et de raviver les tensions \u00e0 quelques jours du spectacle de Dieudonn\u00e9, programm\u00e9 samedi prochain au Z\u00e9nith de Toulouse ? Difficile, en tout cas, de voir une simple co\u00efncidence temporelle dans la vague \u00bb.  Les extr\u00e9mistes de droites ?  Mais que diantre viendraient-ils faire dans cette gal\u00e8re ?  Pourquoi diable voulez-vous que des extr\u00e9mistes de droite veuillent faire monter la tension \u00e0 proximit\u00e9 de la venue de Dieudonn\u00e9 dans la ville ? Ah oui, c\u2019est vrai parce que Dieudonn\u00e9 est d\u2019extr\u00eame droite que disent ses d\u00e9tracteurs. Mais ne voyez-vous pas que cet argumentaire tourne court ?  Parce que selon eux \u00ab l\u2019ex-humoriste Dieudonn\u00e9 \u00bb est en v\u00e9rit\u00e9 un militant d\u2019extr\u00eame droite, des \u00e9nerv\u00e9s d\u2019extr\u00eame droite voudrez donner tout expr\u00e8s un pr\u00e9texte nouveau \u00e0 Manuel Valls pour interdire le spectacle de leur champion ?  Manque de coh\u00e9rence, en effet ! Abracadabrantesque ?   D\u2019ailleurs, n\u2019est-ce pas en v\u00e9rit\u00e9 une mani\u00e8re de laisser poindre son scepticisme refoul\u00e9, quant aux responsables pr\u00e9 d\u00e9sign\u00e9s, que le journaliste confesse : \u00ab La t\u00e2che, confi\u00e9e au groupe d\u2019investigations sur les bandes (GIB) de la s\u00fbret\u00e9 urbaine, s\u2019annonce pourtant ardue. \u00bb. En effet, le  procureur de la R\u00e9publique Michel Valet ne reconnaissait-il pas \u00ab hier, qu\u2019il \u00e9tait difficile de trouver une coh\u00e9rence dans des graffitis qui ont m\u00eame convoqu\u00e9 les fant\u00f4mes de l\u2019OAS. \u00bb et du \u00ab GUD \u00bb.  \u00ab Ce qui t\u00e9moigne d\u2019un minimum de \u00abculture\u00bb politique \u00bb nous dit l\u2019auteur de l\u2019article, \u00aben tout cas celle qui se cultive dans les arri\u00e8re-cours de l\u2019extr\u00eame-droite traditionnelle et d\u00e9sormais dans les officines int\u00e9gristes catholiques, r\u00e9veill\u00e9es par le d\u00e9bat sur \u00able mariage pour tous\u00bb. Une mouvance large et instable. \u00bb  Minima de.., inculture..? Ne convient-il pas de voir plut\u00f4t une \u00ab sous culture \u00bb politique et journalistique, dans la m\u00e9thode d\u2019investigation de l\u2019auteur de l\u2019article ? La meilleure fa\u00e7on de conduire une enqu\u00eate ou une d\u00e9monstration, droit dans le mur n\u2019est-elle pas de l\u2019aborder, comme il fait, avec un apriori, et sur la foi de cet a priori De l\u2019instruire \u00e0 charge.   Le journaliste de \u00ab la D\u00e9p\u00eache du Midi \u00bb n\u2019eut il pas d\u00fb faire preuve de prudence dans ses affirmations ? N\u2019avait-il pas signal\u00e9 lui-m\u00eame, d\u00e8s le titre de son article, l\u2019\u00e9tranget\u00e9 de cette op\u00e9ration de \u00ab tagage \u00bb ?   N\u2019est-ce pas la premi\u00e8re question que doit se poser tout enqu\u00eateur, dans n\u2019importe qu\u2019elle affaire de crime ou de d\u00e9lit : \u00ab \u00e0 qui cela profite-t-il ? Quel en est le mobile, le but poursuivit ? \u00bb. Or, il suffit de poser cette question simple dans le cas d\u2019esp\u00e8ce, pour se rendre compte imm\u00e9diatement que la r\u00e9ponse simpliste \u00ab l\u2019extr\u00eame droite,  les officines int\u00e9gristes catholiques \u00bb &#8211; \u00e9trange, en effet &#8211; a toute chance d\u2019\u00eatre aussi idiote qu\u2019elle est courte.   Une autre hypoth\u00e8se, une autre voie d\u2019investigation, existe, et qui d\u00e8s-lors saute aux yeux,  bien plus cr\u00e9dible, nous semble-t-il, qui pourrait expliquer cette \u00ab vague surprenante \u00bb : UEJF, Le B\u00e9tar, les nervis du Crif, les provocs du ministre de l\u2019int\u00e9rieur. Eux ont un mobile qu\u2019ils clament d\u2019ailleurs ouvertement de toute la puissance des m\u00e9dias coalis\u00e9s. Ils veulent interdire, non pas seulement le spectacle \u00ab le Mur \u00bb, non pas seulement les sketches qu\u2019ils jugent antis\u00e9mites, mais toute expression de Dieudonn\u00e9. \u00ab Le nouveau certificat de \u00abrespectabilit\u00e9\u00bb accord\u00e9 \u00e0 Dieudonn\u00e9, apr\u00e8s le retrait des passages litigieux de son spectacle, n\u2019a pas convaincu tout le monde. Si le maire, Pierre Cohen a renonc\u00e9 \u00e0 interdire son show a priori, d\u2019autres, comme G\u00e9rard Folus, le vice-pr\u00e9sident national de la Ligue contre le racisme et l\u2019antis\u00e9mitisme ( Licra), consid\u00e8rent qu\u2019il aurait fallu maintenir l\u2019interdiction pour stopper un antis\u00e9mitisme \u00abdevenu parole libre, banalis\u00e9e et impunie, accompagn\u00e9e d\u2019un n\u00e9gationnisme virulent\u00bb.  Ceux-l\u00e0, insatisfaits de la demi mesure que repr\u00e9sente \u00e0 leur sens l\u2019interdiction du spectacle \u00ab la Mur \u00bb et m\u00e9contents du rebond de l\u2019artiste, ont des raisons qui leur appartient de vouloir revenir \u00e0 l\u2019offensive.  Bien s\u00fbr, nous n\u2019avons pas plus de preuve de l\u2019implication de ceux-l\u00e0 que Gille-R Souill\u00e9 n\u2019en a de \u00ab l\u2019extr\u00eame droite ni des officines int\u00e9gristes catholiques \u00bb. Mais notre hypoth\u00e8se \u00e0 nous a l\u2019avantage consid\u00e9rable sur la sienne de r\u00e9tablir une coh\u00e9rence qu\u2019il cherche toujours et cherchera en vain.  Jeudi 20 f\u00e9vrier 2014.<\/p>\n","protected":false},"excerpt":{"rendered":"<p>UNE PROVOCATION DU CRIF ? Dieudonn\u00e9 doit se produire en spectacle le samedi 22 f\u00e9vrier au \u00ab Z\u00e9nith \u00bb de [&hellip;]<\/p>\n","protected":false},"author":1,"featured_media":0,"comment_status":"open","ping_status":"open","sticky":false,"template":"","format":"standard","meta":{"sfsi_plus_gutenberg_text_before_share":"","sfsi_plus_gutenberg_show_text_before_share":"","sfsi_plus_gutenberg_icon_type":"","sfsi_plus_gutenberg_icon_alignemt":"","sfsi_plus_gutenburg_max_per_row":"","site-sidebar-layout":"default","site-content-layout":"","ast-site-content-layout":"default","site-content-style":"default","site-sidebar-style":"default","ast-global-header-display":"","ast-banner-title-visibility":"","ast-main-header-display":"","ast-hfb-above-header-display":"","ast-hfb-below-header-display":"","ast-hfb-mobile-header-display":"","site-post-title":"","ast-breadcrumbs-content":"","ast-featured-img":"","footer-sml-layout":"","ast-disable-related-posts":"","theme-transparent-header-meta":"","adv-header-id-meta":"","stick-header-meta":"","header-above-stick-meta":"","header-main-stick-meta":"","header-below-stick-meta":"","astra-migrate-meta-layouts":"default","ast-page-background-enabled":"default","ast-page-background-meta":{"desktop":{"background-color":"var(--ast-global-color-4)","background-image":"","background-repeat":"repeat","background-position":"center center","background-size":"auto","background-attachment":"scroll","background-type":"","background-media":"","overlay-type":"","overlay-color":"","overlay-opacity":"","overlay-gradient":""},"tablet":{"background-color":"","background-image":"","background-repeat":"repeat","background-position":"center center","background-size":"auto","background-attachment":"scroll","background-type":"","background-media":"","overlay-type":"","overlay-color":"","overlay-opacity":"","overlay-gradient":""},"mobile":{"background-color":"","background-image":"","background-repeat":"repeat","background-position":"center center","background-size":"auto","background-attachment":"scroll","background-type":"","background-media":"","overlay-type":"","overlay-color":"","overlay-opacity":"","overlay-gradient":""}},"ast-content-background-meta":{"desktop":{"background-color":"var(--ast-global-color-5)","background-image":"","background-repeat":"repeat","background-position":"center center","background-size":"auto","background-attachment":"scroll","background-type":"","background-media":"","overlay-type":"","overlay-color":"","overlay-opacity":"","overlay-gradient":""},"tablet":{"background-color":"var(--ast-global-color-5)","background-image":"","background-repeat":"repeat","background-position":"center center","background-size":"auto","background-attachment":"scroll","background-type":"","background-media":"","overlay-type":"","overlay-color":"","overlay-opacity":"","overlay-gradient":""},"mobile":{"background-color":"var(--ast-global-color-5)","background-image":"","background-repeat":"repeat","background-position":"center center","background-size":"auto","background-attachment":"scroll","background-type":"","background-media":"","overlay-type":"","overlay-color":"","overlay-opacity":"","overlay-gradient":""}},"footnotes":""},"categories":[16],"tags":[],"class_list":["post-1309","post","type-post","status-publish","format-standard","hentry","category-archives-cms"],"_links":{"self":[{"href":"https:\/\/lavoiedessansvoix.fr\/lavoie\/wp-json\/wp\/v2\/posts\/1309","targetHints":{"allow":["GET"]}}],"collection":[{"href":"https:\/\/lavoiedessansvoix.fr\/lavoie\/wp-json\/wp\/v2\/posts"}],"about":[{"href":"https:\/\/lavoiedessansvoix.fr\/lavoie\/wp-json\/wp\/v2\/types\/post"}],"author":[{"embeddable":true,"href":"https:\/\/lavoiedessansvoix.fr\/lavoie\/wp-json\/wp\/v2\/users\/1"}],"replies":[{"embeddable":true,"href":"https:\/\/lavoiedessansvoix.fr\/lavoie\/wp-json\/wp\/v2\/comments?post=1309"}],"version-history":[{"count":0,"href":"https:\/\/lavoiedessansvoix.fr\/lavoie\/wp-json\/wp\/v2\/posts\/1309\/revisions"}],"wp:attachment":[{"href":"https:\/\/lavoiedessansvoix.fr\/lavoie\/wp-json\/wp\/v2\/media?parent=1309"}],"wp:term":[{"taxonomy":"category","embeddable":true,"href":"https:\/\/lavoiedessansvoix.fr\/lavoie\/wp-json\/wp\/v2\/categories?post=1309"},{"taxonomy":"post_tag","embeddable":true,"href":"https:\/\/lavoiedessansvoix.fr\/lavoie\/wp-json\/wp\/v2\/tags?post=1309"}],"curies":[{"name":"wp","href":"https:\/\/api.w.org\/{rel}","templated":true}]}}