{"id":1306,"date":"2014-02-24T08:26:00","date_gmt":"2014-02-24T07:26:00","guid":{"rendered":"https:\/\/lavoiedessansvoix.fr\/lavoie\/2014\/02\/24\/archive-droit-de-reponse-mais-qui-est-donc-l-ignoble-journaliste-qui-signe-gilles-r-soui\/"},"modified":"2014-02-24T08:26:00","modified_gmt":"2014-02-24T07:26:00","slug":"archive-droit-de-reponse-mais-qui-est-donc-l-ignoble-journaliste-qui-signe-gilles-r-soui","status":"publish","type":"post","link":"https:\/\/lavoiedessansvoix.fr\/lavoie\/2014\/02\/24\/archive-droit-de-reponse-mais-qui-est-donc-l-ignoble-journaliste-qui-signe-gilles-r-soui\/","title":{"rendered":"DROIT DE R\u00c9PONSE  MAIS QUI EST DONC  L&rsquo;IGNOBLE JOURNALISTE QUI SIGNE \u00ab GILLES-R SOUILLE ? \u00bb"},"content":{"rendered":"<p>DROIT DE R\u00c9PONSE  MAIS QUI EST DONC  L&rsquo;IGNOBLE JOURNALISTE QUI SIGNE \u00ab GILLES-R SOUILLE ? \u00bb   Cependant qu\u2019au Z\u00e9nith, une salle comble se bidonnait des sketches de Dieudonn\u00e9, sur la place Saint \u00c9tienne, 400 donneurs de le\u00e7ons constip\u00e9s s\u2019autoproclamaient conscience de la r\u00e9publique. C\u2019est Gilles-R Souill\u00e9 qui rendait compte de l\u2019\u00e9v\u00e8nement dans \u00ab la D\u00e9p\u00eache du midi \u00bb le 23 f\u00e9vrier, et dont nous avons tir\u00e9es les citations faites dans notre article de ce matin \u00ab Le CRIF boit le bouillon \u00bb.   Dans l\u2019article \u00ab Une provocation du CRIF \u00bb, du jeudi 20 f\u00e9vrier, nous nous \u00e9tonnions d\u00e9j\u00e0 que ce m\u00eame journaliste qui paraissait s\u2019interroger sur une campagne douteuse de graffitis qui avait pr\u00e9c\u00e9d\u00e9 la venue de Dieudonn\u00e9, ait en v\u00e9rit\u00e9 une opinion toute faite, fond\u00e9es sur des pr\u00e9jug\u00e9s et des aprioris. La mani\u00e8re dont celui-ci, ce 23 f\u00e9vrier, rend compte des \u00e9v\u00e8nements du samedi ne peut que confirmer notre pr\u00e9venance.   Quand 6000 citoyens fran\u00e7ais, tout aussi respectables que les militants du CRIF, vont rire, s\u2019amuser, applaudir, dans une salle o\u00f9 la bonne humeur et la f\u00eate sont au rendez-vous, monsieur Gilles-R Souill\u00e9 voit lui dans les 400 \u00ab mal embouch\u00e9s \u00bb qui vocif\u00e8rent leur hypocondrie mentale sur la place Saint Etienne, et r\u00eavent d\u2019an\u00e9antir les lois fran\u00e7aises r\u00e9gissant la libert\u00e9 d\u2019opinion et de r\u00e9union,  \u00ab Un rendez-vous \u00abpour d\u00e9fendre les valeurs de la R\u00e9publique\u00bb   Sous l\u2019intertitre \u00abDieudonn\u00e9, griot et chef de tribu path\u00e9tique \u00bb l\u2019article de Gilles-R Souill\u00e9, respire la mauvaise foi et le parti pris, voire m\u00eame une inavouable phobie. \u00ab Un frisson qui se lib\u00e8re vite, entre hu\u00e9es et vivats, dans la ferveur commune d\u2019une salle chauff\u00e9e \u00e0 blanc. Dieudonn\u00e9 sait faire \u00bb Eh oui monsieur, chauffer les salles c\u2019est un des savoirs faire n\u00e9cessaire de tout artiste. Alors bien s\u00fbr, quand celui-ci \u00ab  d\u00e9boule enfin sur sc\u00e8ne, c\u2019est l\u2019ovation. Dieudonn\u00e9 Mbala savoure \u00bb Pourquoi Dieudonn\u00e9 M\u2019bala ?.. M\u2019bala M\u2019bala est son nom d\u2019\u00e9tat civil. Vous, vous \u00eates en train de nous parler de \u00ab l\u2019artiste \u00bb et de son spectacle. Son nom de sc\u00e8ne c\u2019est \u00ab Dieudonn\u00e9 \u00bb. Ce n\u2019est pas Monsieur M\u2019bala M\u2019bala qui \u00ab d\u00e9boule sur sc\u00e8ne \u00bb c\u2019est Dieudonn\u00e9. Pourquoi ne vous en tenez-vous pas \u00e0 cela ? M\u2019bala, griot, chef de tribu, qu\u2019elle pens\u00e9e malsaine transpire dans votre propos ? \u00ab L\u2019interdiction de son spectacle, les pol\u00e9miques, les tensions de ces derniers jours ? Du pain b\u00e9ni, \u00bb Eh oui monsieur le \u00ab journaleux \u00bb il y a deux sorte de gens : ceux qui qui mac\u00e8rent dans la douleur du pass\u00e9 et se font du bien \u00e0 se faire mal et voudraient de surcroit ordonner au monde entier de souffrir leur propre obsessions parano\u00efaques, et les \u00ab r\u00e9silients \u00bb, ceux qui transforme le mal en bien, le gris en couleur d\u2019esp\u00e9rance, les larmes en rires et font des fleurs merveilleuses et tant bon odorantes avec les pires et plus naus\u00e9abondes des conneries humaines   L\u2019ex humoriste \u00bb \u00ab qui ne fait plus rire personne \u00bb \u00ab militant d\u2019extr\u00eame droite \u00bb etc. toutes ses \u00e9pith\u00e8tes qui rel\u00e8vent de la m\u00e9thode Cou\u00e9, ne font pas honneurs \u00e0 ceux qui en usent pour se masquer \u00e0 eux m\u00eame la r\u00e9alit\u00e9, qu\u2019ils refusent de voir. Eh bien \u00e0 ce couplet malsain, Gilles-R Souill\u00e9 a tenu \u00e0 apporter sa propre contribution : \u00ab Le public hue, tape dans les mains. Le tribun en rajoute \u00bb. Le \u00ab Tribun \u00bb non pas l\u2019artiste comique, l\u2019humoriste, le \u00ab fou de la R\u00e9publique \u00bb, qui enchaines les plaisanteries les quolibets et les blagues, mais \u00ab tribun \u00bb, un terme issu de la langue politique, qui d\u00e9fends un syst\u00e8me d\u2019id\u00e9es, une id\u00e9ologie.   \u00ab L\u2019esclavage, les Africains morts pour la France.. . Dieudonn\u00e9 sait aussi convoquer avec justesse et humour d\u2019autres fant\u00f4mes \u00bb Voil\u00e0 les gentils fant\u00f4mes n\u00e9g\u2019s, les malheureux fils de Cham, qui d\u00e9crispent notre journaliste et lui arrachent tout de m\u00eame un jugement positif, reconnaitre quelque humour au \u00ab tribun \u00bb \u00ab qui ne fait rire personne \u00bb.  Mais il se ravise promptement : \u00ab.. c\u2019est la rage qui l\u2019emporte, pour revenir encore et toujours \u00e0 son obsession d\u00e9clin\u00e9e en filigrane tout au long du show : le lobby juif, dont on ne pourrait pas rire. Dieudonn\u00e9 qui aime pourtant les basses-cours africaines n\u2019a gard\u00e9 qu\u2019un animal dans son bestiaire. Le bouc -\u00e9missaire. \u00bb La chose ici n\u2019est dite qu\u2019\u00e0 demi, puisque le bouc \u00e9missaire dont il s\u2019agit n\u2019est pas clairement nomm\u00e9. Mais la phrase qui pr\u00e9c\u00e9dait ne l\u2019avait-elle pas identifi\u00e9 ? \u00ab Le Juif \u00bb bien s\u00fbr, \u00ab l\u2019antis\u00e9mitisme \u00bb   La mauvaise foi et le parti pris, tels sont les ressorts qui font \u00e9crire monsieur Gilles-R. Cet homme-l\u00e0, m\u00eame s\u2019il en a le titre et la fonction, n\u2019a rien en v\u00e9rit\u00e9 d\u2019un journaliste ; C\u2019est le militant obtus et obstin\u00e9 d\u2019une cause, dispos\u00e9 pour la d\u00e9fense de celle-ci \u00e0 faire peu de cas de l\u2019\u00e9thique de son m\u00e9tier ni des moindres consid\u00e9rations morales.  Qu\u2019\u00e9crit-il en effet notre \u00ab journaliste ind\u00e9pendant \u00bb \u00e0 propos des \u00e9nerv\u00e9s du CRIF qui cherchent d\u00e9lib\u00e9r\u00e9ment la provocation ? Le contraire de la v\u00e9rit\u00e9 : \u00ab Nicole Yardeni, au nom du Crif (conseil repr\u00e9sentatif des institutions juives de France) \u00e9vitait avec prudence de souffler sur les braises allum\u00e9es le 19 mars 2012 par le triple assassinat de l\u2019\u00e9cole Ozar Hatorah \u00bb Le contraire de la v\u00e9rit\u00e9, disais-je, car, qui soutiendrait sans sourciller, que dans les motivations de l\u2019initiative du CRIF \u00e0 Toulouse pr\u00e9cis\u00e9ment, cette arri\u00e8re-pens\u00e9e \u00e9tait absente ? Mais Gilles-R Souill\u00e9 d\u00e9rape imm\u00e9diatement quand il ajoute : \u00ab et r\u00e9activ\u00e9es par la venue de l\u2019humoriste \u00bb. Comment oser une telle chose, un raccourci aussi odieux ? Qu\u2019elle commune mesure y-a-t-il entre un artiste qui fait rire \u00e0 s\u2019en tordre des milliers de gens et l\u2019action ignoble d\u2019un tueur de sang-froid. Un tel rapprochement n\u2019insulte pas seulement Dieudonn\u00e9 et son public, c\u2019est une insulte au bon sens et \u00e0 la raison. Ils ont perdu tout sens de la mesure ceux qui s\u2019y osent. Nous ne sommes plus l\u00e0 dans les domaines, ni de l\u2019information, ni de l\u2019investigation journalistique, ni du d\u00e9bat d\u2019id\u00e9es ou de la confrontation des opinions. Nous voil\u00e0 pr\u00e9cipit\u00e9s dans la fange de l\u2019insulte, de l\u2019outrage et des m\u00e9thodes diffamatoires.  Mais qui donc anime cette vile plume qui r\u00e9pand de telles insanit\u00e9s ? Qui est vraiment l\u2019homme qui sous la signature de Gilles-R Souill\u00e9 \u00e9panche les souillures de son encre f\u00e9tide ?   Lundi 24 f\u00e9vrier 2014.<\/p>\n","protected":false},"excerpt":{"rendered":"<p>DROIT DE R\u00c9PONSE MAIS QUI EST DONC L&rsquo;IGNOBLE JOURNALISTE QUI SIGNE \u00ab GILLES-R SOUILLE ? \u00bb Cependant qu\u2019au Z\u00e9nith, une [&hellip;]<\/p>\n","protected":false},"author":1,"featured_media":0,"comment_status":"open","ping_status":"open","sticky":false,"template":"","format":"standard","meta":{"sfsi_plus_gutenberg_text_before_share":"","sfsi_plus_gutenberg_show_text_before_share":"","sfsi_plus_gutenberg_icon_type":"","sfsi_plus_gutenberg_icon_alignemt":"","sfsi_plus_gutenburg_max_per_row":"","site-sidebar-layout":"default","site-content-layout":"","ast-site-content-layout":"default","site-content-style":"default","site-sidebar-style":"default","ast-global-header-display":"","ast-banner-title-visibility":"","ast-main-header-display":"","ast-hfb-above-header-display":"","ast-hfb-below-header-display":"","ast-hfb-mobile-header-display":"","site-post-title":"","ast-breadcrumbs-content":"","ast-featured-img":"","footer-sml-layout":"","ast-disable-related-posts":"","theme-transparent-header-meta":"","adv-header-id-meta":"","stick-header-meta":"","header-above-stick-meta":"","header-main-stick-meta":"","header-below-stick-meta":"","astra-migrate-meta-layouts":"default","ast-page-background-enabled":"default","ast-page-background-meta":{"desktop":{"background-color":"var(--ast-global-color-4)","background-image":"","background-repeat":"repeat","background-position":"center center","background-size":"auto","background-attachment":"scroll","background-type":"","background-media":"","overlay-type":"","overlay-color":"","overlay-opacity":"","overlay-gradient":""},"tablet":{"background-color":"","background-image":"","background-repeat":"repeat","background-position":"center center","background-size":"auto","background-attachment":"scroll","background-type":"","background-media":"","overlay-type":"","overlay-color":"","overlay-opacity":"","overlay-gradient":""},"mobile":{"background-color":"","background-image":"","background-repeat":"repeat","background-position":"center center","background-size":"auto","background-attachment":"scroll","background-type":"","background-media":"","overlay-type":"","overlay-color":"","overlay-opacity":"","overlay-gradient":""}},"ast-content-background-meta":{"desktop":{"background-color":"var(--ast-global-color-5)","background-image":"","background-repeat":"repeat","background-position":"center center","background-size":"auto","background-attachment":"scroll","background-type":"","background-media":"","overlay-type":"","overlay-color":"","overlay-opacity":"","overlay-gradient":""},"tablet":{"background-color":"var(--ast-global-color-5)","background-image":"","background-repeat":"repeat","background-position":"center center","background-size":"auto","background-attachment":"scroll","background-type":"","background-media":"","overlay-type":"","overlay-color":"","overlay-opacity":"","overlay-gradient":""},"mobile":{"background-color":"var(--ast-global-color-5)","background-image":"","background-repeat":"repeat","background-position":"center center","background-size":"auto","background-attachment":"scroll","background-type":"","background-media":"","overlay-type":"","overlay-color":"","overlay-opacity":"","overlay-gradient":""}},"footnotes":""},"categories":[16],"tags":[],"class_list":["post-1306","post","type-post","status-publish","format-standard","hentry","category-archives-cms"],"_links":{"self":[{"href":"https:\/\/lavoiedessansvoix.fr\/lavoie\/wp-json\/wp\/v2\/posts\/1306","targetHints":{"allow":["GET"]}}],"collection":[{"href":"https:\/\/lavoiedessansvoix.fr\/lavoie\/wp-json\/wp\/v2\/posts"}],"about":[{"href":"https:\/\/lavoiedessansvoix.fr\/lavoie\/wp-json\/wp\/v2\/types\/post"}],"author":[{"embeddable":true,"href":"https:\/\/lavoiedessansvoix.fr\/lavoie\/wp-json\/wp\/v2\/users\/1"}],"replies":[{"embeddable":true,"href":"https:\/\/lavoiedessansvoix.fr\/lavoie\/wp-json\/wp\/v2\/comments?post=1306"}],"version-history":[{"count":0,"href":"https:\/\/lavoiedessansvoix.fr\/lavoie\/wp-json\/wp\/v2\/posts\/1306\/revisions"}],"wp:attachment":[{"href":"https:\/\/lavoiedessansvoix.fr\/lavoie\/wp-json\/wp\/v2\/media?parent=1306"}],"wp:term":[{"taxonomy":"category","embeddable":true,"href":"https:\/\/lavoiedessansvoix.fr\/lavoie\/wp-json\/wp\/v2\/categories?post=1306"},{"taxonomy":"post_tag","embeddable":true,"href":"https:\/\/lavoiedessansvoix.fr\/lavoie\/wp-json\/wp\/v2\/tags?post=1306"}],"curies":[{"name":"wp","href":"https:\/\/api.w.org\/{rel}","templated":true}]}}