{"id":1305,"date":"2014-02-25T06:28:00","date_gmt":"2014-02-25T05:28:00","guid":{"rendered":"https:\/\/lavoiedessansvoix.fr\/lavoie\/2014\/02\/25\/archive-la-flamme-olympique-c-est-eteinte-a-sotchi-celle-de-la-guerre-s-est-allumee-a-ki\/"},"modified":"2014-02-25T06:28:00","modified_gmt":"2014-02-25T05:28:00","slug":"archive-la-flamme-olympique-c-est-eteinte-a-sotchi-celle-de-la-guerre-s-est-allumee-a-ki","status":"publish","type":"post","link":"https:\/\/lavoiedessansvoix.fr\/lavoie\/2014\/02\/25\/archive-la-flamme-olympique-c-est-eteinte-a-sotchi-celle-de-la-guerre-s-est-allumee-a-ki\/","title":{"rendered":"LA FLAMME OLYMPIQUE C\u2019EST ETEINTE A SOTCHI, CELLE DE LA GUERRE S\u2019EST ALLUMEE A KIEV"},"content":{"rendered":"<p>LA FLAMME OLYMPIQUE C\u2019EST \u00c9TEINTE A SOTCHI, CELLE DE LA GUERRE S\u2019EST ALLUM\u00c9E A KIEV   La f\u00e9d\u00e9ration de Russie \u00e9tait en ce mois de f\u00e9vrier 2014, l\u2019h\u00f4te des Jeux Olympiques d\u2019hiver qui se sont tenus \u00e0 Sotchi. En tant que Pr\u00e9sident de la f\u00e9d\u00e9ration de Russie, Vladimir Poutine \u00e9tait aux avants postes, sous les feux de la rampe m\u00e9diatique internationale. Confront\u00e9 aux dangers terroristes venus des r\u00e9publiques caucasiennes et musulmanes, il \u00e9tait pr\u00e9occup\u00e9 par la s\u00e9curit\u00e9 des jeux et leur bon d\u00e9roulement. Un dispositif consid\u00e9rable a \u00e9t\u00e9 d\u00e9ploy\u00e9, a la mesure de l\u2019\u00e9v\u00e8nement et \u00e0 la hauteur de la menace. Les jeux Olympiques d\u2019hiver de Sotchi se sont d\u00e9roul\u00e9s correctement.  La menace terroriste a \u00e9t\u00e9 jugul\u00e9e. La f\u00eate a \u00e9t\u00e9 belle et r\u00e9ussie.  Mais s\u2019\u00e9tait sans compter avec les f\u00e2cheux du trio imp\u00e9rialiste occidental. Ceux-l\u00e0 n\u2019ont eu de cesse de d\u00e9nigrer, de critiquer, de souiller, de salir. \u00ab Les jeux Olympiques d\u2019hiver de Sotchi \u00ab \u00e9taient ceux de la d\u00e9mesure, s\u2019\u00e9taient ceux du r\u00eave m\u00e9galomaniaque d\u2019un homme : Vladimir Poutine, s\u2019\u00e9tait ceux de la faillite pour une r\u00e9gion. S\u2019\u00e9taient, ils ont m\u00eame os\u00e9 ce parall\u00e8le odieux, mais tellement illustratif de leur mauvais esprit, l\u2019\u00e9quivalent de \u00ab Jeux de Berlin de 1936 \u00bb. Ils n\u2019ont pas encore tout \u00e0 fait os\u00e9, mais on n\u2019est plus tr\u00e8s loin du moment o\u00f9 ils le feront, nous dire que Poutine c\u2019est le nouvel Hitler. En attendant ce moment, une chose est pourtant acquise, par son agressivit\u00e9, par ses desseins expansionnistes, c\u2019est L\u2019Europe lib\u00e9rale qui supporte d\u00e9j\u00e0 fort bien le parall\u00e8le avec l\u2019Allemagne de 1939.  La f\u00e9d\u00e9ration de Russie et son Pr\u00e9sident, Vladimir Poutine, \u00e9taient les h\u00f4tes des jeux d\u2019hiver. A ce titre ils se devaient de respecter la \u00ab tr\u00eave olympique, d\u2019assurer aux athl\u00e8tes et \u00e0 leurs invit\u00e9s, la qui\u00e9tude qui sied \u00e0 ce moment. Le moindre manquement de leur part eut aussit\u00f4t \u00e9t\u00e9 sanctionn\u00e9 par une campagne m\u00e9diatique internationale hyst\u00e9rique, le boycott des jeux en plein vol, avec le d\u00e9part ordonn\u00e9 par les \u00e9tats imp\u00e9rialistes et leurs alli\u00e9s de nombreuses d\u00e9l\u00e9gations. La f\u00e9d\u00e9ration de Russie pi\u00e9g\u00e9e elle, par l\u2019esprit de la tr\u00eave Olympique, devait encaisser les injures et les coups sans broncher. C\u2019est le moment qu\u2019on d\u00e9lib\u00e9r\u00e9ment choisit d\u2019exploiter les puissances occidentales pour porter, avec l\u2019affaire Ukrainienne, un violent coup de poignard dans son flanc ouest.   Car bien s\u00fbr, vous l\u2019avez compris, si le d\u00e9chirement politique de l\u2019Ukraine est un probl\u00e8me r\u00e9current qui date de plusieurs ann\u00e9es, l\u2019offensive sp\u00e9cifique de ces derni\u00e8res semaines ne doit rien au hasard.  Plusieurs ministres des affaires \u00e9trang\u00e8res de l\u2019Union Europ\u00e9ennes se rendent \u00e0 Kiev, obtiennent un accord entre l\u2019opposition et le pouvoir l\u00e9gal du Pr\u00e9sident Ianoukovytch ; la formation d\u2019un gouvernement d\u2019union nationale, la promesse d\u2019\u00e9lections pr\u00e9sidentielles anticip\u00e9es. Mais le lendemain \u00e0 l\u2019aube la milice fasciste, h\u00e9riti\u00e8re de Band\u00e9ra, bien entrain\u00e9e, bien arm\u00e9e, et peut-\u00eatre m\u00eame semble-t-il, encadr\u00e9e par des officiers et conseillers venus de l\u2019\u00e9tranger, passe \u00e0 l\u2019Offensive. L\u2019accord n\u2019a eu en v\u00e9rit\u00e9 pour objet que de faire h\u00e9siter le gouvernement l\u00e9gal et de lui faire baisser la garde au moment crucial. L\u2019offensive \u00e9tait, sans nul doute possible, d\u00e9cid\u00e9e et programm\u00e9e en avance. Elle devait avoir lieu avant la fin de la tr\u00eave olympique, afin de cr\u00e9er une situation de \u00ab fait accompli \u00bb avant que la f\u00e9d\u00e9ration de Russie ne puisse r\u00e9agir   De \u00ab la tr\u00eave Olympique \u00bb, les vandales imp\u00e9rialistes occidentaux qui ne respectent rien en ont fait le moment privil\u00e9gi\u00e9 de leur agression. Leur agression, elle meurtrit l\u2019Ukraine d\u2019abord bien s\u00fbr qui par leur volont\u00e9 d\u00e9lib\u00e9r\u00e9e se retrouve au bord de la partition et peut-\u00eatre m\u00eame de la guerre civile. Elle meurtrit et humilie la Russie dont l\u2019histoire est intimement li\u00e9e \u00e0 celle de l\u2019Ukraine \u00ab la petite Russie \u00bb et qui partagent langue, culture, int\u00e9r\u00eats \u00e9conomiques et g\u00e9ostrat\u00e9giques. Leur agression, enfin, c\u2019est une insulte \u00e0 l\u2019esprit Olympique et \u00e0 la jeunesse du monde.   Et l\u2019Ukraine dans cette affaire ? Une proie, un  pr\u00e9texte, une victime immol\u00e9e sur l\u2019autel d\u2019int\u00e9r\u00eats et de diff\u00e9rents qui ne sont pas les siens. L\u2019Ukraine, l\u2019imp\u00e9rialisme occidental n\u2019en a rien \u00e0 fiche sinon que de se procurer un autre r\u00e9servoir de main d\u2019\u0153uvre \u00e0 vil prix. Et ce sont de \u00ab soi-disant nationalistes Ukrainien qui ont ainsi livr\u00e9 leur pays et leur peuple \u00e0 des int\u00e9r\u00eats \u00e9trangers ? Mais est-ce bien \u00e9tonnant somme toute. Ils ont une histoire, des traditions ces gens-l\u00e0. Leur anc\u00eatre, St\u00e9pan Bandera, sous pr\u00e9texte de \u00ab Nationalisme Ukrainien \u00bb n\u2019avait-il pas d\u00e9j\u00e0 livr\u00e9e l\u2019Ukraine \u00e0 l\u2019Allemagne nazie et vendue son \u00e2me \u00e0 Hitler ?  Les jeux Olympiques d\u2019hiver de Sotchi se sont termin\u00e9s dimanches soir 23 f\u00e9vrier 2014. La f\u00e9d\u00e9ration de Russie et Vladimir Poutine, malgr\u00e9 l\u2019adversit\u00e9 ont respect\u00e9 l\u2019esprit olympique jusqu\u2019au bout. Les voil\u00e0 \u00e0 pr\u00e9sent d\u00e9li\u00e9s de leur engagement. \u00ab L\u2019autre \u00bb Ukraine et la Russie  vont r\u00e9agir. Elles le doivent. L\u2019Ukraine parce qu\u2019elle doit s\u2019opposer, autant que faire se peut, \u00e0  la partition que les bandits europ\u00e9ens et leurs alli\u00e9s \u00ab nationalistes \u00bb veulent lui imposer, la Russie. Parce qu\u2019elle ne peut laisser faire. Se coucher se serait ouvrir la voie \u00e0 d\u2019autres agressions, en Europe ou dans le Caucase. D\u00e8s lors, la \u00ab victoire \u00bb idiote de l\u2019opposition ukrainienne, pourrait apparaitre bient\u00f4t pour ce qu\u2019elle est vraiment. Non pas \u00ab une r\u00e9volution \u00bb ah, le joli mot tant galvaud\u00e9, mais une victoire \u00e0 la Pyrrhus dont le seul et v\u00e9ritable but \u00e9tait de servir les int\u00e9r\u00eats de l\u2019Europe lib\u00e9rale qui agissant comme poste avanc\u00e9 de l\u2019imp\u00e9rialisme anglo-am\u00e9ricain en Europe centrale avait pour mission d\u2019humilier la Russie de Vladimir Poutine, lui faire payer son r\u00f4le dans la question Syrienne et sa pr\u00e9tention \u00e0 redevenir une grande puissance sur la sc\u00e8ne internationale.  La flamme Olympique, symbole de paix et de rencontre pacifique des nations s\u2019est \u00e9teinte \u00e0 Sotchi.  L\u2019Europe lib\u00e9rale en avait allum\u00e9 une autre, l\u2019avant-veille \u00e0 Kiev, celle de la guerre, de la haine et du sang.  Mardi 25 f\u00e9vrier 2014.<\/p>\n","protected":false},"excerpt":{"rendered":"<p>LA FLAMME OLYMPIQUE C\u2019EST \u00c9TEINTE A SOTCHI, CELLE DE LA GUERRE S\u2019EST ALLUM\u00c9E A KIEV La f\u00e9d\u00e9ration de Russie \u00e9tait [&hellip;]<\/p>\n","protected":false},"author":1,"featured_media":0,"comment_status":"open","ping_status":"open","sticky":false,"template":"","format":"standard","meta":{"sfsi_plus_gutenberg_text_before_share":"","sfsi_plus_gutenberg_show_text_before_share":"","sfsi_plus_gutenberg_icon_type":"","sfsi_plus_gutenberg_icon_alignemt":"","sfsi_plus_gutenburg_max_per_row":"","site-sidebar-layout":"default","site-content-layout":"","ast-site-content-layout":"default","site-content-style":"default","site-sidebar-style":"default","ast-global-header-display":"","ast-banner-title-visibility":"","ast-main-header-display":"","ast-hfb-above-header-display":"","ast-hfb-below-header-display":"","ast-hfb-mobile-header-display":"","site-post-title":"","ast-breadcrumbs-content":"","ast-featured-img":"","footer-sml-layout":"","ast-disable-related-posts":"","theme-transparent-header-meta":"","adv-header-id-meta":"","stick-header-meta":"","header-above-stick-meta":"","header-main-stick-meta":"","header-below-stick-meta":"","astra-migrate-meta-layouts":"default","ast-page-background-enabled":"default","ast-page-background-meta":{"desktop":{"background-color":"var(--ast-global-color-4)","background-image":"","background-repeat":"repeat","background-position":"center center","background-size":"auto","background-attachment":"scroll","background-type":"","background-media":"","overlay-type":"","overlay-color":"","overlay-opacity":"","overlay-gradient":""},"tablet":{"background-color":"","background-image":"","background-repeat":"repeat","background-position":"center center","background-size":"auto","background-attachment":"scroll","background-type":"","background-media":"","overlay-type":"","overlay-color":"","overlay-opacity":"","overlay-gradient":""},"mobile":{"background-color":"","background-image":"","background-repeat":"repeat","background-position":"center center","background-size":"auto","background-attachment":"scroll","background-type":"","background-media":"","overlay-type":"","overlay-color":"","overlay-opacity":"","overlay-gradient":""}},"ast-content-background-meta":{"desktop":{"background-color":"var(--ast-global-color-5)","background-image":"","background-repeat":"repeat","background-position":"center center","background-size":"auto","background-attachment":"scroll","background-type":"","background-media":"","overlay-type":"","overlay-color":"","overlay-opacity":"","overlay-gradient":""},"tablet":{"background-color":"var(--ast-global-color-5)","background-image":"","background-repeat":"repeat","background-position":"center center","background-size":"auto","background-attachment":"scroll","background-type":"","background-media":"","overlay-type":"","overlay-color":"","overlay-opacity":"","overlay-gradient":""},"mobile":{"background-color":"var(--ast-global-color-5)","background-image":"","background-repeat":"repeat","background-position":"center center","background-size":"auto","background-attachment":"scroll","background-type":"","background-media":"","overlay-type":"","overlay-color":"","overlay-opacity":"","overlay-gradient":""}},"footnotes":""},"categories":[16],"tags":[],"class_list":["post-1305","post","type-post","status-publish","format-standard","hentry","category-archives-cms"],"_links":{"self":[{"href":"https:\/\/lavoiedessansvoix.fr\/lavoie\/wp-json\/wp\/v2\/posts\/1305","targetHints":{"allow":["GET"]}}],"collection":[{"href":"https:\/\/lavoiedessansvoix.fr\/lavoie\/wp-json\/wp\/v2\/posts"}],"about":[{"href":"https:\/\/lavoiedessansvoix.fr\/lavoie\/wp-json\/wp\/v2\/types\/post"}],"author":[{"embeddable":true,"href":"https:\/\/lavoiedessansvoix.fr\/lavoie\/wp-json\/wp\/v2\/users\/1"}],"replies":[{"embeddable":true,"href":"https:\/\/lavoiedessansvoix.fr\/lavoie\/wp-json\/wp\/v2\/comments?post=1305"}],"version-history":[{"count":0,"href":"https:\/\/lavoiedessansvoix.fr\/lavoie\/wp-json\/wp\/v2\/posts\/1305\/revisions"}],"wp:attachment":[{"href":"https:\/\/lavoiedessansvoix.fr\/lavoie\/wp-json\/wp\/v2\/media?parent=1305"}],"wp:term":[{"taxonomy":"category","embeddable":true,"href":"https:\/\/lavoiedessansvoix.fr\/lavoie\/wp-json\/wp\/v2\/categories?post=1305"},{"taxonomy":"post_tag","embeddable":true,"href":"https:\/\/lavoiedessansvoix.fr\/lavoie\/wp-json\/wp\/v2\/tags?post=1305"}],"curies":[{"name":"wp","href":"https:\/\/api.w.org\/{rel}","templated":true}]}}