{"id":1304,"date":"2014-02-28T08:12:00","date_gmt":"2014-02-28T07:12:00","guid":{"rendered":"https:\/\/lavoiedessansvoix.fr\/lavoie\/2014\/02\/28\/archive-defense-de-l-unite-nationale-et-de-l-integrite-territoriale-de-l-ukraine\/"},"modified":"2014-02-28T08:12:00","modified_gmt":"2014-02-28T07:12:00","slug":"archive-defense-de-l-unite-nationale-et-de-l-integrite-territoriale-de-l-ukraine","status":"publish","type":"post","link":"https:\/\/lavoiedessansvoix.fr\/lavoie\/2014\/02\/28\/archive-defense-de-l-unite-nationale-et-de-l-integrite-territoriale-de-l-ukraine\/","title":{"rendered":"D\u00c9FENSE DE L\u2019UNIT\u00c9 NATIONALE ET DE L\u2019INT\u00c9GRIT\u00c9 TERRITORIALE DE L\u2019UKRAINE."},"content":{"rendered":"<p>D\u00c9FENSE DE L\u2019UNIT\u00c9 NATIONALE ET DE L\u2019INT\u00c9GRIT\u00c9 TERRITORIALE DE L\u2019UKRAINE.   Les discussions sur la personnalit\u00e9 du Pr\u00e9sident Ianouk\u00e9vitch et sa pratique du pouvoir ne sont pas de saison. Certes, cela peut avoir contribu\u00e9 \u00e0 la mobilisation de l\u2019opposition, mais ce n\u2019est pas le sujet. Ce n\u2019est pas pour d\u00e9noncer la corruption du pouvoir et le changer par des dirigeants int\u00e8gres que ce sont mobilis\u00e9s les manifestants de la place Maidan, mais bien pour renverser le syst\u00e8me des alliances internationales de l\u2019Ukraine.  J\u2019entends dire aussi que la partition est une voie quasi in\u00e9vitable et sommes toute justifiable d\u00e8s lors que ceux qui veulent rejoindre l\u2019UE seraient fond\u00e9s \u00e0 le faire tout comme ceux qui pr\u00e9f\u00e8re rester proche de la Russie. C\u2019est faire peu de cas de l\u2019existence de l\u2019Ukraine, une et indivisible. Comment peut-on accepter qu\u2019une minorit\u00e9 putschiste impose sa loi, et ses choix, et pr\u00e9cipite par son action irresponsable et ill\u00e9gitime le d\u00e9membrement du pays ?  Car, et jusqu\u2019\u00e0 preuve du contraire, c\u2019est bien une minorit\u00e9, et non la majorit\u00e9 du peuple ukrainien qui a fait le choix de l\u2019Europe. Il convient que la majorit\u00e9 se fasse entendre et que ce soient ses choix \u00e0 elle qui s\u2019imposent \u00e0 tous les Ukrainiens.  Une certaine presse, de nombreux observateurs, fonctionne comme si la partition existait d\u00e9j\u00e0 en filigrane, dans les deux r\u00e9alit\u00e9s du pouvoir qui s\u2019affrontent : le parlement et le Pr\u00e9sident. Or, c\u2019est la sp\u00e9cificit\u00e9 de toutes les constitutions inspir\u00e9es de celle de la 5\u00e8me R\u00e9publique fran\u00e7aise, l\u2019\u00e9lection du pr\u00e9sident de la r\u00e9publique au suffrage universel conf\u00e8re \u00e0 celui-ci d\u2019\u00eatre le seul d\u00e9positaire de la souverainet\u00e9 nationale. La destitution du pr\u00e9sident Ianouk\u00e9vitch par le parlement est nulle et non avenue. Seul des faits graves relevant de la haute trahison pourraient la justifier. Or, en refusant de signer l\u2019accord avec l\u2019Europe, le pr\u00e9sident Ianouk\u00e9vitch n\u2019a en rien trahit son pays, puisqu\u2019il n\u2019a fait en v\u00e9rit\u00e9 que vouloir maintenir les bases de son alliance plus que s\u00e9culaire avec la Russie. Quant au sang vers\u00e9, chacun sait bien que s\u2019\u00e9tait concentr\u00e9 place Maidan une milice fasciste ultra violente de 1500 \u00e0 2000 hommes, et qu\u2019au demeurant se sont eux qui ont d\u00e9lib\u00e9r\u00e9ment rompue la tr\u00eave, le matin du 22 f\u00e9vrier. Qu\u2019aurait fait en de pareilles circonstances n\u2019importe quel autre gouvernement ? Ainsi, malgr\u00e9 les aspects contestables de son exercice Viktor Ianouk\u00e9vitch, d\u00e9mocratiquement \u00e9lu reste le symbole de l\u2019unit\u00e9 nationale et territoriale de l\u2019Ukraine, et il n\u2019y a aucune raison pour que celui-ci ne se consid\u00e8re plus que comme le pr\u00e9sident d\u2019une partie de l\u2019Ukraine.  Bon, me direz-vous, ces consid\u00e9rations de \u00ab l\u00e9gitimit\u00e9 \u00bb des pouvoirs sont quelques peut d\u00e9su\u00e8tes quand on en est rendu o\u00f9 en est rendu l\u2019Ukraine, \u00e0 une situation de double pouvoir o\u00f9 ce n\u2019est plus la l\u00e9galit\u00e9 qui d\u00e9cide mais les rapports de force et l\u2019issue du combat. Mais elles gardent tout de m\u00eame une certaine importance dans la phase de pr\u00e9paration de la confrontation o\u00f9, o\u00f9 chaque partie mobilise ses forces et tente de justifier sa propre l\u00e9gitimit\u00e9.  Certes, il peut se faire qu\u2019\u00e0 une certaine \u00e9tape de la confrontation la partition devienne la seule issue possible du combat. Pour l\u2019heure, ce n\u2019est pas le probl\u00e8me. Le probl\u00e8me est celui du r\u00e9tablissement de l\u2019autorit\u00e9 du pouvoir l\u00e9gal dans le respect de l\u2019Unit\u00e9 Nationale et territoriale de l\u2019Ukraine.  C\u2019est \u00e0 cette t\u00e2che que doit contribuer la Russie. Elle peut le faire en d\u00e9clenchant en \u00e9troite collaboration avec les forces arm\u00e9es et de polices loyalistes d\u2019Ukraine par des moyens militaires, une vaste op\u00e9ration de police afin d\u2019appr\u00e9hender et de d\u00e9ferrer aux tribunaux les putschistes arm\u00e9s qui sont responsables des \u00e9v\u00e8nements de la place Ma\u00efdan et sont seuls v\u00e9ritables comptables du bain de \u00bb sang auquel leur obstination a conduit.  Certes, en dernier ressort, la partition serait une ultime planche de salut pour sauver encore les int\u00e9r\u00eats g\u00e9ostrat\u00e9gique de la f\u00e9d\u00e9ration de Russie en mer noire. Mais ce serait alors tout de m\u00eame une cuisante d\u00e9faite et une terrible humiliation pour la Russie et pour le Pr\u00e9sident Poutine, \u00e0 l\u2019heure o\u00f9 celui-ci c\u2019est donn\u00e9 pour t\u00e2che de la restaurer dans son statut de grande puissance internationale. Pour l\u2019heure rien ne justifie que la Russie s\u2019accommode d\u2019une telle d\u00e9convenue. Le ferait-elle, ce ne serait que le moyen le plus s\u00fbr d\u2019aiguiser les app\u00e9tits voraces et insatiables de ses ennemis.  C\u2019est pourquoi nous voulons \u00eatre convaincus que la Russie va faire autre chose que d\u2019ent\u00e9riner une partition de fait. Qu\u2019elle va \u0153uvrer avec les moyens de grande ampleur qu\u2019appelle la situation, \u00e0 la restauration du pouvoir l\u00e9gal dans ses pr\u00e9rogatives et \u00e0 la d\u00e9fense jalouse de l\u2019unit\u00e9 nationale et territoriale de l\u2019Ukraine. Dans cette voie elle rencontrera, nous en sommes convaincus, les c\u0153urs de la majorit\u00e9 \u00e9crasante des Ukrainiens, y compris un grand nombre de ceux qui se sont un temps laiss\u00e9s abuser par \u00ab le r\u00eave Europ\u00e9en \u00bb mais qui ne veulent pas immoler l\u2019Ukraine pour l\u2019atteindre. Elle isolera les \u00ab pr\u00e9tendus \u00bb nationalistes dispos\u00e9s \u00e0 vendre leur pays \u00e0 l\u2019encan.  Vendredi 28 f\u00e9vrier 2014.<\/p>\n","protected":false},"excerpt":{"rendered":"<p>D\u00c9FENSE DE L\u2019UNIT\u00c9 NATIONALE ET DE L\u2019INT\u00c9GRIT\u00c9 TERRITORIALE DE L\u2019UKRAINE. Les discussions sur la personnalit\u00e9 du Pr\u00e9sident Ianouk\u00e9vitch et sa [&hellip;]<\/p>\n","protected":false},"author":1,"featured_media":0,"comment_status":"open","ping_status":"open","sticky":false,"template":"","format":"standard","meta":{"sfsi_plus_gutenberg_text_before_share":"","sfsi_plus_gutenberg_show_text_before_share":"","sfsi_plus_gutenberg_icon_type":"","sfsi_plus_gutenberg_icon_alignemt":"","sfsi_plus_gutenburg_max_per_row":"","site-sidebar-layout":"default","site-content-layout":"","ast-site-content-layout":"default","site-content-style":"default","site-sidebar-style":"default","ast-global-header-display":"","ast-banner-title-visibility":"","ast-main-header-display":"","ast-hfb-above-header-display":"","ast-hfb-below-header-display":"","ast-hfb-mobile-header-display":"","site-post-title":"","ast-breadcrumbs-content":"","ast-featured-img":"","footer-sml-layout":"","ast-disable-related-posts":"","theme-transparent-header-meta":"","adv-header-id-meta":"","stick-header-meta":"","header-above-stick-meta":"","header-main-stick-meta":"","header-below-stick-meta":"","astra-migrate-meta-layouts":"default","ast-page-background-enabled":"default","ast-page-background-meta":{"desktop":{"background-color":"var(--ast-global-color-4)","background-image":"","background-repeat":"repeat","background-position":"center center","background-size":"auto","background-attachment":"scroll","background-type":"","background-media":"","overlay-type":"","overlay-color":"","overlay-opacity":"","overlay-gradient":""},"tablet":{"background-color":"","background-image":"","background-repeat":"repeat","background-position":"center center","background-size":"auto","background-attachment":"scroll","background-type":"","background-media":"","overlay-type":"","overlay-color":"","overlay-opacity":"","overlay-gradient":""},"mobile":{"background-color":"","background-image":"","background-repeat":"repeat","background-position":"center center","background-size":"auto","background-attachment":"scroll","background-type":"","background-media":"","overlay-type":"","overlay-color":"","overlay-opacity":"","overlay-gradient":""}},"ast-content-background-meta":{"desktop":{"background-color":"var(--ast-global-color-5)","background-image":"","background-repeat":"repeat","background-position":"center center","background-size":"auto","background-attachment":"scroll","background-type":"","background-media":"","overlay-type":"","overlay-color":"","overlay-opacity":"","overlay-gradient":""},"tablet":{"background-color":"var(--ast-global-color-5)","background-image":"","background-repeat":"repeat","background-position":"center center","background-size":"auto","background-attachment":"scroll","background-type":"","background-media":"","overlay-type":"","overlay-color":"","overlay-opacity":"","overlay-gradient":""},"mobile":{"background-color":"var(--ast-global-color-5)","background-image":"","background-repeat":"repeat","background-position":"center center","background-size":"auto","background-attachment":"scroll","background-type":"","background-media":"","overlay-type":"","overlay-color":"","overlay-opacity":"","overlay-gradient":""}},"footnotes":""},"categories":[16],"tags":[],"class_list":["post-1304","post","type-post","status-publish","format-standard","hentry","category-archives-cms"],"_links":{"self":[{"href":"https:\/\/lavoiedessansvoix.fr\/lavoie\/wp-json\/wp\/v2\/posts\/1304","targetHints":{"allow":["GET"]}}],"collection":[{"href":"https:\/\/lavoiedessansvoix.fr\/lavoie\/wp-json\/wp\/v2\/posts"}],"about":[{"href":"https:\/\/lavoiedessansvoix.fr\/lavoie\/wp-json\/wp\/v2\/types\/post"}],"author":[{"embeddable":true,"href":"https:\/\/lavoiedessansvoix.fr\/lavoie\/wp-json\/wp\/v2\/users\/1"}],"replies":[{"embeddable":true,"href":"https:\/\/lavoiedessansvoix.fr\/lavoie\/wp-json\/wp\/v2\/comments?post=1304"}],"version-history":[{"count":0,"href":"https:\/\/lavoiedessansvoix.fr\/lavoie\/wp-json\/wp\/v2\/posts\/1304\/revisions"}],"wp:attachment":[{"href":"https:\/\/lavoiedessansvoix.fr\/lavoie\/wp-json\/wp\/v2\/media?parent=1304"}],"wp:term":[{"taxonomy":"category","embeddable":true,"href":"https:\/\/lavoiedessansvoix.fr\/lavoie\/wp-json\/wp\/v2\/categories?post=1304"},{"taxonomy":"post_tag","embeddable":true,"href":"https:\/\/lavoiedessansvoix.fr\/lavoie\/wp-json\/wp\/v2\/tags?post=1304"}],"curies":[{"name":"wp","href":"https:\/\/api.w.org\/{rel}","templated":true}]}}