{"id":130,"date":"2025-01-29T15:04:22","date_gmt":"2025-01-29T14:04:22","guid":{"rendered":"https:\/\/lavoiedessansvoix.fr\/lavoie\/?p=130"},"modified":"2026-04-26T14:19:03","modified_gmt":"2026-04-26T12:19:03","slug":"pour-le-respect-de-lhistoire","status":"publish","type":"post","link":"https:\/\/lavoiedessansvoix.fr\/lavoie\/2025\/01\/29\/pour-le-respect-de-lhistoire\/","title":{"rendered":"POUR LE RESPECT DE L&rsquo;HISTOIRE"},"content":{"rendered":"\n<figure class=\"wp-block-image aligncenter size-large is-resized\"><img decoding=\"async\" width=\"1024\" height=\"655\" src=\"https:\/\/lavoiedessansvoix.fr\/lavoie\/wp-content\/uploads\/2025\/01\/image-1024x655.webp\" alt=\"\" class=\"wp-image-142\" style=\"width:474px;height:auto\" srcset=\"https:\/\/lavoiedessansvoix.fr\/lavoie\/wp-content\/uploads\/2025\/01\/image-1024x655.webp 1024w, https:\/\/lavoiedessansvoix.fr\/lavoie\/wp-content\/uploads\/2025\/01\/image-300x192.webp 300w, https:\/\/lavoiedessansvoix.fr\/lavoie\/wp-content\/uploads\/2025\/01\/image-768x492.webp 768w, https:\/\/lavoiedessansvoix.fr\/lavoie\/wp-content\/uploads\/2025\/01\/image-1536x983.webp 1536w, https:\/\/lavoiedessansvoix.fr\/lavoie\/wp-content\/uploads\/2025\/01\/image.webp 1656w\" sizes=\"(max-width: 1024px) 100vw, 1024px\" \/><\/figure>\n\n\n\n<p>POUR LE RESPECT DE L\u2019HISTOIRE&nbsp;\u00bb<\/p>\n\n\n\n<p>Le Nazisme, n\u2019est en v\u00e9rit\u00e9 qu\u2019un avatar politique du capitalisme. C\u2019est un outil politique que le capitalisme peut r\u00e9utiliser dans le cas de menace imminente pour sa domination. Voil\u00e0 une r\u00e9alit\u00e9 bien g\u00eanante pour les tenants de l\u2019ordre mondial \u00ab&nbsp;D\u00e9mocratique\/lib\u00e9ral&nbsp;\u00bb ainsi qu\u2019il se titre lui-m\u00eame. Voil\u00e0 une v\u00e9rit\u00e9 historique qu\u2019il convient de cacher aux g\u00e9n\u00e9rations futures. Voil\u00e0 pourquoi les tenants actuels de l\u2019imp\u00e9rialisme \u00ab&nbsp;Anglo-am\u00e9ricain&nbsp;\u00bb occidental tiennent tant \u00e0 s\u2019attribuer les m\u00e9rites du \u00ab&nbsp;terrassement de la \u00ab&nbsp;B\u00eate&nbsp;\u00bb et son ic\u00f4ne symbolique, la lib\u00e9ration des camps d\u2019extermination nazis. Voil\u00e0 pourquoi ils souhaitent, cons\u00e9quemment effacer le r\u00f4le majeur jou\u00e9 dans ce combat par \u00ab&nbsp;l\u2019Union des R\u00e9publiques Socialistes Sovi\u00e9tiques&nbsp;\u00bb (URSS) dont la Russie \u00e9tait la pi\u00e8ce maitresse. Voil\u00e0 la raison majeure pour laquelle, depuis une ou deux d\u00e9cennies, ceux-ci ont entrepris une grande op\u00e9ration de r\u00e9vision de l\u2019Histoire. L\u2019ostracisme oppos\u00e9 ces derni\u00e8res ann\u00e9es \u00e0 la Russie lors des comm\u00e9morations du d\u00e9barquement de Normandie les 6 juin et de l\u2019anniversaire de la lib\u00e9ration du camp d\u2019extermination d\u2019Auschwitz-Birkenau&nbsp;\u00bb les 27 Janvier, s\u2019inscrivent dans le cadre de cette entreprise r\u00e9visionniste.<\/p>\n\n\n\n<p>Se laver de cette souillure historique, telle en est la raison premi\u00e8re et majeure, mais ce n\u2019est pas la seule, il y en a une seconde, concomitante.<\/p>\n\n\n\n<p>Le Nazisme fut d\u2019abord une machine de guerre contre \u00ab&nbsp;le communisme&nbsp;\u00bb et donc contre l\u2019Union Sovi\u00e9tique qui en \u00e9tait devenue la \u00ab&nbsp;place forte&nbsp;\u00bb mondiale. La quasi-totalit\u00e9 des imp\u00e9rialismes occidentaux et l\u2019Eglise de Rome elle-m\u00eame, furent complices, \u00e0 des titres divers du rebond \u00e9conomique, des succ\u00e8s du fascisme et du r\u00e9armement de l\u2019Allemagne. Ils avaient en quelque sorte d\u00e9volue \u00e0 celle-ci la tache de tordre le coup \u00e0 l\u2019Union Sovi\u00e9tique, de d\u00e9truire jusqu\u2019\u00e0 ses racines la r\u00e9volution Russe. Ils attendaient patiemment que Hitler soit venu \u00e0 bout de ce qui en ce temps \u00e9tait \u00e0 leurs yeux la seule v\u00e9ritable \u00ab&nbsp;Horreur absolue&nbsp;\u00bb, \u00ab&nbsp;la patrie du socialisme&nbsp;\u00bb qui malgr\u00e9 ses d\u00e9fauts \u00e9tait la preuve vivante que l\u2019ordre \u00e9conomique capitaliste n\u2019est pas indispensable. Qu\u2019une autre organisation sociale peut exister.<\/p>\n\n\n\n<p>Mais les choses n\u2019all\u00e8rent pas exactement selon leurs desseins. L\u2019Union Sovi\u00e9tique, dix-huit ans seulement apr\u00e8s les traumatismes de la premi\u00e8re guerre mondiale, de la r\u00e9volution et de la guerre civile, malgr\u00e9 les d\u00e9sordres et inimit\u00e9s internes entretenus par un r\u00e9gime politique autoritaire (\u2018collectivisation forc\u00e9e), sept ans seulement apr\u00e8s la grande famine qui frappa le sud de l\u2019URSS, faisait preuve d\u2019une capacit\u00e9 de r\u00e9sistance inattendu. Mieux, \u00ab&nbsp;Pire&nbsp;\u00bb au sens des imp\u00e9rialistes occidentaux, Aux prix de sacrifices colossaux certes, l\u2019arm\u00e9e Rouge \u00e9tait victorieuse \u00e0 Stalingrad, la plus grande bataille de l\u2019Histoire mondiale. La Wehrmacht d\u00e9stabilis\u00e9e \u00e9tait mieux que d\u00e9faite, elle y avait perdu la foi dans sa sup\u00e9riorit\u00e9. D\u00e8s-lors elle ne cessait de reculer \u00e0 travers toute l\u2019Europe.<\/p>\n\n\n\n<p>Les plans occidentaux devaient \u00eatre revus. A d\u00e9faut de tuer l\u2019Ours, ils devaient en faire un alli\u00e9. Leur propre sauvegarde en d\u00e9pendait d\u00e8s-lors. Imaginez, que fut devenu l\u2019ordre capitaliste si la victoire sur le nazisme avait \u00e9t\u00e9 le fait de la seule Union Sovi\u00e9tique, du seul communisme. Il fallait \u00ab&nbsp;partager&nbsp;\u00bb cette victoire. Attendez-nous, on arrive&nbsp;!<\/p>\n\n\n\n<p>Chacun connait la suite.<\/p>\n\n\n\n<p>Rendu dans la partie Ouest de l\u2019Allemagne, le g\u00e9n\u00e9ral Patton r\u00eavait de s\u2019allier avec l\u2019arm\u00e9e allemande pour poursuivre le combat jusqu\u2019\u00e0 Moscou. Les politiciens am\u00e9ricains le jugul\u00e8rent. Ils auraient bien voulu aussi mais le temps n\u2019en \u00e9tait pas venu, l\u2019Europe largement acquise alors \u00e0 l\u2019Union sovi\u00e9tique ne risquait-elle pas de basculer en masse dans \u00ab&nbsp;le communisme&nbsp;\u00bb. La guerre imp\u00e9rialiste contre le communisme n\u2019\u00e9tait pas finie pour autant. Elle allait seulement changer de forme, de moyens et de nom. On l\u2019appellerait \u00ab&nbsp;La guerre froide&nbsp;\u00bb.<\/p>\n\n\n\n<p>1989\/90, chute du mur de Berlin, effondrement de l\u2019Union Sovi\u00e9tique&nbsp;\u00bb, fin de la guerre froide, victorieuse pour l\u2019imp\u00e9rialisme occidental,&nbsp;; pour le capitalisme, persuad\u00e9 que cette victoire en elle-m\u00eame d\u00e9montre sa sup\u00e9riorit\u00e9 et l\u2019inviabilit\u00e9 du syst\u00e8me collectiviste.<\/p>\n\n\n\n<p>L\u2019\u00e9quilibre impos\u00e9 par l\u2019existence de l\u2019URSS, limitait les ardeurs guerri\u00e8res de l\u2019imp\u00e9rialisme. L\u2019affaire de l\u2019installation des fus\u00e9es \u00ab&nbsp;Pershing&nbsp;\u00bb en Allemagne de l\u2019Ouest (Premi\u00e8re moiti\u00e9 de la d\u00e9cennie 80) qui justifia une immense mobilisation de r\u00e9probation populaire dans le monde, en est une illustration ind\u00e9niable. Mais \u00e0 pr\u00e9sent, l\u2019URSS disparue, l\u2019imp\u00e9rialisme devait sans attendre en revenir \u00e0 ses fondamentaux&nbsp;: \u00ab&nbsp;<em>L\u2019imp\u00e9rialisme porte la guerre en lui comme la nu\u00e9e porte l\u2019orage&nbsp;\u00bb<\/em> (Jean-Jaur\u00e8s). 90, dissolution de l\u2019URSS, 91, premi\u00e8re guerre du Golfe (contre l\u2019Irak.).<\/p>\n\n\n\n<p>Le communisme sovi\u00e9tique (r\u00e9volution Russe) est n\u00e9 de l\u2019opposition du peuple \u00e0 la guerre. Le communisme peut revenir. L\u2019Union sovi\u00e9tique n\u2019est plus, l\u2019image du communisme est d\u00e9grad\u00e9e, mais l\u2019id\u00e9al communiste n\u2019est pas \u00e9radiqu\u00e9. De nombreuses graines ou rhizomes en subsistent. Il faut les \u00e9radiquer. Vite \u00ab&nbsp;rependons partout \u00ab&nbsp;l\u2019agent orange&nbsp;\u00bb de la propagande et de la r\u00e9vision historique.<\/p>\n\n\n\n<p>Dans sa lutte contre le nazisme, le communisme avait prouv\u00e9 qu\u2019entre celui-ci est lui-m\u00eame il n\u2019y avait aucune esp\u00e8ce de comparaison. Eh bien, il fallait d\u00e9montrer \u00e0 pr\u00e9sent le contraire, qu\u2019Hitl\u00e9risme et communisme \u00e9taient tous deux des \u00ab&nbsp;totalitarismes&nbsp;\u00bb donc de nature identique, et m\u00eame mieux, que le communisme auquel un certain livre noir attribue 50 millions de morts, \u00e9tait pire que le nazisme. D\u2019o\u00f9, plus question de l\u2019associer \u00e0 la m\u00e9moire de la lutte contre ce dernier. Du point de vue de l\u2019imp\u00e9rialisme occidental la lutte contre le communisme \u00e9tait tout aussi justifi\u00e9 que la lutte contre son cousin le nazisme. Mais d\u00e8s-lors, il faut bien en convenir, si le communisme est un monstre pire que l\u2019Hitl\u00e9risme, alors l\u2019Hitl\u00e9risme qui avait fait son cr\u00e9do de la lutte contre celui-ci, n\u2019\u00e9tait peut-\u00eatre pas si mauvais que \u00e7a.<\/p>\n\n\n\n<p>Mais alors, si on ne fait plus grief \u00e0 l\u2019Hitl\u00e9risme de sa lutte contre l\u2019URSS, si m\u00eame on justifie cela, pourquoi donc que l\u2019on \u00e9tait contre celui-ci&nbsp;? Pourquoi lui a -t-on fait la guerre, pourquoi comme Patton le voulait ne l\u2019a-t-on pas enr\u00f4l\u00e9 pour aller br\u00fbler Moscou et pendre Staline. Une seule raison subsiste qui pourrait justifier cela&nbsp;: \u00ab&nbsp;LA SHOAH&nbsp;\u00bb. Donc si les USA sont entr\u00e9s en guerre tardivement contre l\u2019Allemagne nazies c\u2019est pour \u00ab&nbsp;sauver les juifs&nbsp;\u00bb. D\u00e8s lors elle ne peut souffrir que la Russie, m\u00eame au nom de la v\u00e9rit\u00e9 historique exigee la reconnaissance de son r\u00f4le dans la lib\u00e9ration des camps.<\/p>\n\n\n\n<p>Nous assistons de notre vivant, \u00e0 une vaste entreprise honteuse de r\u00e9vision de l\u2019Histoire. Cela est aussi \u00ab&nbsp;un crime contre l\u2019Humanit\u00e9. Car il est impossible d\u2019en extraire les bons enseignements si les faits essentiels sont galvaud\u00e9s.<\/p>\n\n\n\n<p>C\u2019est pourquoi j\u2019ai publi\u00e9 aujourd\u2019hui m\u00eame, dans les colonnes de \u00ab&nbsp;lavoiedessansvoix.fr&nbsp;\u00bb un extrait du discours de VA Nebenzya, repr\u00e9sentant permanent de la Russie \u00e0 l\u2019ONU. Lors de l\u2019Assembl\u00e9e g\u00e9n\u00e9rale des nations Unies \u00e0 l\u2019occasion de la journ\u00e9e internationale de comm\u00e9moration de l\u2019Holocauste (27 janvier 2025.)<\/p>\n\n\n\n<p>Patrick Seignon. Mercredi 28 janvier 2025. \u00ab&nbsp;lavoiedessansvoix.fr&nbsp;\u00bb<\/p>\n","protected":false},"excerpt":{"rendered":"<p>POUR LE RESPECT DE L\u2019HISTOIRE&nbsp;\u00bb Le Nazisme, n\u2019est en v\u00e9rit\u00e9 qu\u2019un avatar politique du capitalisme. C\u2019est un outil politique que [&hellip;]<\/p>\n","protected":false},"author":1,"featured_media":345,"comment_status":"open","ping_status":"open","sticky":false,"template":"","format":"standard","meta":{"sfsi_plus_gutenberg_text_before_share":"","sfsi_plus_gutenberg_show_text_before_share":"","sfsi_plus_gutenberg_icon_type":"","sfsi_plus_gutenberg_icon_alignemt":"","sfsi_plus_gutenburg_max_per_row":"","site-sidebar-layout":"default","site-content-layout":"","ast-site-content-layout":"default","site-content-style":"default","site-sidebar-style":"default","ast-global-header-display":"","ast-banner-title-visibility":"","ast-main-header-display":"","ast-hfb-above-header-display":"","ast-hfb-below-header-display":"","ast-hfb-mobile-header-display":"","site-post-title":"","ast-breadcrumbs-content":"","ast-featured-img":"","footer-sml-layout":"","ast-disable-related-posts":"","theme-transparent-header-meta":"","adv-header-id-meta":"","stick-header-meta":"","header-above-stick-meta":"","header-main-stick-meta":"","header-below-stick-meta":"","astra-migrate-meta-layouts":"default","ast-page-background-enabled":"default","ast-page-background-meta":{"desktop":{"background-color":"var(--ast-global-color-4)","background-image":"","background-repeat":"repeat","background-position":"center center","background-size":"auto","background-attachment":"scroll","background-type":"","background-media":"","overlay-type":"","overlay-color":"","overlay-opacity":"","overlay-gradient":""},"tablet":{"background-color":"","background-image":"","background-repeat":"repeat","background-position":"center center","background-size":"auto","background-attachment":"scroll","background-type":"","background-media":"","overlay-type":"","overlay-color":"","overlay-opacity":"","overlay-gradient":""},"mobile":{"background-color":"","background-image":"","background-repeat":"repeat","background-position":"center center","background-size":"auto","background-attachment":"scroll","background-type":"","background-media":"","overlay-type":"","overlay-color":"","overlay-opacity":"","overlay-gradient":""}},"ast-content-background-meta":{"desktop":{"background-color":"var(--ast-global-color-5)","background-image":"","background-repeat":"repeat","background-position":"center center","background-size":"auto","background-attachment":"scroll","background-type":"","background-media":"","overlay-type":"","overlay-color":"","overlay-opacity":"","overlay-gradient":""},"tablet":{"background-color":"var(--ast-global-color-5)","background-image":"","background-repeat":"repeat","background-position":"center center","background-size":"auto","background-attachment":"scroll","background-type":"","background-media":"","overlay-type":"","overlay-color":"","overlay-opacity":"","overlay-gradient":""},"mobile":{"background-color":"var(--ast-global-color-5)","background-image":"","background-repeat":"repeat","background-position":"center center","background-size":"auto","background-attachment":"scroll","background-type":"","background-media":"","overlay-type":"","overlay-color":"","overlay-opacity":"","overlay-gradient":""}},"footnotes":""},"categories":[1],"tags":[],"class_list":["post-130","post","type-post","status-publish","format-standard","has-post-thumbnail","hentry","category-analyse-politique"],"_links":{"self":[{"href":"https:\/\/lavoiedessansvoix.fr\/lavoie\/wp-json\/wp\/v2\/posts\/130","targetHints":{"allow":["GET"]}}],"collection":[{"href":"https:\/\/lavoiedessansvoix.fr\/lavoie\/wp-json\/wp\/v2\/posts"}],"about":[{"href":"https:\/\/lavoiedessansvoix.fr\/lavoie\/wp-json\/wp\/v2\/types\/post"}],"author":[{"embeddable":true,"href":"https:\/\/lavoiedessansvoix.fr\/lavoie\/wp-json\/wp\/v2\/users\/1"}],"replies":[{"embeddable":true,"href":"https:\/\/lavoiedessansvoix.fr\/lavoie\/wp-json\/wp\/v2\/comments?post=130"}],"version-history":[{"count":2,"href":"https:\/\/lavoiedessansvoix.fr\/lavoie\/wp-json\/wp\/v2\/posts\/130\/revisions"}],"predecessor-version":[{"id":143,"href":"https:\/\/lavoiedessansvoix.fr\/lavoie\/wp-json\/wp\/v2\/posts\/130\/revisions\/143"}],"wp:featuredmedia":[{"embeddable":true,"href":"https:\/\/lavoiedessansvoix.fr\/lavoie\/wp-json\/wp\/v2\/media\/345"}],"wp:attachment":[{"href":"https:\/\/lavoiedessansvoix.fr\/lavoie\/wp-json\/wp\/v2\/media?parent=130"}],"wp:term":[{"taxonomy":"category","embeddable":true,"href":"https:\/\/lavoiedessansvoix.fr\/lavoie\/wp-json\/wp\/v2\/categories?post=130"},{"taxonomy":"post_tag","embeddable":true,"href":"https:\/\/lavoiedessansvoix.fr\/lavoie\/wp-json\/wp\/v2\/tags?post=130"}],"curies":[{"name":"wp","href":"https:\/\/api.w.org\/{rel}","templated":true}]}}