{"id":1298,"date":"2014-03-13T09:16:00","date_gmt":"2014-03-13T08:16:00","guid":{"rendered":"https:\/\/lavoiedessansvoix.fr\/lavoie\/2014\/03\/13\/archive-de-henin-beaumont-a-kiev-un-paradoxe-francais\/"},"modified":"2014-03-13T09:16:00","modified_gmt":"2014-03-13T08:16:00","slug":"archive-de-henin-beaumont-a-kiev-un-paradoxe-francais","status":"publish","type":"post","link":"https:\/\/lavoiedessansvoix.fr\/lavoie\/2014\/03\/13\/archive-de-henin-beaumont-a-kiev-un-paradoxe-francais\/","title":{"rendered":".DE HENIN BEAUMONT A KIEV  UN PARADOXE FRAN\u00c7AIS."},"content":{"rendered":"<p>DE H\u00c9NIN-BEAUMONT A KIEVUN PARADOXE FRAN\u00c7AIS.  C\u2019\u00e9tait mardi soir, au journal de 20 heures de \u00ab France 2 \u00bb, pour r\u00e9pondre \u00e0 la Russie qui d\u00e9non\u00e7ait le r\u00f4le jou\u00e9 par les fascistes ukrainiens dans le coup de force, et leur participation au gouvernement provisoire des insurg\u00e9s de la place Ma\u00efdan, un reportage \u00ab en live \u00bb \u00e0 Kiev \u00e9tait propos\u00e9 aux t\u00e9l\u00e9spectateurs que nous sommes. Eh oui, c\u2019\u00e9tait bien vrai, comme \u00ab la voie des sans voix \u00bb l\u2019avait \u00e9crit d\u00e8s le 30 janvier dans l\u2019article intitul\u00e9 \u00ab La bande \u00e0 Bandera \u00bb le parti Svoboda, h\u00e9ritier revendiqu\u00e9 de Bandera \u00bb \u00e9tait bien aux avants postes de l\u2019action militaire contre le gouvernement l\u00e9gal de l\u2019Ukraine. L\u2019\u00e9vidence ne pouvant \u00eatre ni\u00e9e, il faut la domestiquer.  Des militants de ce parti fasciste sont interview\u00e9s. \u00ab Les autres avaient peur, nous avons pris les choses en main,  sans nous il n\u2019y aurait pas eu de victoire \u00bb disent-ils \u00e0 peu pr\u00e8s. Et le reporter de la 2 de faire ce commentaire certes judicieux mais fort surprenant chez nos donneurs de le\u00e7ons de d\u00e9mocratie, que le parti d\u2019extr\u00eame droite ne r\u00e9clamait en quelque sorte que le b\u00e9n\u00e9fice de sa victoire. 4 ministres du parti fasciste ukrainien occupent en effet des postes cl\u00e9s dans le gouvernement provisoire putschistes. Et David Pujadas de conclure sur la tonalit\u00e9 du d\u00e9fi, comme s\u2019il s\u2019en r\u00e9jouissait lui-m\u00eame : \u00ab et il va bien falloir compter avec eux \u00bb. Pas la moindre pr\u00e9venance, pas la moindre r\u00e9serve du c\u00f4t\u00e9 des  autorit\u00e9s de l\u2019Europe lib\u00e9rale et de tous les pays membres ni des USA. Voil\u00e0 Hollande, Kerry, Ashton, Sikorski devenus copains comme cochons avec Alexander Sytch vice-premier ministre, Andrei Parubiy pr\u00e9sidence du Conseil de s\u00e9curit\u00e9 nationale, Oleg Makhnitsky Bureau du Procureur g\u00e9n\u00e9ral, Olexandr Myrni ministre de l&rsquo;Agriculture, Andrei Mokhnyk ministre de l&rsquo;\u00e9cologie, et m\u00eame aux Sports Dimitri Bulatov. Tous membres du parti Svoboda et autres formations n\u00e9o-nazis.  Dans le m\u00eame article d\u00e9j\u00e0 cit\u00e9 nous avions fait un parall\u00e8le avec la situation d\u2019y il y a quelques ann\u00e9es en Autriche \u00ab O\u00f9 est-il le temps, de l\u2019indignation et des cris d\u2019orfraie \u00ab des d\u00e9mocrates d\u2019Europe \u00bb quand J\u00f6rg Haider fut en position de faire son entr\u00e9e au gouvernement Autrichien ? \u00bb, interrogions-nous.   Moscou a parl\u00e9 dans sa d\u00e9nonciation des ant\u00e9c\u00e9dents antis\u00e9mites des \u00ab nationalistes Ukrainien \u00bb et de leur collaboration sans \u00e9tats d\u2019\u00e2me avec le r\u00e9gime hitl\u00e9rien. Nos journalistes de \u00ab France 2 \u00bb, d\u00e9daigneux, afin de  rejeter l\u2019argument d\u2019un revers de main, interrogent des repr\u00e9sentants de la communaut\u00e9 Juive de Kiev qui nous disent qu\u2019ils ont pris des assurances aupr\u00e8s des nouvelles autorit\u00e9s, et qu\u2019elles ne sont pas antis\u00e9mites, qu\u2019il n\u2019y a aucun danger.Ventre bleu, mais  c\u2019est bien s\u00fbr, Isra\u00ebl n-a-t-il pas, en parfaite harmonie avec l\u2019action  des europ\u00e9ens et am\u00e9ricains, apport\u00e9 sa propre contribution au putsch ?  Et Bernard Henri L\u00e9vy \u00ab le sanglant \u00bb, ambassadeurs pl\u00e9nipotentiaire de  l\u2019AIPAC, qui apparut sur les barricades de Kiev, bien entendu pas quand  sifflaient les balles mais un peu avant quand les orateurs persiflaient  leurs discours venimeux, n-a-t-il pas dit, \u00ab que le parti Svoboda \u00e9tait moins fasciste que le Front National \u00bb.  L\u2019horrible personnage, n-a-t-il pas lui-m\u00eame con\u00e7ue et \u00e9labor\u00e9 cet  argumentaire sp\u00e9cieux. Voil\u00e0 donc le Fascisme r\u00e9put\u00e9 fr\u00e9quentable d\u00e8s  lors qu\u2019il prendrait l\u2019engagement de ne pas attenter \u00e0 l\u2019int\u00e9grit\u00e9 des  juifs.   Or, la question pos\u00e9 par la Russie n\u2019\u00e9tait pas celle-l\u00e0, il ne s\u2019agissait pas de juger des fasciste ukrainien, \u00e0 l\u2019aune de leurs engagements tactiques du moment, mais \u00e0 celle de leur culture, de leurs r\u00e9f\u00e9rences, de leurs traditions et de leur histoire. Alors diront certains, c\u2019est du pass\u00e9, c\u2019est aboli,  Lorsqu\u2019au lendemain de la r\u00e9volution orange, l\u2019une des premi\u00e8res mesures prises par le Pr\u00e9sident Viktor Ioutchenko consiste \u00e0 \u00e9lever St\u00e9pan Bandera \u00e0 la dignit\u00e9 de \u00ab h\u00e9ros de l\u2019Ukraine \u00bb, c\u2019est le pass\u00e9 qui ressurgit dans le pr\u00e9sent, c\u2019est le pr\u00e9sent qui dit son arrimage au pass\u00e9. Svoboda, les fascistes ukrainiens ne sont pas les lointains h\u00e9ritiers repentis de la tradition hideuse  du nationalisme ukrainien, ils en sont les h\u00e9ritiers revendiqu\u00e9s et nostalgiques.   Entendant une telle indignit\u00e9, quel cri de douleur aurait \u00e9mis Simon Wiesenthal qui fut t\u00e9moin des exactions des nationalistes Ukrainiens, alli\u00e9s d\u2019Hitler ? Que pense Serge Klarsfeld d\u2019un tel positionnement en totale contradiction avec ce qui fut tout le combat de sa vie ? Que disent de cette compromission honteuse, nos organisations juives de France, si empress\u00e9es \u00e0 faire la chasse \u00e0 l\u2019humoriste Dieudonn\u00e9 et \u00e0 voir des saluts fascistes \u00e0 l\u2019envers dans des quenelles \u00e0 l\u2019endroit, que disent-elles de cette alliance circonstancielle de \u00ab l\u2019Europe d\u00e9mocratique \u00bb (?) avec ce mouvement, h\u00e9ritier en filiation directe des assassins de leurs parents et de tant d\u2019autres ? Autre paradoxe, elles ne disent rien ! Elles se taisent, seraient-elles complices ? Se d\u00e9cideront-elles enfin \u00e0 faire entendre l\u2019indignation qui devrait les soulever ?  Un ministre d\u2019extr\u00eame droite acc\u00e9dant au gouvernement en Autriche, par la vertu des \u00e9lections, en 1999 s\u2019\u00e9tait, parait-il, une horreur que l\u2019Europe ne pouvait tol\u00e9rer, mais 4 ministres fascistes pleinement assum\u00e9s dans un gouvernement ukrainien issu d&rsquo;un coup d\u2019\u00c9tat, en 2014, c&rsquo;est une \u00ab\u00a0r\u00e9alit\u00e9 d\u00e9mocratique\u00a0\u00bb que les occidentaux s&#8217;empressent de reconnaitre. \u00ab Pas grave, les juifs de Kiev ne courent aucun danger \u00bb. \u00c9lection Municipales en France \u00ab\u00a0HORROR\u00a0\u00bb  le FN pourrait bien remporter les \u00e9lections \u00e0 Henin-Beaumont. C\u2019est un  scandale. Il faut faire barrage au FN. 4 ministres fascistes d\u2019un parti  qui se r\u00e9clame en ligne directe de l\u2019h\u00e9ritage de Bandera, de la division  \u00ab Galicia \u00bb ukrainiennes des Waffen SS, qui a jou\u00e9 un r\u00f4le av\u00e9r\u00e9 dans \u00ab  la Shoa par balle \u00bb en Ukraine, \u00ab No problem \u00bb.Voil\u00e0 donc o\u00f9 s\u2019arr\u00eate la pr\u00e9tendue moralit\u00e9 politique de ces gens.  Ne craignez-vous pas messieurs Hollande, Valls, \u00ab BHL \u00bb et consort, que votre message soit, illisible ?   Jeudi 13 mars 2014.<\/p>\n","protected":false},"excerpt":{"rendered":"<p>DE H\u00c9NIN-BEAUMONT A KIEVUN PARADOXE FRAN\u00c7AIS. C\u2019\u00e9tait mardi soir, au journal de 20 heures de \u00ab France 2 \u00bb, pour [&hellip;]<\/p>\n","protected":false},"author":1,"featured_media":0,"comment_status":"open","ping_status":"open","sticky":false,"template":"","format":"standard","meta":{"sfsi_plus_gutenberg_text_before_share":"","sfsi_plus_gutenberg_show_text_before_share":"","sfsi_plus_gutenberg_icon_type":"","sfsi_plus_gutenberg_icon_alignemt":"","sfsi_plus_gutenburg_max_per_row":"","site-sidebar-layout":"default","site-content-layout":"","ast-site-content-layout":"default","site-content-style":"default","site-sidebar-style":"default","ast-global-header-display":"","ast-banner-title-visibility":"","ast-main-header-display":"","ast-hfb-above-header-display":"","ast-hfb-below-header-display":"","ast-hfb-mobile-header-display":"","site-post-title":"","ast-breadcrumbs-content":"","ast-featured-img":"","footer-sml-layout":"","ast-disable-related-posts":"","theme-transparent-header-meta":"","adv-header-id-meta":"","stick-header-meta":"","header-above-stick-meta":"","header-main-stick-meta":"","header-below-stick-meta":"","astra-migrate-meta-layouts":"default","ast-page-background-enabled":"default","ast-page-background-meta":{"desktop":{"background-color":"var(--ast-global-color-4)","background-image":"","background-repeat":"repeat","background-position":"center center","background-size":"auto","background-attachment":"scroll","background-type":"","background-media":"","overlay-type":"","overlay-color":"","overlay-opacity":"","overlay-gradient":""},"tablet":{"background-color":"","background-image":"","background-repeat":"repeat","background-position":"center center","background-size":"auto","background-attachment":"scroll","background-type":"","background-media":"","overlay-type":"","overlay-color":"","overlay-opacity":"","overlay-gradient":""},"mobile":{"background-color":"","background-image":"","background-repeat":"repeat","background-position":"center center","background-size":"auto","background-attachment":"scroll","background-type":"","background-media":"","overlay-type":"","overlay-color":"","overlay-opacity":"","overlay-gradient":""}},"ast-content-background-meta":{"desktop":{"background-color":"var(--ast-global-color-5)","background-image":"","background-repeat":"repeat","background-position":"center center","background-size":"auto","background-attachment":"scroll","background-type":"","background-media":"","overlay-type":"","overlay-color":"","overlay-opacity":"","overlay-gradient":""},"tablet":{"background-color":"var(--ast-global-color-5)","background-image":"","background-repeat":"repeat","background-position":"center center","background-size":"auto","background-attachment":"scroll","background-type":"","background-media":"","overlay-type":"","overlay-color":"","overlay-opacity":"","overlay-gradient":""},"mobile":{"background-color":"var(--ast-global-color-5)","background-image":"","background-repeat":"repeat","background-position":"center center","background-size":"auto","background-attachment":"scroll","background-type":"","background-media":"","overlay-type":"","overlay-color":"","overlay-opacity":"","overlay-gradient":""}},"footnotes":""},"categories":[16],"tags":[],"class_list":["post-1298","post","type-post","status-publish","format-standard","hentry","category-archives-cms"],"_links":{"self":[{"href":"https:\/\/lavoiedessansvoix.fr\/lavoie\/wp-json\/wp\/v2\/posts\/1298","targetHints":{"allow":["GET"]}}],"collection":[{"href":"https:\/\/lavoiedessansvoix.fr\/lavoie\/wp-json\/wp\/v2\/posts"}],"about":[{"href":"https:\/\/lavoiedessansvoix.fr\/lavoie\/wp-json\/wp\/v2\/types\/post"}],"author":[{"embeddable":true,"href":"https:\/\/lavoiedessansvoix.fr\/lavoie\/wp-json\/wp\/v2\/users\/1"}],"replies":[{"embeddable":true,"href":"https:\/\/lavoiedessansvoix.fr\/lavoie\/wp-json\/wp\/v2\/comments?post=1298"}],"version-history":[{"count":0,"href":"https:\/\/lavoiedessansvoix.fr\/lavoie\/wp-json\/wp\/v2\/posts\/1298\/revisions"}],"wp:attachment":[{"href":"https:\/\/lavoiedessansvoix.fr\/lavoie\/wp-json\/wp\/v2\/media?parent=1298"}],"wp:term":[{"taxonomy":"category","embeddable":true,"href":"https:\/\/lavoiedessansvoix.fr\/lavoie\/wp-json\/wp\/v2\/categories?post=1298"},{"taxonomy":"post_tag","embeddable":true,"href":"https:\/\/lavoiedessansvoix.fr\/lavoie\/wp-json\/wp\/v2\/tags?post=1298"}],"curies":[{"name":"wp","href":"https:\/\/api.w.org\/{rel}","templated":true}]}}