{"id":1295,"date":"2014-03-20T17:01:00","date_gmt":"2014-03-20T16:01:00","guid":{"rendered":"https:\/\/lavoiedessansvoix.fr\/lavoie\/2014\/03\/20\/archive-election-municipales-sanction-il-faut-renverser-la-table\/"},"modified":"2014-03-20T17:01:00","modified_gmt":"2014-03-20T16:01:00","slug":"archive-election-municipales-sanction-il-faut-renverser-la-table","status":"publish","type":"post","link":"https:\/\/lavoiedessansvoix.fr\/lavoie\/2014\/03\/20\/archive-election-municipales-sanction-il-faut-renverser-la-table\/","title":{"rendered":"\u00c9LECTION MUNICIPALES  SANCTION !  IL FAUT RENVERSER LA TABLE"},"content":{"rendered":"<p>\u00c9LECTION MUNICIPALESSANCTION !IL FAUT RENVERSER LA TABLE  Dans 3 jours, le premier tour des \u00e9lections municipales. Les fran\u00e7ais travailleurs : ouvriers, salari\u00e9s, paysans, ch\u00f4meurs, auxquels le pouvoir politique porte chaque jour de nouveaux mauvais coups, doivent sanctionner, clairement et sans appel celui-ci.  Alors, je sais bien, on va nous r\u00e9torquer qu\u2019il s\u2019agit l\u00e0 d\u2019\u00e9lections municipales, d\u2019\u00e9lire les gestionnaires  des collectivit\u00e9s locales. Que ces \u00e9lections ne sont pas et ne doivent pas \u00eatre politiques. Mais les \u00e9lecteurs fran\u00e7ais le savent bien, au soir du premier tour, c\u2019est bien l\u2019interpr\u00e9tation que feront tous les commentateurs. Les uns diront que l\u2019\u00e9lectorat a sanctionn\u00e9 et d\u2019autres essaieront de d\u00e9fendre que la sanction n\u2019a pas eu lieu, qu\u2019elle est minime ou relative. Alors oui, il faut sanctionner clairement, c\u2019est-\u00e0-dire massivement, afin que tous ces h\u00e2bleurs s\u2019emm\u00ealent les crayons dans leurs sophismes.   Les collectivit\u00e9s locales et territoriales sont les fondements de leur assise par lesquels ils tiennent leur v\u00e9ritable l\u00e9gitimit\u00e9 populaire et leur capacit\u00e9 d\u2019entrainement de la nation. C\u2019est en quoi, et quoiqu\u2019ils en puissent dire, ces \u00e9lections bien que locales, sont infiniment politiques et justifient qu\u2019on les utilise pour sanctionner le pouvoir central. Les griefs sont nombreux et immenses.  Emplois : Ils poursuivent all\u00e8grement la politique de d\u00e9sindustrialisation de la France, de d\u00e9localisations. Et ce n\u2019est pas le \u00ab Minist\u00e8re du red\u00e9ploiement industriel \u00bb et \u00ab l\u2019acteur \u00bb Montebourg, qui peuvent masquer cette r\u00e9alit\u00e9, m\u00eame si tel est le r\u00f4le qui leur est d\u00e9volu.   Lutte contre le ch\u00f4mage : A d\u00e9faut de v\u00e9ritable d\u00e9fense du tissu \u00e9conomique, et de v\u00e9ritables cr\u00e9ations d\u2019emplois, elle se limite \u00e0 tenter de masquer la mis\u00e8re avec \u00ab les emplois d\u2019avenir \u00bb et l\u2019explosion des \u00ab petits boulots et emplois pr\u00e9caires.   Par contre ils ne cessent de prendre des mesures pour culpabiliser les ch\u00f4meurs. Si ceux-ci ne trouvent pas d\u2019emplois, ils ne disent jamais que c\u2019est parce qu\u2019il en manque. Au contraire, ils insistent lourdement sur les offres d\u2019emplois non pourvues qui serait la preuve d\u2019une certaine mauvaise volont\u00e9 des demandeurs. Ou alors, ceux-ci sont insuffisamment ou mal form\u00e9s, manquent d\u2019exp\u00e9riences, refusent de changer de m\u00e9tier, ou de se d\u00e9placer vers les bassins d\u2019emplois, etc. Alors ils les punissent, prennent des mesures \u00e0 caract\u00e8re vexatoires et coercitif pour les obliger \u00e0 s\u2019adapter, \u00e0 passer \u00e0 la moulinette, \u00e0 accepter des emplois de plus en plus mal r\u00e9tribu\u00e9s pour \u00e9viter d\u2019\u00eatre radi\u00e9s des listes de \u00ab p\u00f4le emploi.  Pression fiscale : Elle touche tout le monde, m\u00eame ceux qui sont exon\u00e9r\u00e9s d\u2019imp\u00f4ts directs, par le biais de la TVA, de la CSG et de diverses taxes sociales ou \u00ab \u00e9cologiques \u00bb. En v\u00e9rit\u00e9 elle est la cons\u00e9quence de la dette publique, c\u2019est-\u00e0-dire des int\u00e9r\u00eats que sert l\u2019\u00e9tat \u00e0 des cr\u00e9anciers priv\u00e9s, qui vivent et s\u2019engraissent de cette manne. Un racket sur le peuple au profit de la finance.  Comp\u00e9titivit\u00e9 : Sous ce vocable se cache en v\u00e9rit\u00e9, la pire des politiques anti populaire que gouvernement fran\u00e7ais n\u2019est men\u00e9 depuis la fin de la deuxi\u00e8me guerre mondiale. Comp\u00e9titivit\u00e9 cela veut dire baisse drastique des salaires et des charges sociales qui sont du salaire diff\u00e9r\u00e9. M\u00eame si pour l\u2019opinion ils tentent d\u2019en att\u00e9nuer le sens en pr\u00e9textant que la baisse des salaires n\u2019est pas le seul moyen d\u2019accroitre la comp\u00e9titivit\u00e9. La baisse des salaires et des charges, c\u2019est-\u00e0-dire l\u2019appauvrissement des couches laborieuses du pays est leur ultime but. Il ne se passe gu\u00e8re de jour sans qu\u2019un nouveau train de mesures n\u2019en apporte la preuve.  D\u00e9gradation de la couverture sociale : cons\u00e9quence directe de la baisse des charges sociales et des divers cadeaux que le gouvernement octroi aux patrons en puisant directement dans la caisse de la s\u00e9cu, c\u2019est-\u00e0-dire dans les poches des fran\u00e7ais les plus d\u00e9munis.  Attaques contre le droit du travail et le repos dominical, etc.  International : Les sujets de m\u00e9contentement sont trop nombreux, nous ne pouvons les \u00e9voquer tous. Mais parmi ceux-ci il nous faut tout de m\u00eame signaler la politique internationale qui est celle de notre pays. Avec Sarkozy, et Hollande n\u2019a fait que confirmer ce cours, la France c\u2019est totalement align\u00e9e sur la politique internationale des USA, imp\u00e9rialiste agressive, qui nous pr\u00e9cipites chaque jour un peu plus vers un conflit mondial majeur. Si les USA sont le gendarme du monde, la France en est devenue son chien policier.  Alors oui ce gouvernement doit \u00eatre sanctionn\u00e9. Il faut refuser nos voix aux listes o\u00f9 figurent des candidats du parti au pouvoir. Ce que l\u2019on est en droit de reprocher \u00e0 ce gouvernement qui se dit de gauche, c\u2019est de faire en v\u00e9rit\u00e9 exactement la m\u00eame politique \u00e9conomique et sociale que la droite. Alors, si nous refusons de donner nos voix \u00e0 \u00ab cette gauche-l\u00e0 \u00bb, ce n\u2019est certainement pas pour les donner \u00e0 la droite. La sanction contre la gauche ne doit pouvoir en aucune mani\u00e8re \u00eatre interpr\u00e9t\u00e9e comme une victoire ou le simple retour en gr\u00e2ce de la droite. Donc, pas de voix pour les candidats PS, mais pas de voix non plus pour les candidats UMP.  J\u2019entends d\u00e9j\u00e0 les r\u00e9probations et impr\u00e9cations de militants aveugles, pr\u00eats \u00e0 affirmer qu\u2019un coup de pied au cul de gauche est pr\u00e9f\u00e9rable \u00e0 un coup de pied au cul de droite. \u00ab UMPS \u00bb, \u00ab Rouge\/brun \u00bb diront-ils encore, cette position c\u2019est la politique du pire qui revient \u00e0 d\u00e9rouler le tapis rouge sous les pas de Marine La Pen.   Petit un : Excusez-moi camarades, mais passant sous un cerisier, c\u00f4te \u00e0 c\u00f4te, avec Marine La Pen, (bien que je ne me soi jamais promen\u00e9 dans un verger avec cette fille, et qu\u2019il est tout \u00e0 fait improbable que cela n\u2019arrive jamais), quand elle s\u2019exclamerait : \u00ab ah les belles cerises ! \u00bb, je n\u2019affirmerai pas, parce que c\u2019est elle qui l\u2019a dit que ce sont en v\u00e9rit\u00e9 de vilaines prunes.Petit deux : L\u2019alternance est un syst\u00e8me bloqu\u00e9, une sorte de cage \u00e0 \u00e9cureuil o\u00f9 l\u2019\u00e9lecteur est prisonnier et contraint de faire tourner toujours la m\u00eame machine. Il n\u2019y a nul recours en l\u2019\u00e9tat actuel des choses, vu que les oppositions potentielles refusent de rompre carr\u00e9ment et d\u00e9finitivement avec cette machine infernale. Alors oui, il faut casser la machine, \u00e9clater le pi\u00e8ge, renverser la table. C\u2019est le seul moyen d\u2019en sortir et de rebattre les cartes du jeu politique.  Ni droite, ni gauche !  &#8211; Vous ne voulez pas que ce soit le FN qui tire des marrons du feu ?- Moi non plus. &#8211; Alors tirez les vous-m\u00eames, \u00e9rigez-vous \u00bb en v\u00e9ritable opposition de gauche, en alternative \u00e0 ce syst\u00e8me politique, en pr\u00e9tendants au pouvoir, je vous rejoindrez illico. Des milliers d\u2019autres militants en sommeil en feront tout autant.  Jeudi 20 mars 2014.<\/p>\n","protected":false},"excerpt":{"rendered":"<p>\u00c9LECTION MUNICIPALESSANCTION !IL FAUT RENVERSER LA TABLE Dans 3 jours, le premier tour des \u00e9lections municipales. Les fran\u00e7ais travailleurs : [&hellip;]<\/p>\n","protected":false},"author":1,"featured_media":0,"comment_status":"open","ping_status":"open","sticky":false,"template":"","format":"standard","meta":{"sfsi_plus_gutenberg_text_before_share":"","sfsi_plus_gutenberg_show_text_before_share":"","sfsi_plus_gutenberg_icon_type":"","sfsi_plus_gutenberg_icon_alignemt":"","sfsi_plus_gutenburg_max_per_row":"","site-sidebar-layout":"default","site-content-layout":"","ast-site-content-layout":"default","site-content-style":"default","site-sidebar-style":"default","ast-global-header-display":"","ast-banner-title-visibility":"","ast-main-header-display":"","ast-hfb-above-header-display":"","ast-hfb-below-header-display":"","ast-hfb-mobile-header-display":"","site-post-title":"","ast-breadcrumbs-content":"","ast-featured-img":"","footer-sml-layout":"","ast-disable-related-posts":"","theme-transparent-header-meta":"","adv-header-id-meta":"","stick-header-meta":"","header-above-stick-meta":"","header-main-stick-meta":"","header-below-stick-meta":"","astra-migrate-meta-layouts":"default","ast-page-background-enabled":"default","ast-page-background-meta":{"desktop":{"background-color":"var(--ast-global-color-4)","background-image":"","background-repeat":"repeat","background-position":"center center","background-size":"auto","background-attachment":"scroll","background-type":"","background-media":"","overlay-type":"","overlay-color":"","overlay-opacity":"","overlay-gradient":""},"tablet":{"background-color":"","background-image":"","background-repeat":"repeat","background-position":"center center","background-size":"auto","background-attachment":"scroll","background-type":"","background-media":"","overlay-type":"","overlay-color":"","overlay-opacity":"","overlay-gradient":""},"mobile":{"background-color":"","background-image":"","background-repeat":"repeat","background-position":"center center","background-size":"auto","background-attachment":"scroll","background-type":"","background-media":"","overlay-type":"","overlay-color":"","overlay-opacity":"","overlay-gradient":""}},"ast-content-background-meta":{"desktop":{"background-color":"var(--ast-global-color-5)","background-image":"","background-repeat":"repeat","background-position":"center center","background-size":"auto","background-attachment":"scroll","background-type":"","background-media":"","overlay-type":"","overlay-color":"","overlay-opacity":"","overlay-gradient":""},"tablet":{"background-color":"var(--ast-global-color-5)","background-image":"","background-repeat":"repeat","background-position":"center center","background-size":"auto","background-attachment":"scroll","background-type":"","background-media":"","overlay-type":"","overlay-color":"","overlay-opacity":"","overlay-gradient":""},"mobile":{"background-color":"var(--ast-global-color-5)","background-image":"","background-repeat":"repeat","background-position":"center center","background-size":"auto","background-attachment":"scroll","background-type":"","background-media":"","overlay-type":"","overlay-color":"","overlay-opacity":"","overlay-gradient":""}},"footnotes":""},"categories":[16],"tags":[],"class_list":["post-1295","post","type-post","status-publish","format-standard","hentry","category-archives-cms"],"_links":{"self":[{"href":"https:\/\/lavoiedessansvoix.fr\/lavoie\/wp-json\/wp\/v2\/posts\/1295","targetHints":{"allow":["GET"]}}],"collection":[{"href":"https:\/\/lavoiedessansvoix.fr\/lavoie\/wp-json\/wp\/v2\/posts"}],"about":[{"href":"https:\/\/lavoiedessansvoix.fr\/lavoie\/wp-json\/wp\/v2\/types\/post"}],"author":[{"embeddable":true,"href":"https:\/\/lavoiedessansvoix.fr\/lavoie\/wp-json\/wp\/v2\/users\/1"}],"replies":[{"embeddable":true,"href":"https:\/\/lavoiedessansvoix.fr\/lavoie\/wp-json\/wp\/v2\/comments?post=1295"}],"version-history":[{"count":0,"href":"https:\/\/lavoiedessansvoix.fr\/lavoie\/wp-json\/wp\/v2\/posts\/1295\/revisions"}],"wp:attachment":[{"href":"https:\/\/lavoiedessansvoix.fr\/lavoie\/wp-json\/wp\/v2\/media?parent=1295"}],"wp:term":[{"taxonomy":"category","embeddable":true,"href":"https:\/\/lavoiedessansvoix.fr\/lavoie\/wp-json\/wp\/v2\/categories?post=1295"},{"taxonomy":"post_tag","embeddable":true,"href":"https:\/\/lavoiedessansvoix.fr\/lavoie\/wp-json\/wp\/v2\/tags?post=1295"}],"curies":[{"name":"wp","href":"https:\/\/api.w.org\/{rel}","templated":true}]}}