{"id":1294,"date":"2014-03-22T10:19:00","date_gmt":"2014-03-22T09:19:00","guid":{"rendered":"https:\/\/lavoiedessansvoix.fr\/lavoie\/2014\/03\/22\/archive-a-propos-de-terre-brulee-lettre-a-mon-ami-jean-pierre-et-a-tous-les-autres\/"},"modified":"2014-03-22T10:19:00","modified_gmt":"2014-03-22T09:19:00","slug":"archive-a-propos-de-terre-brulee-lettre-a-mon-ami-jean-pierre-et-a-tous-les-autres","status":"publish","type":"post","link":"https:\/\/lavoiedessansvoix.fr\/lavoie\/2014\/03\/22\/archive-a-propos-de-terre-brulee-lettre-a-mon-ami-jean-pierre-et-a-tous-les-autres\/","title":{"rendered":"A PROPOS DE TERRE BR\u00dbL\u00c9E  Lettre \u00e0 mon ami Jean-Pierre et \u00e0 tous les autres."},"content":{"rendered":"<p>A PROPOS DE TERRE BR\u00dbL\u00c9E  Lettre \u00e0 mon ami Jean-Pierre et \u00e0 tous les autres.   \u00c9LECTIONS MUNICIPALES, SANCTION ! Ai-je \u00e9crit hier. Et mon intention \u00e9tait \u00ab d\u2019en remettre une couche \u00bb aujourd\u2019hui, contre les ahuris, tous ses irresponsables politiques, de droite et de gauche, maire de leur \u00e9tat, maires sortants pour la circonstance, qui se sont rendus complices de l\u2019ignoble campagne liberticide \u00ab anti Dieudonn\u00e9 \u00bb. J\u2019ai bien s\u00fbr en vue plus particuli\u00e8rement les maires de Bordeaux et celui de Tour auquel je fais le grief, moi qui ne souffrait d\u2019aucune phobie, de m\u2019avoir rendu \u00ab Germainophobe   Mais voil\u00e0 bien que mon ami Jean-Pierre, r\u00e9agissant \u00e0 mon lien sur Facebook, a partag\u00e9 ma col\u00e8re et mon indignation, mais \u00e9mis une r\u00e9serve d\u2019importance sur mon appel \u00e0 sanctionner les partis de gouvernement. Je le cite : \u00ab\u00a0Oui Patrick c&rsquo;est tentant , mais par  quels couverts on va les remplacer ??? La col\u00e8re est immense mais de l\u00e0 \u00e0 pratiquer la politique de la terre br\u00fbl\u00e9e ! Je pense qu&rsquo;il y aura sanction  ,mais (elle) sera mod\u00e9r\u00e9e ! Je pr\u00e9f\u00e8re acter mon m\u00e9contentement aux europ\u00e9ennes \u00a0\u00bb   Or, il se trouve que j\u2019ai pour Jean-Pierre, fruit d\u2019une longue amiti\u00e9, une r\u00e9elle estime. C\u2019est pourquoi je prends plaisir, sous pr\u00e9texte de causer avec lui, \u00e0 d\u00e9velopper et consolider mon argumentaire. Je sais qu\u2019il n\u2019est pas seul \u00e0 balancer ainsi entre les justifi\u00e9es raisons de la col\u00e8re et les raisins redout\u00e9s. D\u2019autres pourront, je l\u2019esp\u00e8re, dans cet \u00e9change, puiser quelques r\u00e9flexions utiles \u00e0 leur jugement.  Les hommes sages et pos\u00e9s qui savent domestiquer leurs col\u00e8re, ont beaucoup de mal \u00e0 se r\u00e9soudre \u00e0 la pratique \u00ab de la terre br\u00fbl\u00e9e \u00bb. Au fond d\u2019eux ils gardent toujours l\u2019espoir secret, m\u00eame t\u00e9nu, que les responsables de leurs malheurs s\u2019adouciront et qu\u2019il ne sera pas n\u00e9cessaire d\u2019user des moyens de d\u00e9fense ultimes. Cet espoir secret ils s\u2019y accrochent d\u2019autant plus, qu\u2019ils ont de la peine \u00e0 classer dans le camp de leurs ennemis r\u00e9solus, des gens, des militants, des partis, qu\u2019ils ont cru un temps \u00eatres de leurs amis.   Amis ou Ennemi ? La confusion ne pardonne pas. Il n\u2019est de pire danger aux \u00eatres vivants quels qu\u2019ils soient, de confondre ces deux cat\u00e9gories.  Il faut dire que cette formule ; \u00ab la politique de la terre br\u00fbl\u00e9e \u00bb a une connotation n\u00e9gative. L\u2019inconscient collectif la rattache \u00e0 des pratiques barbares, aux Vandales et autres Huns qui \u00e0 l\u2019instar d\u2019Attila \u00ab faisaient le d\u00e9sert sous leurs pas \u00bb. Elle r\u00e9sonne dans l\u2019esprit des gens humbles comme cette autre : \u00ab apr\u00e8s moi le d\u00e9luge \u00bb  Quand bien m\u00eame la rattache-t-on, pour ce qu\u2019elle est vraiment, \u00e0 une pratique de d\u00e9fense, elle reste empreinte d\u2019une interpr\u00e9tation d\u00e9faitiste dans son essence et de l\u2019accusation de faire autant de torts \u00e0 l\u2019ennemi qu\u2019aux populations autochtones.   Car oui, \u00ab la politique de la terre br\u00fbl\u00e9e \u00bb, bien qu\u2019elle puisse s\u2019attacher parfois \u00e0 une tactique offensive, \u00e9voque avant tout une m\u00e9thode d\u00e9fensive ultime. Elle a \u00e9t\u00e9 maintes fois utilis\u00e9e dans l\u2019histoire, et y a acquis malgr\u00e9 tous des lettres de noblesse. Elle fut utilis\u00e9 entre autres \u00e0 deux reprises m\u00e9morables, simples exemples parmi bien d\u2019autres, par la Russie Tsariste qui mis en d\u00e9route Napol\u00e9on, puis par la Russie Sovi\u00e9tique qui stoppa ainsi l\u2019avance des arm\u00e9es hitl\u00e9riennes.  La politique \u00ab de la terre br\u00fbl\u00e9e \u00bb n\u2019a donc rien de m\u00e9prisable en soi, et la charge n\u00e9gative qui l\u2019accable, est inappropri\u00e9e. Elle peut s\u2019av\u00e9rer \u00eatre une tactique de lutte judicieuse et pleinement justifi\u00e9e dans certaines circonstances. C\u2019est \u00e0 cette aune qu\u2019il convient de l\u2019examiner et d\u2019en juger.  Qu\u2019elle est la \u00ab denr\u00e9e \u00bb dont se sustente le monde politique et qui le justifie et le conforte dans son agression permanente contre les populations laborieuses ? C\u2019est la \u00ab l\u00e9gitimit\u00e9 \u00bb dont les pare le suffrage universel populaire. Ils ont pi\u00e9g\u00e9 celui-ci dans les tenailles mortif\u00e8res de l\u2019alternance politique, Droite et Gauche, Gauche ou Droite, en v\u00e9rit\u00e9 deux \u00e9quipes de courtiers au service des m\u00eames patrons : le grand capital et la finance internationale, qui servent les m\u00eames int\u00e9r\u00eats en parfaite compl\u00e9mentarit\u00e9 et font donc la m\u00eame politique \u00e0 quelques fioritures pr\u00eat.  D\u2019ailleurs ceux-l\u00e0, crois-moi Jean-Pierre, ont moins de scrupule que toi dans le choix de leurs m\u00e9thodes. La politique de la terre br\u00fbl\u00e9e, mais n\u2019est-ce pas celle pr\u00e9cis\u00e9ment qu\u2019ils pratiquent sans \u00e9tats d\u2019\u00e2me, depuis plus de vingt ans, \u00e0 l\u2019encontre des classes ouvri\u00e8res et des couches laborieuses de leurs pays respectifs ? Nous avions en Europe occidentale et aux \u00c9tats-Unis, des classes ouvri\u00e8res fortes, fi\u00e8res et structur\u00e9es, qui a forces de luttes et de sacrifices avaient atteint un certain niveau de revenus et de vie, avaient accumul\u00e9 des droits et acquis sociaux, et des certitudes quant \u00e0 leur force sociale. Alors, avec \u00ab la mondialisation \u00e9conomique \u00bb et des d\u00e9localisations industrielles, les \u00ab grands d\u00e9cideurs ont dit : \u00ab Pschitt!.. plus d\u2019industrie, plus d\u2019emplois, vous n\u2019\u00eates rien, \u00e0 genoux, suppliez que l\u2019on veuille bien vous octroyer des petits boulots de subsistance, plus de semaines de 35 heures, plus de couverture sociale, plus de droit du travail, acceptez la r\u00e9duction de vos salaires, le recul de l\u2019\u00e2ge de la retraite jusqu\u2019au seuil de la mort, rampez, demandez pardon, et si vous acceptez enfin de travailler sur un pied d\u2019\u00e9galit\u00e9 avec vos camarades Pakistanais, peut-\u00eatre un jour \u00ab relocaliseront-nous \u00bb Nos usines dans vos contr\u00e9es \u00bb  Alors, de quel droit, par la vertu de quelle outrecuidance d\u00e9mesur\u00e9e, ceux qui pratiquent ainsi sans vergogne la politique de \u00ab la terre br\u00fbl\u00e9e \u00bb pour venir \u00e0 bout des r\u00e9sistances des peuples laborieux voudraient-ils interdire \u00e0 ceux-ci d\u2019avoir recours \u00e0 une tactique semblable pour les priver de la l\u00e9gitimit\u00e9 r\u00e9publicaine dont ils se parent pour mener leurs attaques mal\u00e9fiques ?  Je le r\u00e9p\u00e8te, l\u2019alternance est un pi\u00e8ge politique. Il n\u2019y a d\u2019autre moyen d\u2019en sortir que de le casser.  La politique de la terre br\u00fbl\u00e9e qui est la plupart du temps une tactique de repli d\u00e9fensif, est toujours pr\u00e9paratoire \u00e0 une contre-offensive. La sanction populaire cinglante et sans appel, contre les partis de gouvernement, aux \u00e9lections municipales et europ\u00e9ennes bien s\u00fbr aussi, rebattra fondamentalement les cartes du jeu politique Fran\u00e7ais et offrira une chance pour une prochaine contre-offensive sociale.  Samedi 22 mars 2014.<\/p>\n","protected":false},"excerpt":{"rendered":"<p>A PROPOS DE TERRE BR\u00dbL\u00c9E Lettre \u00e0 mon ami Jean-Pierre et \u00e0 tous les autres. \u00c9LECTIONS MUNICIPALES, SANCTION ! Ai-je [&hellip;]<\/p>\n","protected":false},"author":1,"featured_media":0,"comment_status":"open","ping_status":"open","sticky":false,"template":"","format":"standard","meta":{"sfsi_plus_gutenberg_text_before_share":"","sfsi_plus_gutenberg_show_text_before_share":"","sfsi_plus_gutenberg_icon_type":"","sfsi_plus_gutenberg_icon_alignemt":"","sfsi_plus_gutenburg_max_per_row":"","site-sidebar-layout":"default","site-content-layout":"","ast-site-content-layout":"default","site-content-style":"default","site-sidebar-style":"default","ast-global-header-display":"","ast-banner-title-visibility":"","ast-main-header-display":"","ast-hfb-above-header-display":"","ast-hfb-below-header-display":"","ast-hfb-mobile-header-display":"","site-post-title":"","ast-breadcrumbs-content":"","ast-featured-img":"","footer-sml-layout":"","ast-disable-related-posts":"","theme-transparent-header-meta":"","adv-header-id-meta":"","stick-header-meta":"","header-above-stick-meta":"","header-main-stick-meta":"","header-below-stick-meta":"","astra-migrate-meta-layouts":"default","ast-page-background-enabled":"default","ast-page-background-meta":{"desktop":{"background-color":"var(--ast-global-color-4)","background-image":"","background-repeat":"repeat","background-position":"center center","background-size":"auto","background-attachment":"scroll","background-type":"","background-media":"","overlay-type":"","overlay-color":"","overlay-opacity":"","overlay-gradient":""},"tablet":{"background-color":"","background-image":"","background-repeat":"repeat","background-position":"center center","background-size":"auto","background-attachment":"scroll","background-type":"","background-media":"","overlay-type":"","overlay-color":"","overlay-opacity":"","overlay-gradient":""},"mobile":{"background-color":"","background-image":"","background-repeat":"repeat","background-position":"center center","background-size":"auto","background-attachment":"scroll","background-type":"","background-media":"","overlay-type":"","overlay-color":"","overlay-opacity":"","overlay-gradient":""}},"ast-content-background-meta":{"desktop":{"background-color":"var(--ast-global-color-5)","background-image":"","background-repeat":"repeat","background-position":"center center","background-size":"auto","background-attachment":"scroll","background-type":"","background-media":"","overlay-type":"","overlay-color":"","overlay-opacity":"","overlay-gradient":""},"tablet":{"background-color":"var(--ast-global-color-5)","background-image":"","background-repeat":"repeat","background-position":"center center","background-size":"auto","background-attachment":"scroll","background-type":"","background-media":"","overlay-type":"","overlay-color":"","overlay-opacity":"","overlay-gradient":""},"mobile":{"background-color":"var(--ast-global-color-5)","background-image":"","background-repeat":"repeat","background-position":"center center","background-size":"auto","background-attachment":"scroll","background-type":"","background-media":"","overlay-type":"","overlay-color":"","overlay-opacity":"","overlay-gradient":""}},"footnotes":""},"categories":[16],"tags":[],"class_list":["post-1294","post","type-post","status-publish","format-standard","hentry","category-archives-cms"],"_links":{"self":[{"href":"https:\/\/lavoiedessansvoix.fr\/lavoie\/wp-json\/wp\/v2\/posts\/1294","targetHints":{"allow":["GET"]}}],"collection":[{"href":"https:\/\/lavoiedessansvoix.fr\/lavoie\/wp-json\/wp\/v2\/posts"}],"about":[{"href":"https:\/\/lavoiedessansvoix.fr\/lavoie\/wp-json\/wp\/v2\/types\/post"}],"author":[{"embeddable":true,"href":"https:\/\/lavoiedessansvoix.fr\/lavoie\/wp-json\/wp\/v2\/users\/1"}],"replies":[{"embeddable":true,"href":"https:\/\/lavoiedessansvoix.fr\/lavoie\/wp-json\/wp\/v2\/comments?post=1294"}],"version-history":[{"count":0,"href":"https:\/\/lavoiedessansvoix.fr\/lavoie\/wp-json\/wp\/v2\/posts\/1294\/revisions"}],"wp:attachment":[{"href":"https:\/\/lavoiedessansvoix.fr\/lavoie\/wp-json\/wp\/v2\/media?parent=1294"}],"wp:term":[{"taxonomy":"category","embeddable":true,"href":"https:\/\/lavoiedessansvoix.fr\/lavoie\/wp-json\/wp\/v2\/categories?post=1294"},{"taxonomy":"post_tag","embeddable":true,"href":"https:\/\/lavoiedessansvoix.fr\/lavoie\/wp-json\/wp\/v2\/tags?post=1294"}],"curies":[{"name":"wp","href":"https:\/\/api.w.org\/{rel}","templated":true}]}}