{"id":1293,"date":"2014-03-24T09:41:00","date_gmt":"2014-03-24T08:41:00","guid":{"rendered":"https:\/\/lavoiedessansvoix.fr\/lavoie\/2014\/03\/24\/archive-la-sanction-du-premier-round-des-elections-municipale\/"},"modified":"2014-03-24T09:41:00","modified_gmt":"2014-03-24T08:41:00","slug":"archive-la-sanction-du-premier-round-des-elections-municipale","status":"publish","type":"post","link":"https:\/\/lavoiedessansvoix.fr\/lavoie\/2014\/03\/24\/archive-la-sanction-du-premier-round-des-elections-municipale\/","title":{"rendered":"LA SANCTION DU PREMIER \u00ab ROUND \u00bb DES \u00c9LECTIONS MUNICIPALE"},"content":{"rendered":"<p>LA SANCTION DU PREMIER \u00ab ROUND \u00bb DES \u00c9LECTIONS MUNICIPALE   La sanction a eu lieu. Elle s\u2019est manifest\u00e9e par un taux d\u2019abstention record, plus 5 % relativement \u00e0 2008, par le recul quasi g\u00e9n\u00e9ral des listes et maires sortants PS, \u00e0 Lille par exemple, bien qu\u2019en t\u00eate, Martine Aubry perd 10 points comparativement \u00e0 2008. Nous nous r\u00e9jouissons particuli\u00e8rement du score m\u00e9diocre de Jean Germain, maire sortant de Tours, avec 27 % des suffrages seulement. Certains au PS esp\u00e9raient que le basculement de Marseille leur permettrait d\u2019anesth\u00e9sier la douleur, c\u2019est une v\u00e9ritable d\u00e9route qu\u2019essuie Patrick Mennucci, leur candidat, et il n\u2019est m\u00eame pas s\u00fbr qu\u2019ils parviennent \u00e0 conserver Paris.   Certes, et ce n\u2019est pas ce qui nous r\u00e9jouit, La sanction, c\u2019est aussi les bons r\u00e9sultats du FN, lequel remporte l\u2019\u00e9lection d\u00e8s le premier tour \u00e0 H\u00e9nin-Beaumont et fait des scores de 40 % et plus dans plusieurs villes d\u2019importances, telle que B\u00e9ziers, Forbach ou Fr\u00e9jus.  On a ou\u00efe les uns et les autres s\u2019alarmer de ces r\u00e9sultats du Front National. Pour les repr\u00e9sentants de la majorit\u00e9 gouvernementale PS ce serait \u00e0 les entendre, plus que leur propre recul \u00e9lectoral, leur v\u00e9ritable grande cause d\u2019inqui\u00e9tude. Ils entendent faire face de deux fa\u00e7ons : 1) en appelant au rassemblement de toute la gauche 2) en appelant au \u00ab front r\u00e9publicain \u00bb pour faire barrage au FN, l\u00e0 o\u00f9 celui-ci est en mesure de l\u2019emporter.   Ce qui en raccourcit revient \u00e0 appeler au rassemblement de toute la gauche pour voter \u00e0 droite.   M\u00eame les imb\u00e9ciles ne disent pas que des b\u00eatises, et c\u2019est le privil\u00e8ge des gens \u00e9clair\u00e9s de savoir reconnaitre la v\u00e9rit\u00e9 qui sort de la bouche de l\u2019ignare. Une telle v\u00e9rit\u00e9 a \u00e9t\u00e9 le fait  hier soir d\u2019Henri Guaino. \u00ab\u00a0Le Front r\u00e9publicain, a-t-il r\u00e9torqu\u00e9 \u00e0 Najat Vallaud-Belkacem,  c\u2019est une mani\u00e8re d\u2019afficher son m\u00e9pris et une fin de non-recevoir aux pr\u00e9occupations qu\u2019expriment les \u00e9lecteurs plus nombreux du Front National. C\u2019est dire, votre vote ne sert \u00e0 rien.\u00a0\u00bb  En effet, la r\u00e9ponse PS \u00e0 la sanction \u00e9lectorale, c\u2019est \u00ab le Front R\u00e9publicain \u00bb. Ces gens-l\u00e0 ont-ils perdu la raison ? Qu\u2019on en juge. Les \u00e9lecteurs ont \u00e9mis un vote sanction. Que ? Quoi les \u00e9lecteurs ont-ils voulu sanctionner sinon la politique de la droite faite par ceux qui se disent \u00ab la gauche \u00bb?   Et qu\u2019elle r\u00e9ponse leur fait la pr\u00e9tendue Gauche, quel rem\u00e8de propose-t-elle ? Voter pour la droite.  Ils tentent de se rassurer en \u00e9voquant le sursaut \u00ab traditionnel \u00bb du 2\u00e8me tour. Cela rel\u00e8ve de la m\u00e9thode Cou\u00e9. C\u2019est le premier scrutin interm\u00e9diaire depuis les \u00ab pr\u00e9sidentielles-l\u00e9gislatives \u00bb de 2012, c\u2019est une tradition aux scrutins locaux \u00e0 mi-mandat de sanctionner le parti au pouvoir \u00bb. Mais il y a toujours un sursaut tout aussi \u00ab traditionnel \u00bb au deuxi\u00e8me tour.  Une tradition ? Mais pourquoi donc ? Pourquoi voudriez-vous que par \u00ab tradition \u00bb, par \u00ab mode \u00bb les fran\u00e7ais sanctionnent une \u00e9quipe dirigeante dont ils seraient satisfaits. Non ! S\u2019ils sanctionnent ce n\u2019est pas par tradition mais parce qu\u2019ils sont m\u00e9contents. Et si cet \u00e9tat de fait se reproduit r\u00e9guli\u00e8rement \u00e0 chaque demi mandat, c\u2019est parce que \u00e0 chaque fois, qu\u2019elle que soit l\u2019\u00e9quipe au pouvoir, de droite ou de gauche, ils ont de nouvelles raisons d\u2019\u00eatre insatisfaits. Si les fran\u00e7ais sanctionnent ainsi c\u2019est parce qu\u2019ils \u00e9lisent des gens qui les flouent et les trahissent syst\u00e9matiquement. L\u2019on pourrait en d\u00e9duire que ce n\u2019est pas dans la sanction aux scrutins interm\u00e9diaires que r\u00e9side la \u00ab tradition \u00bb mais dans la trahison syst\u00e9matique des \u00e9lecteurs par ceux qu\u2019ils ont \u00e9lus.  \u00ab Je dis aux \u00e9lecteurs, vous vouliez nous sanctionner, c\u2019est fait, nous avons entendu, maintenant mobilisons-nous pour le second tour \u00bb propose Benoitement le ministre d\u00e9l\u00e9gu\u00e9 \u00e0 l\u2019\u00e9conomie sociale. Comme il y va le bougre ! Mais ce n\u2019est pas comme \u00e7a que \u00e7a marche. On a qualifi\u00e9 ce scrutin de vote sanction, mais les \u00e9lecteurs qui vous ont sanctionn\u00e9, ne l\u2019ont pas fait au sens ou le maitre sanctionne le mauvais \u00e9l\u00e8ve pour qu\u2019il s\u2019amende. Les \u00e9lecteurs qui ont choisi de vous sanctionner  n\u2019attendent plus rien de vous. Il ne vous demande pas de vous amender. Ils savent que cela est impossible, que vous \u00eates les charg\u00e9s d\u2019affaires des grands patrons et de la haute finance et que c\u2019est aux injonctions de ceux-l\u00e0 que vous obtemp\u00e9rez. Les \u00e9lecteurs ne vous ont pas sanctionn\u00e9 pour que vous appreniez \u00e0 \u00eatre meilleurs, mais parce qu\u2019ils sont \u00e0 la recherche de solutions nouvelles et d\u00e9sirent vous chasser Vous Chasser ? Vous et vos \u00ab alter ego \u00bb de l\u2019UMP. Ceux-l\u00e0 tentent de noyer le poisson il est vrai. Ils arrivent en t\u00eate, il progresse, j\u2019ai m\u00eame entendu prononcer sur la \u00ab 3 \u00bb le terme de \u00ab vague bleue \u00bb. Bon, c\u2019est le PS, le parti au pouvoir qui est en la circonstance sanctionn\u00e9 en tout premier. Les autres voudraient en profiter pour nous faire accroire que la sanction de les concerne pas. Mais la sanction des \u00e9lecteurs ne se r\u00e9duit pas \u00e0 une sanction contre Fran\u00e7ois Hollande et le PS, c\u2019est une sanction contre le \u00ab syst\u00e8me \u00bb, contre le bipartisme et l\u2019alternance, et donc contre l\u2019UMP tout autant que le PS. C\u2019est avec ce syst\u00e8me qu\u2019ils veulent en finir.  Et c\u2019est pourquoi, cette fois, il ne doit pas y avoir de \u00ab sursaut du deuxi\u00e8me tour \u00bb. La sanction cinglante du premier tour de ces municipales 2014 doit trouver son prolongement au deuxi\u00e8me tour, dans le taux d\u2019abstention et par la mise en \u00e9chec du plus grand nombre possible de listes PS tout d\u2019abord, mais aussi UMP.  Le Front National gagne des \u00e9lus, des mairies, en implantation locales, en audience et en cr\u00e9dibilit\u00e9. C\u2019est un probl\u00e8me, bien s\u00fbr c\u2019est un probl\u00e8me pour le militant ouvrier que je suis.   C\u2019est un probl\u00e8me, ce n\u2019est pas le probl\u00e8me.  Le probl\u00e8me, c\u2019est la trahison depuis 30 ans des int\u00e9r\u00eats ouvriers et populaires et des id\u00e9aux socialistes. Le probl\u00e8me c\u2019est l\u2019enfermement, consenti par certain, dans le pi\u00e8ge du bipartisme et de l\u2019alternance. Le \u00ab Front de Gauche \u00bb pourrait \u00eatre une alternative cr\u00e9dible qui chez les \u00e9lecteurs salari\u00e9s et ouvriers, ferait pi\u00e8ce \u00e0 la progression du FN. Mais le \u00ab Front de Gauche \u00bb ne veut pas se positionner clairement comme une opposition irr\u00e9ductible au PS, il reste reli\u00e9 \u00e0 celui-ci par je ne sais quel lien indissoluble. Alors l\u2019\u00e9lecteur las d\u2019\u00eatre pris pour une poire par l\u2019UMP et le PS tour \u00e0 tour, et qui souhaite en finir avec ce jeu pervers, s\u2019interroge, je voterai bien pour Jean-Luc M\u00e9lenchon ou Pierre Laurent, mais la voix que je leur donnerai, ceux-ci s\u2019empresseront de la verser, sous couvert \u00ab d\u2019Union de la gauche \u00bb, dans l\u2019escarcelle du PS. Alors que me reste-t-il vraiment sinon l\u2019abstention ou le vote Le Pen ?  Lundi 24 mars 2014.<\/p>\n","protected":false},"excerpt":{"rendered":"<p>LA SANCTION DU PREMIER \u00ab ROUND \u00bb DES \u00c9LECTIONS MUNICIPALE La sanction a eu lieu. Elle s\u2019est manifest\u00e9e par un [&hellip;]<\/p>\n","protected":false},"author":1,"featured_media":0,"comment_status":"open","ping_status":"open","sticky":false,"template":"","format":"standard","meta":{"sfsi_plus_gutenberg_text_before_share":"","sfsi_plus_gutenberg_show_text_before_share":"","sfsi_plus_gutenberg_icon_type":"","sfsi_plus_gutenberg_icon_alignemt":"","sfsi_plus_gutenburg_max_per_row":"","site-sidebar-layout":"default","site-content-layout":"","ast-site-content-layout":"default","site-content-style":"default","site-sidebar-style":"default","ast-global-header-display":"","ast-banner-title-visibility":"","ast-main-header-display":"","ast-hfb-above-header-display":"","ast-hfb-below-header-display":"","ast-hfb-mobile-header-display":"","site-post-title":"","ast-breadcrumbs-content":"","ast-featured-img":"","footer-sml-layout":"","ast-disable-related-posts":"","theme-transparent-header-meta":"","adv-header-id-meta":"","stick-header-meta":"","header-above-stick-meta":"","header-main-stick-meta":"","header-below-stick-meta":"","astra-migrate-meta-layouts":"default","ast-page-background-enabled":"default","ast-page-background-meta":{"desktop":{"background-color":"var(--ast-global-color-4)","background-image":"","background-repeat":"repeat","background-position":"center center","background-size":"auto","background-attachment":"scroll","background-type":"","background-media":"","overlay-type":"","overlay-color":"","overlay-opacity":"","overlay-gradient":""},"tablet":{"background-color":"","background-image":"","background-repeat":"repeat","background-position":"center center","background-size":"auto","background-attachment":"scroll","background-type":"","background-media":"","overlay-type":"","overlay-color":"","overlay-opacity":"","overlay-gradient":""},"mobile":{"background-color":"","background-image":"","background-repeat":"repeat","background-position":"center center","background-size":"auto","background-attachment":"scroll","background-type":"","background-media":"","overlay-type":"","overlay-color":"","overlay-opacity":"","overlay-gradient":""}},"ast-content-background-meta":{"desktop":{"background-color":"var(--ast-global-color-5)","background-image":"","background-repeat":"repeat","background-position":"center center","background-size":"auto","background-attachment":"scroll","background-type":"","background-media":"","overlay-type":"","overlay-color":"","overlay-opacity":"","overlay-gradient":""},"tablet":{"background-color":"var(--ast-global-color-5)","background-image":"","background-repeat":"repeat","background-position":"center center","background-size":"auto","background-attachment":"scroll","background-type":"","background-media":"","overlay-type":"","overlay-color":"","overlay-opacity":"","overlay-gradient":""},"mobile":{"background-color":"var(--ast-global-color-5)","background-image":"","background-repeat":"repeat","background-position":"center center","background-size":"auto","background-attachment":"scroll","background-type":"","background-media":"","overlay-type":"","overlay-color":"","overlay-opacity":"","overlay-gradient":""}},"footnotes":""},"categories":[16],"tags":[],"class_list":["post-1293","post","type-post","status-publish","format-standard","hentry","category-archives-cms"],"_links":{"self":[{"href":"https:\/\/lavoiedessansvoix.fr\/lavoie\/wp-json\/wp\/v2\/posts\/1293","targetHints":{"allow":["GET"]}}],"collection":[{"href":"https:\/\/lavoiedessansvoix.fr\/lavoie\/wp-json\/wp\/v2\/posts"}],"about":[{"href":"https:\/\/lavoiedessansvoix.fr\/lavoie\/wp-json\/wp\/v2\/types\/post"}],"author":[{"embeddable":true,"href":"https:\/\/lavoiedessansvoix.fr\/lavoie\/wp-json\/wp\/v2\/users\/1"}],"replies":[{"embeddable":true,"href":"https:\/\/lavoiedessansvoix.fr\/lavoie\/wp-json\/wp\/v2\/comments?post=1293"}],"version-history":[{"count":0,"href":"https:\/\/lavoiedessansvoix.fr\/lavoie\/wp-json\/wp\/v2\/posts\/1293\/revisions"}],"wp:attachment":[{"href":"https:\/\/lavoiedessansvoix.fr\/lavoie\/wp-json\/wp\/v2\/media?parent=1293"}],"wp:term":[{"taxonomy":"category","embeddable":true,"href":"https:\/\/lavoiedessansvoix.fr\/lavoie\/wp-json\/wp\/v2\/categories?post=1293"},{"taxonomy":"post_tag","embeddable":true,"href":"https:\/\/lavoiedessansvoix.fr\/lavoie\/wp-json\/wp\/v2\/tags?post=1293"}],"curies":[{"name":"wp","href":"https:\/\/api.w.org\/{rel}","templated":true}]}}