{"id":1291,"date":"2014-03-29T17:28:00","date_gmt":"2014-03-29T16:28:00","guid":{"rendered":"https:\/\/lavoiedessansvoix.fr\/lavoie\/2014\/03\/29\/archive-le-changement-c-est-pour-bientot\/"},"modified":"2014-03-29T17:28:00","modified_gmt":"2014-03-29T16:28:00","slug":"archive-le-changement-c-est-pour-bientot","status":"publish","type":"post","link":"https:\/\/lavoiedessansvoix.fr\/lavoie\/2014\/03\/29\/archive-le-changement-c-est-pour-bientot\/","title":{"rendered":"LE CHANGEMENT ?  C\u2019EST POUR BIENT\u00d4T !"},"content":{"rendered":"<p>LE CHANGEMENT ?  C\u2019EST POUR BIENT\u00d4T !  Le changement, un mot galvaud\u00e9 ? Bien s\u00fbr. La politique, que l\u2019on dit politicienne, galvaude et corrompt tout ce \u00e0 quoi elle touche. En ce sens le changement est un mot galvaud\u00e9 comme tant d\u2019autres, \u00ab la libert\u00e9 d\u2019opinion et d&rsquo;expression \u00bb \u00e0 l\u2019exception de certains humoristes et de certains sujets, \u00ab la libert\u00e9 de circulation \u00bb, sauf pour les immigr\u00e9s de la mis\u00e8re, \u00ab la d\u00e9mocratie \u00bb dont les plus ardents d\u00e9fenseurs seraient l\u2019Arabie Saoudite et le Qatar, les \u00ab djihadistes \u00bb et \u00ab l\u2019extr\u00eame droite fasciste ukrainienne, l\u2019\u00e9galit\u00e9 entre Bollor\u00e9 et un SDF, \u00ab la dignit\u00e9 de la femme musulmane \u00bb quand ici on la d\u00e9pouille de ses voiles jusqu\u2019au dernier et qu\u2019on l&rsquo;expose comme objet de consommation dans les vitrines d\u2019Amsterdam ou autres \u00ab Eros-center \u00bb, le socialisme qui consisterait \u00e0 veiller pour les patrons \u00e0 la bonne comp\u00e9titivit\u00e9 des entreprises. Nous nous arr\u00eaterons l\u00e0. Nous n\u2019allons pas passer en revue tout le lexique,  trop vaste des mots, expressions et concepts galvaud\u00e9s par ces barbares de la pens\u00e9e humaine.  Mais tous ces mots, parce qu\u2019ils sont ainsi pervertis, doit-on cesser de les utiliser ? Doit-on les jeter dans les poubelles de l\u2019expression ? Non bien s\u00fbr. Il en va des mots comme des promesses \u00e9lectorales qui s\u2019adressent \u00e0 ceux qui y croient. Chacun est libre de croire ou de ne pas croire, d\u2019\u00eatre clairvoyant ou dupe. Chacun doit entendre la v\u00e9rit\u00e9 des mots selon la bouche qui les prononce. Il appartient aux auditeurs de faire le tri.  Donc, disions-nous, le changement c\u2019est pour bient\u00f4t. Mais tout d\u2019abord, de quel changement voulons nous parler ? Pas bien entendu de celui qu\u2019ont promis tour \u00e0 tour Fran\u00e7ois Mitterrand, \u00c9douard Balladur, Jacques Chirac, Lionel Jospin, Sarkozy et Hollande. Pour ceux-l\u00e0, le \u00ab changement\u2019 c\u2019est eux.  Or, effectivement, changer Sarkozy pour Hollande c\u2019est bien un changement, ce n\u2019est pas trahir la langue Fran\u00e7aise que de le dire, mais c\u2019est trahir les fran\u00e7ais que de donner \u00e0 croire qu\u2019il puisse s\u2019agir du \u00ab changement \u00bb auquel ils aspirent, qui n\u2019est d\u2019ailleurs pas de la m\u00eame nature pour tous, selon la classe sociale \u00e0 laquelle ils appartiennent. Non le changement dont nous parlons nous, dont nous voulons vous entretenir aujourd\u2019hui, est d\u2019une toute autre nature. Non pas celui que d\u00e9cr\u00e8te par le haut, comme un slogan de campagne \u00e9lectorale, un homme providentiel model\u00e9 dans l\u2019argile \u00ab du syst\u00e8me \u00bb, mais celui que les Fran\u00e7ais \u2013 et tous les autres peuples d\u2019ailleurs \u2013 doivent faire eux m\u00eame en prenant collectivement leur destin en main.  Le changement, avons-nous claironn\u00e9 en titre, est pour bient\u00f4t. N\u2019est-ce pas faire preuve de trop d\u2019optimisme, de trop de confiance en l\u2019avenir ? Un tel changement aussi profond, alors m\u00eame que nous sommes dans un marasme de plus en plus grand, alors que les Fran\u00e7ais sont d\u00e9pit\u00e9s, d\u00e9moralis\u00e9s, est-il seulement envisageable.  J\u2019entends d\u00e9j\u00e0 nos \u00ab polypoliticiens \u00bb* s\u2019esclaffer, rouler dans leur bouche la phrase toute faite de leur langue de bois : \u00ab comment diantre, diront-ils, voulez-vous que les Fran\u00e7ais se prennent en charge eux-m\u00eames, alors que cro\u00eet leur d\u00e9sint\u00e9r\u00eat pour la chose publique comme le d\u00e9montre le taux d\u2019abstention du premier tour des \u00e9lections municipales.  L\u2019argument parait imparable ! Il est faux, il rel\u00e8ve de la sophistique.  Certes parmi les Fran\u00e7ais qui se sont abstenus lors du premier tour des \u00e9lections municipales, il n\u2019y a pas que ceux qui voulaient  sanctionner le gouvernement et le pr\u00e9sident de la r\u00e9publique, il y a ceux aussi qui se d\u00e9sint\u00e9ressent de la chose publique. La sanction n\u2019en est pas moins \u00e9vidente. On ne peut la gommer en l\u2019assimilant au d\u00e9sint\u00e9r\u00eat. D\u2019autant qu\u2019elle a pris plusieurs voies d\u2019expressions, le vote blanc ou nul, le vote expr\u00e8s pour l\u2019adversaire capable de battre les listes que l\u2019on veut sanctionner, le vote Front National, etc.  Par ce vote sanction, les Fran\u00e7ais n\u2019ont pas dit leur d\u00e9sint\u00e9r\u00eat pour les affaires publiques, au contraire. Ce qu\u2019ils ont dit c\u2019est leur col\u00e8re contre le parti au pouvoir et plus g\u00e9n\u00e9ralement contre les partis politiques de gouvernement, et leur d\u00e9pit \u00e0 l\u2019endroit du syst\u00e8me de l\u2019alternance et du bipartisme qui pi\u00e8ge l\u2019expression politique. Les Fran\u00e7ais n\u2019ont pas suppli\u00e9 les dirigeants en place de \u00ab changer de politique \u00bb, ils se sont mis en qu\u00eate des moyens de sortir du pi\u00e8ge. Et c\u2019est ce qui pr\u00e9sage d\u2019une intrusion populaire imminente sur le terrain de la lutte politique directe.  C\u2019est pourquoi nous voulons croire que les Fran\u00e7ais auront \u00e0 c\u0153ur de confirmer, voire d\u2019amplifier, demain, lors du deuxi\u00e8me tour des \u00e9lections municipales, la sanction du premier tour. Nous ne pouvons que les y inviter. Il faut en effet gripper la machine institutionnelle pour la faire exploser et ainsi ouvrir la voie \u00e0 de \u00ab nouveaux possibles \u00bb.   Samedi 29 mars 2014.<\/p>\n","protected":false},"excerpt":{"rendered":"<p>LE CHANGEMENT ? C\u2019EST POUR BIENT\u00d4T ! Le changement, un mot galvaud\u00e9 ? Bien s\u00fbr. La politique, que l\u2019on dit [&hellip;]<\/p>\n","protected":false},"author":1,"featured_media":0,"comment_status":"open","ping_status":"open","sticky":false,"template":"","format":"standard","meta":{"sfsi_plus_gutenberg_text_before_share":"","sfsi_plus_gutenberg_show_text_before_share":"","sfsi_plus_gutenberg_icon_type":"","sfsi_plus_gutenberg_icon_alignemt":"","sfsi_plus_gutenburg_max_per_row":"","site-sidebar-layout":"default","site-content-layout":"","ast-site-content-layout":"default","site-content-style":"default","site-sidebar-style":"default","ast-global-header-display":"","ast-banner-title-visibility":"","ast-main-header-display":"","ast-hfb-above-header-display":"","ast-hfb-below-header-display":"","ast-hfb-mobile-header-display":"","site-post-title":"","ast-breadcrumbs-content":"","ast-featured-img":"","footer-sml-layout":"","ast-disable-related-posts":"","theme-transparent-header-meta":"","adv-header-id-meta":"","stick-header-meta":"","header-above-stick-meta":"","header-main-stick-meta":"","header-below-stick-meta":"","astra-migrate-meta-layouts":"default","ast-page-background-enabled":"default","ast-page-background-meta":{"desktop":{"background-color":"var(--ast-global-color-4)","background-image":"","background-repeat":"repeat","background-position":"center center","background-size":"auto","background-attachment":"scroll","background-type":"","background-media":"","overlay-type":"","overlay-color":"","overlay-opacity":"","overlay-gradient":""},"tablet":{"background-color":"","background-image":"","background-repeat":"repeat","background-position":"center center","background-size":"auto","background-attachment":"scroll","background-type":"","background-media":"","overlay-type":"","overlay-color":"","overlay-opacity":"","overlay-gradient":""},"mobile":{"background-color":"","background-image":"","background-repeat":"repeat","background-position":"center center","background-size":"auto","background-attachment":"scroll","background-type":"","background-media":"","overlay-type":"","overlay-color":"","overlay-opacity":"","overlay-gradient":""}},"ast-content-background-meta":{"desktop":{"background-color":"var(--ast-global-color-5)","background-image":"","background-repeat":"repeat","background-position":"center center","background-size":"auto","background-attachment":"scroll","background-type":"","background-media":"","overlay-type":"","overlay-color":"","overlay-opacity":"","overlay-gradient":""},"tablet":{"background-color":"var(--ast-global-color-5)","background-image":"","background-repeat":"repeat","background-position":"center center","background-size":"auto","background-attachment":"scroll","background-type":"","background-media":"","overlay-type":"","overlay-color":"","overlay-opacity":"","overlay-gradient":""},"mobile":{"background-color":"var(--ast-global-color-5)","background-image":"","background-repeat":"repeat","background-position":"center center","background-size":"auto","background-attachment":"scroll","background-type":"","background-media":"","overlay-type":"","overlay-color":"","overlay-opacity":"","overlay-gradient":""}},"footnotes":""},"categories":[16],"tags":[],"class_list":["post-1291","post","type-post","status-publish","format-standard","hentry","category-archives-cms"],"_links":{"self":[{"href":"https:\/\/lavoiedessansvoix.fr\/lavoie\/wp-json\/wp\/v2\/posts\/1291","targetHints":{"allow":["GET"]}}],"collection":[{"href":"https:\/\/lavoiedessansvoix.fr\/lavoie\/wp-json\/wp\/v2\/posts"}],"about":[{"href":"https:\/\/lavoiedessansvoix.fr\/lavoie\/wp-json\/wp\/v2\/types\/post"}],"author":[{"embeddable":true,"href":"https:\/\/lavoiedessansvoix.fr\/lavoie\/wp-json\/wp\/v2\/users\/1"}],"replies":[{"embeddable":true,"href":"https:\/\/lavoiedessansvoix.fr\/lavoie\/wp-json\/wp\/v2\/comments?post=1291"}],"version-history":[{"count":0,"href":"https:\/\/lavoiedessansvoix.fr\/lavoie\/wp-json\/wp\/v2\/posts\/1291\/revisions"}],"wp:attachment":[{"href":"https:\/\/lavoiedessansvoix.fr\/lavoie\/wp-json\/wp\/v2\/media?parent=1291"}],"wp:term":[{"taxonomy":"category","embeddable":true,"href":"https:\/\/lavoiedessansvoix.fr\/lavoie\/wp-json\/wp\/v2\/categories?post=1291"},{"taxonomy":"post_tag","embeddable":true,"href":"https:\/\/lavoiedessansvoix.fr\/lavoie\/wp-json\/wp\/v2\/tags?post=1291"}],"curies":[{"name":"wp","href":"https:\/\/api.w.org\/{rel}","templated":true}]}}