{"id":1290,"date":"2014-03-31T17:48:00","date_gmt":"2014-03-31T15:48:00","guid":{"rendered":"https:\/\/lavoiedessansvoix.fr\/lavoie\/2014\/03\/31\/archive-20-heures-le-crachat\/"},"modified":"2014-03-31T17:48:00","modified_gmt":"2014-03-31T15:48:00","slug":"archive-20-heures-le-crachat","status":"publish","type":"post","link":"https:\/\/lavoiedessansvoix.fr\/lavoie\/2014\/03\/31\/archive-20-heures-le-crachat\/","title":{"rendered":"20 HEURES, LE CRACHAT"},"content":{"rendered":"<p>20 HEURES, LE CRACHAT    La plupart des commentateurs cens\u00e9s avait exprim\u00e9 le v\u0153u que Fran\u00e7ois Hollande ne s\u2019en tiendrait pas \u00e0 un changement d\u2019\u00e9quipe, qu\u2019il y aurait aussi un changement de cap.  Or, le Pr\u00e9sident de la R\u00e9publique change d\u2019\u00e9quipe et confirme le cap. Le pacte de responsabilit\u00e9 sera maintenu et m\u00eame acc\u00e9l\u00e9r\u00e9. \u00ab Il faut aider les entreprises car se sont-elles qui cr\u00e9ent les emplois \u00bb. Ce seul positionnement constitue en soi une injure au bon sens et \u00e0 la col\u00e8re des Fran\u00e7ais, \u00e0 l\u2019heure o\u00f9 les entreprises d\u00e9ciment les emplois par milliers. Mais lorsqu\u2019il nomme Manuel Valls \u00e0 Matignon, ce n\u2019est plus de simple insulte qu\u2019il s\u2019agit, mais de \u00ab glaviot \u00bb.  Pensez un peu, Manuel Valls, \u00ab le p\u00e8re fouettard \u00bb, le socialiste le plus \u00e0 droite, plus \u00e0 droite  que Fran\u00e7ois Cop\u00e9,  l\u2019homme qui a dit que les Roms ne voulaient pas s\u2019int\u00e9grer, le Ministre de l\u2019int\u00e9rieur qui s\u2019est rendu coupable de la campagne liberticide contre l\u2019humoriste Dieudonn\u00e9, et n\u2019a pas craint de se livrer pour atteindre son but \u00e0 quelques manipulations frauduleuses du \u00ab Conseil d\u2019\u00c9tat \u00bb  L\u2019intervention t\u00e9l\u00e9vis\u00e9e de Fran\u00e7ois Hollande, \u00e0 20 heures ce soir est un v\u00e9ritable crachat \u00e0 la face des \u00e9lecteurs m\u00e9contents.  Lundi 31 mars 2014.<\/p>\n","protected":false},"excerpt":{"rendered":"<p>20 HEURES, LE CRACHAT La plupart des commentateurs cens\u00e9s avait exprim\u00e9 le v\u0153u que Fran\u00e7ois Hollande ne s\u2019en tiendrait pas [&hellip;]<\/p>\n","protected":false},"author":1,"featured_media":0,"comment_status":"open","ping_status":"open","sticky":false,"template":"","format":"standard","meta":{"sfsi_plus_gutenberg_text_before_share":"","sfsi_plus_gutenberg_show_text_before_share":"","sfsi_plus_gutenberg_icon_type":"","sfsi_plus_gutenberg_icon_alignemt":"","sfsi_plus_gutenburg_max_per_row":"","site-sidebar-layout":"default","site-content-layout":"","ast-site-content-layout":"default","site-content-style":"default","site-sidebar-style":"default","ast-global-header-display":"","ast-banner-title-visibility":"","ast-main-header-display":"","ast-hfb-above-header-display":"","ast-hfb-below-header-display":"","ast-hfb-mobile-header-display":"","site-post-title":"","ast-breadcrumbs-content":"","ast-featured-img":"","footer-sml-layout":"","ast-disable-related-posts":"","theme-transparent-header-meta":"","adv-header-id-meta":"","stick-header-meta":"","header-above-stick-meta":"","header-main-stick-meta":"","header-below-stick-meta":"","astra-migrate-meta-layouts":"default","ast-page-background-enabled":"default","ast-page-background-meta":{"desktop":{"background-color":"var(--ast-global-color-4)","background-image":"","background-repeat":"repeat","background-position":"center center","background-size":"auto","background-attachment":"scroll","background-type":"","background-media":"","overlay-type":"","overlay-color":"","overlay-opacity":"","overlay-gradient":""},"tablet":{"background-color":"","background-image":"","background-repeat":"repeat","background-position":"center center","background-size":"auto","background-attachment":"scroll","background-type":"","background-media":"","overlay-type":"","overlay-color":"","overlay-opacity":"","overlay-gradient":""},"mobile":{"background-color":"","background-image":"","background-repeat":"repeat","background-position":"center center","background-size":"auto","background-attachment":"scroll","background-type":"","background-media":"","overlay-type":"","overlay-color":"","overlay-opacity":"","overlay-gradient":""}},"ast-content-background-meta":{"desktop":{"background-color":"var(--ast-global-color-5)","background-image":"","background-repeat":"repeat","background-position":"center center","background-size":"auto","background-attachment":"scroll","background-type":"","background-media":"","overlay-type":"","overlay-color":"","overlay-opacity":"","overlay-gradient":""},"tablet":{"background-color":"var(--ast-global-color-5)","background-image":"","background-repeat":"repeat","background-position":"center center","background-size":"auto","background-attachment":"scroll","background-type":"","background-media":"","overlay-type":"","overlay-color":"","overlay-opacity":"","overlay-gradient":""},"mobile":{"background-color":"var(--ast-global-color-5)","background-image":"","background-repeat":"repeat","background-position":"center center","background-size":"auto","background-attachment":"scroll","background-type":"","background-media":"","overlay-type":"","overlay-color":"","overlay-opacity":"","overlay-gradient":""}},"footnotes":""},"categories":[16],"tags":[],"class_list":["post-1290","post","type-post","status-publish","format-standard","hentry","category-archives-cms"],"_links":{"self":[{"href":"https:\/\/lavoiedessansvoix.fr\/lavoie\/wp-json\/wp\/v2\/posts\/1290","targetHints":{"allow":["GET"]}}],"collection":[{"href":"https:\/\/lavoiedessansvoix.fr\/lavoie\/wp-json\/wp\/v2\/posts"}],"about":[{"href":"https:\/\/lavoiedessansvoix.fr\/lavoie\/wp-json\/wp\/v2\/types\/post"}],"author":[{"embeddable":true,"href":"https:\/\/lavoiedessansvoix.fr\/lavoie\/wp-json\/wp\/v2\/users\/1"}],"replies":[{"embeddable":true,"href":"https:\/\/lavoiedessansvoix.fr\/lavoie\/wp-json\/wp\/v2\/comments?post=1290"}],"version-history":[{"count":0,"href":"https:\/\/lavoiedessansvoix.fr\/lavoie\/wp-json\/wp\/v2\/posts\/1290\/revisions"}],"wp:attachment":[{"href":"https:\/\/lavoiedessansvoix.fr\/lavoie\/wp-json\/wp\/v2\/media?parent=1290"}],"wp:term":[{"taxonomy":"category","embeddable":true,"href":"https:\/\/lavoiedessansvoix.fr\/lavoie\/wp-json\/wp\/v2\/categories?post=1290"},{"taxonomy":"post_tag","embeddable":true,"href":"https:\/\/lavoiedessansvoix.fr\/lavoie\/wp-json\/wp\/v2\/tags?post=1290"}],"curies":[{"name":"wp","href":"https:\/\/api.w.org\/{rel}","templated":true}]}}