{"id":1288,"date":"2014-04-02T16:50:00","date_gmt":"2014-04-02T14:50:00","guid":{"rendered":"https:\/\/lavoiedessansvoix.fr\/lavoie\/2014\/04\/02\/archive-arrete-ton-char-ben-hur\/"},"modified":"2014-04-02T16:50:00","modified_gmt":"2014-04-02T14:50:00","slug":"archive-arrete-ton-char-ben-hur","status":"publish","type":"post","link":"https:\/\/lavoiedessansvoix.fr\/lavoie\/2014\/04\/02\/archive-arrete-ton-char-ben-hur\/","title":{"rendered":"ARR\u00caTE TON CHAR BEN HUR !"},"content":{"rendered":"<p>ARR\u00caTE TON CHAR BEN-HUR !   Nous avons voulu dire avant-hier soir, notre indignation et notre col\u00e8re en r\u00e9action \u00e0 l\u2019innommable r\u00e9ponse de Fran\u00e7ois Hollande, \u00e0 la sanction \u00e9lectorale des fran\u00e7ais. Nous vous livrons aujourd\u2019hui une r\u00e9flexion plus approfondie sur celle-ci, son sens r\u00e9el et sa perversion n\u00e9cessaire par le personnel du \u00ab syst\u00e8me \u00bb.  *   Les \u00e9lecteurs du deuxi\u00e8me tour du scrutin municipal, n\u2019ont pas voulu brouiller le message limpide du premier par \u00ab un sursaut \u00e9lectoral, comme disent \u00ab les sp\u00e9cialistes \u00bb, qui eut permis aux responsables politique vis\u00e9s de \u00ab botter en touche \u00bb.  Le message est donc cinglant : les \u00e9lecteurs sont fort m\u00e9contents, en col\u00e8re, pourrait-on aviser m\u00eame, contre le pr\u00e9sident de la R\u00e9publique et le \u00ab parti au pouvoir \u00bb et de fa\u00e7on plus g\u00e9n\u00e9rale, contre le \u00ab syst\u00e8me \u00bb, c\u2019est-\u00e0-dire le bipartisme l\u2019alternance et tous les partis de gouvernement qui entrent dans ce moule.  Le message est cinglant, est-il clair pour autant ? Bien s\u00fbr qu\u2019il est, pour le commun des mortels. Mais pas tant que \u00e7a pour les politiciens v\u00e9reux et f\u00e9lons dont l\u2019art et la mani\u00e8re est de tout embrouiller, souiller, pervertir. Polluer l\u2019eau limpide de l\u2019expression populaire , c\u2019est m\u00eame \u00e0 leur sens la premi\u00e8re des exigences, afin de pouvoir, pr\u00e9textant qu\u2019ils ont compris et jurant leurs grands Dieux \u00bb qu\u2019ils vont donner la r\u00e9ponse ad\u00e9quate, aller exactement o\u00f9 ils veulent en se fichant des \u00e9lecteurs.  L\u2019op\u00e9ration d\u2019embrouillaminis en ce cas, d\u00e9bute le jour m\u00eame du scrutin, lors de la traditionnelle soir\u00e9e \u00e9lectorale t\u00e9l\u00e9vis\u00e9e.  Voici quelques exemples criant de ce travail dont l\u2019objet est de souiller l\u2019eau limpide du message des \u00e9lecteurs pour en faire un jus insalubre de la couleur du marc de caf\u00e9, dans lequel ils liront ce qu\u2019il leur convient de lire :  &#8211;      S\u00e9gol\u00e8ne Royal :\u00ab \u00e0 l\u2019issue du 2nd tour des \u00e9lections municipales. \u00ab&#8201;Il faut un changement de rythme, il faut que les r\u00e9sultats soient au rendez-vous&#8201;\u00bb.    Ce qui traduit de la langue de bois signifie que l\u2019orientation est bonne, que ce n\u2019est pas elle qui g\u00e9n\u00e8re le m\u00e9contentement, mais \u00ab ces fichus r\u00e9sultats qui se font attendre \u00bb.  &#8211;      Jean-Marc Ayrault :\u00ab Le pr\u00e9sident tirera les enseignements de ce scrutin, il le fera dans l&rsquo;int\u00e9r\u00eat de la France. Ce soir, c&rsquo;est bien l&rsquo;int\u00e9r\u00eat de la France qui doit \u00eatre la pr\u00e9occupation de chacune et de chacun d&rsquo;entre nous \u00bb.  L\u2019int\u00e9r\u00eat de la France ? Oui mais laquelle, celles des milliardaires et de la haute finance qui prosp\u00e8rent ou celle du peuple qui geint ?  &#8211;      Manuel Valls ; \u00ab&#8201;Ce soir, les Fran\u00e7ais ont dit leur attente de r\u00e9sultats, en mati\u00e8re d\u2019emploi et de pouvoir d\u2019achat&#8201;\u00bb.   Vous remarquerez l\u2019extr\u00eame proximit\u00e9 entre la r\u00e9action du Ministre de l\u2019int\u00e9rieur et celle de S\u00e9gol\u00e8ne Royal. Elles sont du m\u00eame tonneau. L\u2019orientation n\u2019est pas en cause. Ce sont les r\u00e9sultats qui se font attendre. Cela signifie qu&rsquo;il faut aller toujours dans la m\u00eame direction, plus vite et plus fort, pour obtenir des r\u00e9sultats  &#8211;      Pierre Moscovici, ministre de l\u2019\u00c9conomie a estim\u00e9 que le gouvernement devait \u00ab&#8201;mettre en \u0153uvre le pacte de responsabilit\u00e9&#8201;\u00bb tout en entendant le \u00ab&#8201;message de justice sociale&#8201;\u00bb exprim\u00e9 dans les urnes dimanche \u00bb  Or, le pacte de responsabilit\u00e9 qui est une agression massive contre la masse salariale distribu\u00e9e est pr\u00e9cis\u00e9ment g\u00e9n\u00e9ratrice de la pire injustice sociale. La justice sociale dont parle \u00ab Pierre Faux-cul \u00bb, n\u2019est donc qu\u2019un saupoudrage verbeux pour tenter faire oublier qu\u2019il vient de revendiquer son contraire.   &#8211;      Jean-Fran\u00e7ois Cop\u00e9 : \u00ab a estim\u00e9 \u00e9galement que Fran\u00e7ois Hollande devait \u00ab&#8201;absolument changer de politique&#8201;\u00bb. Ce changement doit porter sur \u00ab&#8201;le plan fiscal, la lutte contre le ch\u00f4mage et (\u2026) la pr\u00e9carit\u00e9&#8201;\u00bb et il faut aussi \u00ab&#8201;qu\u2019il retire la r\u00e9forme p\u00e9nale de Mme Taubira qui sera une catastrophe pour la d\u00e9linquance, ainsi que la r\u00e9forme des rythmes scolaires&#8201;\u00bb. (sources, \u00ab\u00a0les \u00e9chos.fr\u00a0\u00bb)  Nous doutons fort que la r\u00e9forme p\u00e9nale de Madame Taubira, ni d\u2019ailleurs les rythmes scolaires n\u2019aient grand-chose \u00e0 voir avec la sanction \u00e9lectorale des dimanches 23 et 30 mars. Quant au changement de politique dans la bouche de Cop\u00e9, chacun devine ais\u00e9ment qu\u2019il s\u2019agit rien moins que d\u2019une version aggrav\u00e9e de l\u2019orientation actuelle.  Toutes ces r\u00e9actions laissent bien pr\u00e9sager, elles la pr\u00e9parent, elles lui ouvrent la voie, ce que sera au final la sentence du \u00ab Deus ex machina \u00bb du \u00ab syst\u00e8me politique Fran\u00e7ais, le Pr\u00e9sident de la r\u00e9publique.Celle-ci est en effet tomb\u00e9e, lundi soir \u00e0 20 heures. Quand les \u00e9lecteurs populaires dans l\u2019ar\u00e8ne \u00e9lectorale hurlent \u00e0 s&rsquo;\u00e9poumoner: \u00ab arr\u00eate ton char Ben-Hur ! \u00bb Ben-Hur r\u00e9pond d\u00e9daigneux et cynique: \u00ab j\u2019ai bien entendu le message, il faut aller plus vite et plus fort \u00bb. Nous avons dit sur le vif toute notre indignation. Il nous eut sans nul doute adress\u00e9  \u00ab un bras d\u2019honneur \u00bb, ou pourquoi pas \u00ab une quenelle \u00bb, si ces gestes symboliques qui se font \u00e0 deux bras ne l\u2019avaient oblig\u00e9 \u00e0 l\u00e2cher la bride \u00e0 son attelage. C\u2019est pourquoi il a opt\u00e9 pour le  \u00ab crachat \u00e0 la face des \u00e9lecteurs m\u00e9contents \u00bb.   Vous savez que nous ne sommes pas pour autant surpris. Nous n\u2019en attendions pas moins. N\u2019avions-nous pas \u00e9crit : \u00ab 4) JE VOUS AI COMPRIS !JE N\u2019EN AI RIEN A \u00ab BATTRE. Les \u00e9quipes dirigeantes ne sont pas sourdes, elles entendent les messages des \u00e9lecteurs. Mais la r\u00e9ponse qu\u2019elles leur font, sont rarement conformes \u00e0 ce que ceux-ci seraient en droit d\u2019attendre. \u00bb (Petit journal de la campagne \u00e9lectorale -27 mars 2014).    Depuis, la d\u00e9claration de 20 heures de Fran\u00e7ois Hollande, la nomination de Manuel Valls, la formation du nouveau gouvernement, l\u2019ont confirm\u00e9 au-del\u00e0 de toute attente : Oui, ils se moquent de vous. Oui, ils se moquent de nous. C\u2019est pourquoi nous ajoutions, le Samedi 29 mars : \u00a0\u00bb Le changement c\u2019est pour bient\u00f4t \u00bb Par ce vote sanction, les Fran\u00e7ais n\u2019ont pas dit leur d\u00e9sint\u00e9r\u00eat pour les affaires publiques, au contraire. Ce qu\u2019ils ont dit c\u2019est leur col\u00e8re contre le parti au pouvoir et plus g\u00e9n\u00e9ralement contre les partis politiques de gouvernement, et leur d\u00e9pit \u00e0 l\u2019endroit du syst\u00e8me de l\u2019alternance et du bipartisme qui pi\u00e8ge l\u2019expression politique. Les Fran\u00e7ais n\u2019ont pas suppli\u00e9 les dirigeants en place de \u00ab changer de politique \u00bb, ils se sont mis en qu\u00eate des moyens de sortir du pi\u00e8ge. Et c\u2019est ce qui pr\u00e9sage d\u2019une intrusion populaire  imminente sur le terrain de la lutte politique directe.\u00a0\u00bb     Le vrai changement c\u2019est celui que le peuple fera lui-m\u00eame. L\u2019heure de la r\u00e9volte sociale sonne..  2 Avril 2014.<\/p>\n","protected":false},"excerpt":{"rendered":"<p>ARR\u00caTE TON CHAR BEN-HUR ! Nous avons voulu dire avant-hier soir, notre indignation et notre col\u00e8re en r\u00e9action \u00e0 l\u2019innommable [&hellip;]<\/p>\n","protected":false},"author":1,"featured_media":0,"comment_status":"open","ping_status":"open","sticky":false,"template":"","format":"standard","meta":{"sfsi_plus_gutenberg_text_before_share":"","sfsi_plus_gutenberg_show_text_before_share":"","sfsi_plus_gutenberg_icon_type":"","sfsi_plus_gutenberg_icon_alignemt":"","sfsi_plus_gutenburg_max_per_row":"","site-sidebar-layout":"default","site-content-layout":"","ast-site-content-layout":"default","site-content-style":"default","site-sidebar-style":"default","ast-global-header-display":"","ast-banner-title-visibility":"","ast-main-header-display":"","ast-hfb-above-header-display":"","ast-hfb-below-header-display":"","ast-hfb-mobile-header-display":"","site-post-title":"","ast-breadcrumbs-content":"","ast-featured-img":"","footer-sml-layout":"","ast-disable-related-posts":"","theme-transparent-header-meta":"","adv-header-id-meta":"","stick-header-meta":"","header-above-stick-meta":"","header-main-stick-meta":"","header-below-stick-meta":"","astra-migrate-meta-layouts":"default","ast-page-background-enabled":"default","ast-page-background-meta":{"desktop":{"background-color":"var(--ast-global-color-4)","background-image":"","background-repeat":"repeat","background-position":"center center","background-size":"auto","background-attachment":"scroll","background-type":"","background-media":"","overlay-type":"","overlay-color":"","overlay-opacity":"","overlay-gradient":""},"tablet":{"background-color":"","background-image":"","background-repeat":"repeat","background-position":"center center","background-size":"auto","background-attachment":"scroll","background-type":"","background-media":"","overlay-type":"","overlay-color":"","overlay-opacity":"","overlay-gradient":""},"mobile":{"background-color":"","background-image":"","background-repeat":"repeat","background-position":"center center","background-size":"auto","background-attachment":"scroll","background-type":"","background-media":"","overlay-type":"","overlay-color":"","overlay-opacity":"","overlay-gradient":""}},"ast-content-background-meta":{"desktop":{"background-color":"var(--ast-global-color-5)","background-image":"","background-repeat":"repeat","background-position":"center center","background-size":"auto","background-attachment":"scroll","background-type":"","background-media":"","overlay-type":"","overlay-color":"","overlay-opacity":"","overlay-gradient":""},"tablet":{"background-color":"var(--ast-global-color-5)","background-image":"","background-repeat":"repeat","background-position":"center center","background-size":"auto","background-attachment":"scroll","background-type":"","background-media":"","overlay-type":"","overlay-color":"","overlay-opacity":"","overlay-gradient":""},"mobile":{"background-color":"var(--ast-global-color-5)","background-image":"","background-repeat":"repeat","background-position":"center center","background-size":"auto","background-attachment":"scroll","background-type":"","background-media":"","overlay-type":"","overlay-color":"","overlay-opacity":"","overlay-gradient":""}},"footnotes":""},"categories":[16],"tags":[],"class_list":["post-1288","post","type-post","status-publish","format-standard","hentry","category-archives-cms"],"_links":{"self":[{"href":"https:\/\/lavoiedessansvoix.fr\/lavoie\/wp-json\/wp\/v2\/posts\/1288","targetHints":{"allow":["GET"]}}],"collection":[{"href":"https:\/\/lavoiedessansvoix.fr\/lavoie\/wp-json\/wp\/v2\/posts"}],"about":[{"href":"https:\/\/lavoiedessansvoix.fr\/lavoie\/wp-json\/wp\/v2\/types\/post"}],"author":[{"embeddable":true,"href":"https:\/\/lavoiedessansvoix.fr\/lavoie\/wp-json\/wp\/v2\/users\/1"}],"replies":[{"embeddable":true,"href":"https:\/\/lavoiedessansvoix.fr\/lavoie\/wp-json\/wp\/v2\/comments?post=1288"}],"version-history":[{"count":0,"href":"https:\/\/lavoiedessansvoix.fr\/lavoie\/wp-json\/wp\/v2\/posts\/1288\/revisions"}],"wp:attachment":[{"href":"https:\/\/lavoiedessansvoix.fr\/lavoie\/wp-json\/wp\/v2\/media?parent=1288"}],"wp:term":[{"taxonomy":"category","embeddable":true,"href":"https:\/\/lavoiedessansvoix.fr\/lavoie\/wp-json\/wp\/v2\/categories?post=1288"},{"taxonomy":"post_tag","embeddable":true,"href":"https:\/\/lavoiedessansvoix.fr\/lavoie\/wp-json\/wp\/v2\/tags?post=1288"}],"curies":[{"name":"wp","href":"https:\/\/api.w.org\/{rel}","templated":true}]}}