{"id":1287,"date":"2014-04-03T17:12:00","date_gmt":"2014-04-03T15:12:00","guid":{"rendered":"https:\/\/lavoiedessansvoix.fr\/lavoie\/2014\/04\/03\/archive-quot-la-tournante-quot-l-europe-viole-l-ukraine\/"},"modified":"2014-04-03T17:12:00","modified_gmt":"2014-04-03T15:12:00","slug":"archive-quot-la-tournante-quot-l-europe-viole-l-ukraine","status":"publish","type":"post","link":"https:\/\/lavoiedessansvoix.fr\/lavoie\/2014\/04\/03\/archive-quot-la-tournante-quot-l-europe-viole-l-ukraine\/","title":{"rendered":"&quot;LA TOURNANTE&quot;  L\u2019EUROPE VIOLE L\u2019UKRAINE"},"content":{"rendered":"<p>\u00ab\u00a0LA TOURNANTE\u00a0\u00bb  L\u2019EUROPE VIOLE L\u2019UKRAINE  Un coup de force a chass\u00e9 le pr\u00e9sident Viktor Ianoukovitch, d\u00e9mocratiquement \u00e9lu, ce que personne ne conteste. Les insurg\u00e9s de la place Ma\u00eedan de Kiev, ont instaur\u00e9 un gouvernement qui se d\u00e9finit lui-m\u00eame comme \u00ab provisoire \u00bb. N\u2019\u00e9tant pas l\u2019\u00e9manation du suffrage universel, celui-ci ne d\u00e9tient qu\u2019une l\u00e9gitimit\u00e9 relative voire contestable. Il a d\u2019ailleurs d\u00e9cid\u00e9 d\u2019enclencher un processus \u00e9lectoral, afin de restaurer la l\u00e9gitimit\u00e9 du pouvoir. Des \u00e9lections pr\u00e9sidentielles doivent avoir lieu le 25 mai. Qu\u2019elle peut-\u00eatre la l\u00e9gitimit\u00e9 d\u2019un pouvoir issu d\u2019un processus \u00e9lectoral d\u00e9cid\u00e9 et pilot\u00e9 par un gouvernement ill\u00e9gitime ? Nous ne chipoterons pas sur des notions de \u00ab droit \u00bb, Acceptons un moment, comme un fait intangible la l\u00e9gitimit\u00e9 de ce futur gouvernement. Alors, le gouvernement \u00ab provisoire \u00bb, ne devrait-il pas, dans l\u2019attente de l\u2019expression populaire se limiter \u00e0 exp\u00e9dier les affaires courantes, ne devrait-il pas s\u2019abstenir de toute d\u00e9cision strat\u00e9gique de nature \u00e0 sceller le destin de l\u2019Ukraine, avant que les \u00e9lecteurs ne se soient prononc\u00e9s ?  Or, \u00e0 quoi assiste-ton en r\u00e9alit\u00e9 ?  Le vendredi 21 mars \u00ab Les chefs d&rsquo;\u00c9tat et de gouvernement ont paraph\u00e9 le \u00abvolet politique\u00bb de l&rsquo;Accord d&rsquo;association avec l&rsquo;Ukraine. \u00bb \u2026 \u00ab C&rsquo;est le m\u00eame document qui avait conduit le Kremlin \u00e0 tordre le bras de l&rsquo;ex-pr\u00e9sident Viktor Ianoukovitch pour qu&rsquo;il renonce \u00e0 la signature le 21 novembre,.. \u00bb (Le Figaro.fr ), Puis, le 3 avril  \u00ab\u00a0Le Parlement europ\u00e9en avalise la suppression des droits de douane sur les importations ukrainiennes.\u00a0\u00bb  Les choses sont on ne peut plus claires. Comme l\u2019ont \u00e9crit, Jean-Jacques Mevel, et Philippe Gelie dans \u00ab Le Figaro.fr \u00bb, article cit\u00e9 plus haut, \u00abLes Vingt-Huit arriment l&rsquo;Ukraine \u00e0 l&rsquo;UE. \u00bb. \u00ab\u00a0Arrimer ?\u00a0\u00bb C&rsquo;est un terme de marine, il en existe un autre pour d\u00e9signer la m\u00eame action en politique : \u00ab\u00a0Annexion\u00a0\u00bb. Il s\u2019agit rien moins en effet que d\u2019une d\u00e9marche annexionniste. Non pas fond\u00e9e ici sur la volont\u00e9 populaire se pronon\u00e7ant dans un r\u00e9f\u00e9rendum d\u2019autod\u00e9termination, mais sur un double abus de pouvoir. Celui d\u2019un gouvernement provisoire inf\u00e9od\u00e9, car redevable \u00e0 l\u2019Europe lib\u00e9rale, qui outrepasse les droits que lui conf\u00e8re sa nature, et celui d&rsquo;une Europe expansionniste qui veut forcer le destin en cr\u00e9ant un \u00e9tat de fait difficilement r\u00e9versible.  En fait, l\u2019Europe qui se dit d\u00e9mocratique se d\u00e9p\u00eache de pratiquer la politique \u00ab du fait accompli \u00bb, avant que n\u2019\u00e9merge une nouvelle l\u00e9gitimit\u00e9 dont nul ne sait encore vraiment ce qu\u2019elle sera. Cependant que les Fascistes de Kiev la leur tiennent les 28 chefs d\u2019\u00c9tats europ\u00e9ens violent l\u2019Ukraine.  Mercredi 3 avril 2014.<\/p>\n","protected":false},"excerpt":{"rendered":"<p>\u00ab\u00a0LA TOURNANTE\u00a0\u00bb L\u2019EUROPE VIOLE L\u2019UKRAINE Un coup de force a chass\u00e9 le pr\u00e9sident Viktor Ianoukovitch, d\u00e9mocratiquement \u00e9lu, ce que personne [&hellip;]<\/p>\n","protected":false},"author":1,"featured_media":0,"comment_status":"open","ping_status":"open","sticky":false,"template":"","format":"standard","meta":{"sfsi_plus_gutenberg_text_before_share":"","sfsi_plus_gutenberg_show_text_before_share":"","sfsi_plus_gutenberg_icon_type":"","sfsi_plus_gutenberg_icon_alignemt":"","sfsi_plus_gutenburg_max_per_row":"","site-sidebar-layout":"default","site-content-layout":"","ast-site-content-layout":"default","site-content-style":"default","site-sidebar-style":"default","ast-global-header-display":"","ast-banner-title-visibility":"","ast-main-header-display":"","ast-hfb-above-header-display":"","ast-hfb-below-header-display":"","ast-hfb-mobile-header-display":"","site-post-title":"","ast-breadcrumbs-content":"","ast-featured-img":"","footer-sml-layout":"","ast-disable-related-posts":"","theme-transparent-header-meta":"","adv-header-id-meta":"","stick-header-meta":"","header-above-stick-meta":"","header-main-stick-meta":"","header-below-stick-meta":"","astra-migrate-meta-layouts":"default","ast-page-background-enabled":"default","ast-page-background-meta":{"desktop":{"background-color":"var(--ast-global-color-4)","background-image":"","background-repeat":"repeat","background-position":"center center","background-size":"auto","background-attachment":"scroll","background-type":"","background-media":"","overlay-type":"","overlay-color":"","overlay-opacity":"","overlay-gradient":""},"tablet":{"background-color":"","background-image":"","background-repeat":"repeat","background-position":"center center","background-size":"auto","background-attachment":"scroll","background-type":"","background-media":"","overlay-type":"","overlay-color":"","overlay-opacity":"","overlay-gradient":""},"mobile":{"background-color":"","background-image":"","background-repeat":"repeat","background-position":"center center","background-size":"auto","background-attachment":"scroll","background-type":"","background-media":"","overlay-type":"","overlay-color":"","overlay-opacity":"","overlay-gradient":""}},"ast-content-background-meta":{"desktop":{"background-color":"var(--ast-global-color-5)","background-image":"","background-repeat":"repeat","background-position":"center center","background-size":"auto","background-attachment":"scroll","background-type":"","background-media":"","overlay-type":"","overlay-color":"","overlay-opacity":"","overlay-gradient":""},"tablet":{"background-color":"var(--ast-global-color-5)","background-image":"","background-repeat":"repeat","background-position":"center center","background-size":"auto","background-attachment":"scroll","background-type":"","background-media":"","overlay-type":"","overlay-color":"","overlay-opacity":"","overlay-gradient":""},"mobile":{"background-color":"var(--ast-global-color-5)","background-image":"","background-repeat":"repeat","background-position":"center center","background-size":"auto","background-attachment":"scroll","background-type":"","background-media":"","overlay-type":"","overlay-color":"","overlay-opacity":"","overlay-gradient":""}},"footnotes":""},"categories":[16],"tags":[],"class_list":["post-1287","post","type-post","status-publish","format-standard","hentry","category-archives-cms"],"_links":{"self":[{"href":"https:\/\/lavoiedessansvoix.fr\/lavoie\/wp-json\/wp\/v2\/posts\/1287","targetHints":{"allow":["GET"]}}],"collection":[{"href":"https:\/\/lavoiedessansvoix.fr\/lavoie\/wp-json\/wp\/v2\/posts"}],"about":[{"href":"https:\/\/lavoiedessansvoix.fr\/lavoie\/wp-json\/wp\/v2\/types\/post"}],"author":[{"embeddable":true,"href":"https:\/\/lavoiedessansvoix.fr\/lavoie\/wp-json\/wp\/v2\/users\/1"}],"replies":[{"embeddable":true,"href":"https:\/\/lavoiedessansvoix.fr\/lavoie\/wp-json\/wp\/v2\/comments?post=1287"}],"version-history":[{"count":0,"href":"https:\/\/lavoiedessansvoix.fr\/lavoie\/wp-json\/wp\/v2\/posts\/1287\/revisions"}],"wp:attachment":[{"href":"https:\/\/lavoiedessansvoix.fr\/lavoie\/wp-json\/wp\/v2\/media?parent=1287"}],"wp:term":[{"taxonomy":"category","embeddable":true,"href":"https:\/\/lavoiedessansvoix.fr\/lavoie\/wp-json\/wp\/v2\/categories?post=1287"},{"taxonomy":"post_tag","embeddable":true,"href":"https:\/\/lavoiedessansvoix.fr\/lavoie\/wp-json\/wp\/v2\/tags?post=1287"}],"curies":[{"name":"wp","href":"https:\/\/api.w.org\/{rel}","templated":true}]}}