{"id":1285,"date":"2014-04-08T08:10:00","date_gmt":"2014-04-08T06:10:00","guid":{"rendered":"https:\/\/lavoiedessansvoix.fr\/lavoie\/2014\/04\/08\/archive-arnaud-montebourg-a-choisi-son-camp\/"},"modified":"2014-04-08T08:10:00","modified_gmt":"2014-04-08T06:10:00","slug":"archive-arnaud-montebourg-a-choisi-son-camp","status":"publish","type":"post","link":"https:\/\/lavoiedessansvoix.fr\/lavoie\/2014\/04\/08\/archive-arnaud-montebourg-a-choisi-son-camp\/","title":{"rendered":"ARNAUD MONTEBOURG A CHOISI SON CAMP."},"content":{"rendered":"<p>ARNAUD MONTEBOURG A CHOISI SON CAMP.     Nous avons relev\u00e9 avant-hier le propos d\u2019Arnaud Montebourg, \u00e0 l\u2019adresse des ouvri\u00e8res de la biscuiterie \u00ab Jeannette \u00bb. Pour l\u2019heure, nous n\u2019avons pas connaissance que d\u2019autres en est fait autant. Pourtant cette petite phrase n\u2019est pas anecdotique. Il ne s\u2019agit pas d\u2019une petite phrase tir\u00e9e de son contexte, dont nous nous serions empar\u00e9s dans l\u2019intention de nuire \u00e0 son auteur malencontreux. C\u2019est tout le contraire. Cette phrase ne rel\u00e8ve pas du propos malencontreux. Elle est non seulement \u00ab dans le contexte \u00bb, mais peut-\u00eatre m\u00eame pourrait-on dire, l\u2019expression concentr\u00e9e du contexte. Elle t\u00e9moigne de l\u2019adh\u00e9sion totale d\u2019Arnaud Montebourg (et que dire alors de ses coll\u00e8gues) \u00e0 la doctrine ultra lib\u00e9rale selon laquelle l\u2019activit\u00e9 \u00e9conomique, donc l\u2019emploi, rel\u00e8ve de la seule sph\u00e8re priv\u00e9e. C\u2019est pourquoi nous entendons y revenir et enfoncer le clou.  \u00ab L\u2019activit\u00e9 \u00e9conomique rel\u00e8ve de la seule sph\u00e8re priv\u00e9e et non de l\u2019Etat \u00bb. Ce postulat, ainsi formul\u00e9 dans toute sa rigueur, date en v\u00e9rit\u00e9 seulement de la moiti\u00e9 des ann\u00e9es 80, de la doctrine ultra-lib\u00e9rale promue par le couple infernal Thatcher\/Reagan. Jusque-l\u00e0, les Etats, particuli\u00e8rement dans notre vieille Europe, se consid\u00e9raient au contraire investit d\u2019une mission \u00e9conomique \u00ab r\u00e9galienne \u00bb. Donc, le \u00ab postulat \u00bb que certains nous ass\u00e8nent comme une v\u00e9rit\u00e9 intangible est en v\u00e9rit\u00e9 tout \u00e0 fait discutable. Mais faisons semblant de croire qu\u2019il est tout aussi incontestable que \u00ab la v\u00e9rit\u00e9 r\u00e9v\u00e9l\u00e9e \u00bb de Dieu. Agenouillons-nous un moment pour ob\u00e9ir \u00e0 Arnaud Montebourg en habits sacerdotal de grand pr\u00eatre de la doctrine n\u00e9o-lib\u00e9rale mondialiste. Comme les \u00ab sourates \u00bb \u00ab les psaumes \u00bb ne se discutent pas. Ne discutons pas d\u2019avantage, \u2026\u2026 Le probl\u00e8me c\u2019est qu\u2019il y a un \u00ab Hic \u00bb et m\u00eame de nombreux \u00ab hics \u00bb dirai-je.    Le salaire, et tout ce qui y aff\u00e8re, les charges sociales, les retraites, les prestations familiales sont des composants de la vie \u00e9conomique. Ils r\u00e9sultent du partage de la richesse produite, entre le capital et le travail. Ils ont donc une incidence directe sur le \u00ab taux de profit \u00bb, les \u00ab b\u00e9n\u00e9fices \u00bb, \u00ab les dividendes \u00bb distribu\u00e9s aux actionnaires, les disponibilit\u00e9s de tr\u00e9sorerie, les capacit\u00e9s d\u2019investissements. Or dans ces mati\u00e8res, les gouvernements, c\u2019est de notori\u00e9t\u00e9 publique, interf\u00e8rent sans \u00e9tats d\u2019\u00e2me. Pour preuves : la r\u00e9forme des retraites, la r\u00e9duction des d\u00e9penses de sant\u00e9, le rognage des prestations familiales, l\u2019al\u00e8gements des charges patronales, etc. et, dernier en date \u00ab le pacte de responsabilit\u00e9 \u00bb dont l\u2019objet avou\u00e9, \u00ab l\u2019am\u00e9lioration de la COMPETITIVITE des entreprises \u00bb signifie en v\u00e9rit\u00e9 la r\u00e9cession programm\u00e9 des salaires. En tous ces aspects de la vie \u00e9conomique les gouvernements se consid\u00e8rent donc investit d\u2019un pouvoir et d\u2019une mission.    Les gouvernements qui se rallient au cr\u00e9do de l\u2019\u00e9conomie lib\u00e9rale : \u00ab l\u2019\u00e9conomie n\u2019est pas du ressort de l\u2019Etat \u00bb, ne rechignent pas en v\u00e9rit\u00e9 \u00e0 se m\u00ealer d\u2019\u00e9conomie, chaque fois qu\u2019il s\u2019agit de s\u2019en prendre, par tous les moyens, aux revenus salariaux pour faire augmenter les b\u00e9n\u00e9fices des entreprises et les dividendes des actionnaires (= comp\u00e9titivit\u00e9).  Mais ils d\u00e9clarent forfait, s\u2019avouent incomp\u00e9tents, quand il s\u2019agit d\u2019\u00e9viter des licenciements, des fermetures de sites, de prendre des d\u00e9cisions strat\u00e9giques de d\u00e9fense du potentiel industriel national, de trouver des repreneurs, de lutter contre les \u00ab d\u00e9localisations \u00bb etc. De d\u00e9fendre v\u00e9ritablement l\u2019emploi par la \u00ab r\u00e9-industrialisation \u00bb et non par de faux emplois aid\u00e9s qui sont le pr\u00e9texte \u00e0 faire de nouveaux cadeaux aux entreprises.    Pour les entreprises, les actionnaires et la finance !   Contre les travailleurs, ouvriers, ch\u00f4meurs et salari\u00e9s !     Classe contre classe, ils ont choisi leur camp. Montebourg aussi.    Mardi 8 avril 2014.<\/p>\n","protected":false},"excerpt":{"rendered":"<p>ARNAUD MONTEBOURG A CHOISI SON CAMP. Nous avons relev\u00e9 avant-hier le propos d\u2019Arnaud Montebourg, \u00e0 l\u2019adresse des ouvri\u00e8res de la [&hellip;]<\/p>\n","protected":false},"author":1,"featured_media":0,"comment_status":"open","ping_status":"open","sticky":false,"template":"","format":"standard","meta":{"sfsi_plus_gutenberg_text_before_share":"","sfsi_plus_gutenberg_show_text_before_share":"","sfsi_plus_gutenberg_icon_type":"","sfsi_plus_gutenberg_icon_alignemt":"","sfsi_plus_gutenburg_max_per_row":"","site-sidebar-layout":"default","site-content-layout":"","ast-site-content-layout":"default","site-content-style":"default","site-sidebar-style":"default","ast-global-header-display":"","ast-banner-title-visibility":"","ast-main-header-display":"","ast-hfb-above-header-display":"","ast-hfb-below-header-display":"","ast-hfb-mobile-header-display":"","site-post-title":"","ast-breadcrumbs-content":"","ast-featured-img":"","footer-sml-layout":"","ast-disable-related-posts":"","theme-transparent-header-meta":"","adv-header-id-meta":"","stick-header-meta":"","header-above-stick-meta":"","header-main-stick-meta":"","header-below-stick-meta":"","astra-migrate-meta-layouts":"default","ast-page-background-enabled":"default","ast-page-background-meta":{"desktop":{"background-color":"var(--ast-global-color-4)","background-image":"","background-repeat":"repeat","background-position":"center center","background-size":"auto","background-attachment":"scroll","background-type":"","background-media":"","overlay-type":"","overlay-color":"","overlay-opacity":"","overlay-gradient":""},"tablet":{"background-color":"","background-image":"","background-repeat":"repeat","background-position":"center center","background-size":"auto","background-attachment":"scroll","background-type":"","background-media":"","overlay-type":"","overlay-color":"","overlay-opacity":"","overlay-gradient":""},"mobile":{"background-color":"","background-image":"","background-repeat":"repeat","background-position":"center center","background-size":"auto","background-attachment":"scroll","background-type":"","background-media":"","overlay-type":"","overlay-color":"","overlay-opacity":"","overlay-gradient":""}},"ast-content-background-meta":{"desktop":{"background-color":"var(--ast-global-color-5)","background-image":"","background-repeat":"repeat","background-position":"center center","background-size":"auto","background-attachment":"scroll","background-type":"","background-media":"","overlay-type":"","overlay-color":"","overlay-opacity":"","overlay-gradient":""},"tablet":{"background-color":"var(--ast-global-color-5)","background-image":"","background-repeat":"repeat","background-position":"center center","background-size":"auto","background-attachment":"scroll","background-type":"","background-media":"","overlay-type":"","overlay-color":"","overlay-opacity":"","overlay-gradient":""},"mobile":{"background-color":"var(--ast-global-color-5)","background-image":"","background-repeat":"repeat","background-position":"center center","background-size":"auto","background-attachment":"scroll","background-type":"","background-media":"","overlay-type":"","overlay-color":"","overlay-opacity":"","overlay-gradient":""}},"footnotes":""},"categories":[16],"tags":[],"class_list":["post-1285","post","type-post","status-publish","format-standard","hentry","category-archives-cms"],"_links":{"self":[{"href":"https:\/\/lavoiedessansvoix.fr\/lavoie\/wp-json\/wp\/v2\/posts\/1285","targetHints":{"allow":["GET"]}}],"collection":[{"href":"https:\/\/lavoiedessansvoix.fr\/lavoie\/wp-json\/wp\/v2\/posts"}],"about":[{"href":"https:\/\/lavoiedessansvoix.fr\/lavoie\/wp-json\/wp\/v2\/types\/post"}],"author":[{"embeddable":true,"href":"https:\/\/lavoiedessansvoix.fr\/lavoie\/wp-json\/wp\/v2\/users\/1"}],"replies":[{"embeddable":true,"href":"https:\/\/lavoiedessansvoix.fr\/lavoie\/wp-json\/wp\/v2\/comments?post=1285"}],"version-history":[{"count":0,"href":"https:\/\/lavoiedessansvoix.fr\/lavoie\/wp-json\/wp\/v2\/posts\/1285\/revisions"}],"wp:attachment":[{"href":"https:\/\/lavoiedessansvoix.fr\/lavoie\/wp-json\/wp\/v2\/media?parent=1285"}],"wp:term":[{"taxonomy":"category","embeddable":true,"href":"https:\/\/lavoiedessansvoix.fr\/lavoie\/wp-json\/wp\/v2\/categories?post=1285"},{"taxonomy":"post_tag","embeddable":true,"href":"https:\/\/lavoiedessansvoix.fr\/lavoie\/wp-json\/wp\/v2\/tags?post=1285"}],"curies":[{"name":"wp","href":"https:\/\/api.w.org\/{rel}","templated":true}]}}