{"id":1281,"date":"2014-04-15T08:56:00","date_gmt":"2014-04-15T06:56:00","guid":{"rendered":"https:\/\/lavoiedessansvoix.fr\/lavoie\/2014\/04\/15\/archive-impayable-obama\/"},"modified":"2014-04-15T08:56:00","modified_gmt":"2014-04-15T06:56:00","slug":"archive-impayable-obama","status":"publish","type":"post","link":"https:\/\/lavoiedessansvoix.fr\/lavoie\/2014\/04\/15\/archive-impayable-obama\/","title":{"rendered":"IMPAYABLE OBAMA"},"content":{"rendered":"<p>IMPAYABLE OBAMA Le nombre des visiteurs Am\u00e9ricains de \u00ab La Voie des sans Voix \u00bb, a cr\u00fb ce mois-ci de fa\u00e7on exponentielle. Aussi ne voudrions-nous pas nous f\u00e2cher avec les internautes d\u2019outre Atlantique qui nous font l\u2019honneur de leurs attentions. Nous leur disons : Ne croyez surtout pas chers amis visiteurs que nous sommes victimes d\u2019obsession, d\u2019obstination ou de toute autre forme d\u2019acharnement contre le pr\u00e9sident des USA. Nous avions r\u00e9cemment, \u00ab OBAMA. LE PETIT HOMME \u00bb port\u00e9e une charge terrible contre celui-ci. Or, nous voil\u00e0 contraints de r\u00e9it\u00e9rer. Ce n\u2019est pas notre faute ni notre volont\u00e9, c\u2019est sa faute \u00e0 lui et \u00e0 l\u2019inconsistance de son propos. Il disait le 3 mars que Poutine \u00e9tait \u00ab\u00a0du mauvais c\u00f4t\u00e9 de l\u2019Histoire\u00a0\u00bb, il vient d\u2019appeler \u00abPoutine, \u00e0 convaincre les insurg\u00e9s de d\u00e9poser les armes \u00bb (les \u00e9chos \u2026.) Et que diable n-a-t-il fait \u00e7a lui- m\u00eame le 22 mars, quand \u00e7a ne d\u00e9pendait que de lui, d\u2019appeler les insurg\u00e9s de la place Maidan \u00e0 d\u00e9poser les armes ?     Vous voyez chers amis am\u00e9ricains, \u00e7a n\u2019est pas notre faute, c\u2019est bien votre pr\u00e9sident Obama, lui-m\u00eame qui persiste et signe dans la mauvaise foi et dans l\u2019insanit\u00e9. Or, nous le savons bien, vous n\u2019\u00eates pas vraiment responsable de cet \u00e9tat de fait. Nous sommes d\u2019autant plus enclins \u00e0 vous en excuser quand nous m\u00eame Fran\u00e7ais constatons l\u2019insolente mauvaise foi de notre propre pr\u00e9sident.  Mardi 15 avril 2014.<\/p>\n","protected":false},"excerpt":{"rendered":"<p>IMPAYABLE OBAMA Le nombre des visiteurs Am\u00e9ricains de \u00ab La Voie des sans Voix \u00bb, a cr\u00fb ce mois-ci de [&hellip;]<\/p>\n","protected":false},"author":1,"featured_media":0,"comment_status":"open","ping_status":"open","sticky":false,"template":"","format":"standard","meta":{"sfsi_plus_gutenberg_text_before_share":"","sfsi_plus_gutenberg_show_text_before_share":"","sfsi_plus_gutenberg_icon_type":"","sfsi_plus_gutenberg_icon_alignemt":"","sfsi_plus_gutenburg_max_per_row":"","site-sidebar-layout":"default","site-content-layout":"","ast-site-content-layout":"default","site-content-style":"default","site-sidebar-style":"default","ast-global-header-display":"","ast-banner-title-visibility":"","ast-main-header-display":"","ast-hfb-above-header-display":"","ast-hfb-below-header-display":"","ast-hfb-mobile-header-display":"","site-post-title":"","ast-breadcrumbs-content":"","ast-featured-img":"","footer-sml-layout":"","ast-disable-related-posts":"","theme-transparent-header-meta":"","adv-header-id-meta":"","stick-header-meta":"","header-above-stick-meta":"","header-main-stick-meta":"","header-below-stick-meta":"","astra-migrate-meta-layouts":"default","ast-page-background-enabled":"default","ast-page-background-meta":{"desktop":{"background-color":"var(--ast-global-color-4)","background-image":"","background-repeat":"repeat","background-position":"center center","background-size":"auto","background-attachment":"scroll","background-type":"","background-media":"","overlay-type":"","overlay-color":"","overlay-opacity":"","overlay-gradient":""},"tablet":{"background-color":"","background-image":"","background-repeat":"repeat","background-position":"center center","background-size":"auto","background-attachment":"scroll","background-type":"","background-media":"","overlay-type":"","overlay-color":"","overlay-opacity":"","overlay-gradient":""},"mobile":{"background-color":"","background-image":"","background-repeat":"repeat","background-position":"center center","background-size":"auto","background-attachment":"scroll","background-type":"","background-media":"","overlay-type":"","overlay-color":"","overlay-opacity":"","overlay-gradient":""}},"ast-content-background-meta":{"desktop":{"background-color":"var(--ast-global-color-5)","background-image":"","background-repeat":"repeat","background-position":"center center","background-size":"auto","background-attachment":"scroll","background-type":"","background-media":"","overlay-type":"","overlay-color":"","overlay-opacity":"","overlay-gradient":""},"tablet":{"background-color":"var(--ast-global-color-5)","background-image":"","background-repeat":"repeat","background-position":"center center","background-size":"auto","background-attachment":"scroll","background-type":"","background-media":"","overlay-type":"","overlay-color":"","overlay-opacity":"","overlay-gradient":""},"mobile":{"background-color":"var(--ast-global-color-5)","background-image":"","background-repeat":"repeat","background-position":"center center","background-size":"auto","background-attachment":"scroll","background-type":"","background-media":"","overlay-type":"","overlay-color":"","overlay-opacity":"","overlay-gradient":""}},"footnotes":""},"categories":[16],"tags":[],"class_list":["post-1281","post","type-post","status-publish","format-standard","hentry","category-archives-cms"],"_links":{"self":[{"href":"https:\/\/lavoiedessansvoix.fr\/lavoie\/wp-json\/wp\/v2\/posts\/1281","targetHints":{"allow":["GET"]}}],"collection":[{"href":"https:\/\/lavoiedessansvoix.fr\/lavoie\/wp-json\/wp\/v2\/posts"}],"about":[{"href":"https:\/\/lavoiedessansvoix.fr\/lavoie\/wp-json\/wp\/v2\/types\/post"}],"author":[{"embeddable":true,"href":"https:\/\/lavoiedessansvoix.fr\/lavoie\/wp-json\/wp\/v2\/users\/1"}],"replies":[{"embeddable":true,"href":"https:\/\/lavoiedessansvoix.fr\/lavoie\/wp-json\/wp\/v2\/comments?post=1281"}],"version-history":[{"count":0,"href":"https:\/\/lavoiedessansvoix.fr\/lavoie\/wp-json\/wp\/v2\/posts\/1281\/revisions"}],"wp:attachment":[{"href":"https:\/\/lavoiedessansvoix.fr\/lavoie\/wp-json\/wp\/v2\/media?parent=1281"}],"wp:term":[{"taxonomy":"category","embeddable":true,"href":"https:\/\/lavoiedessansvoix.fr\/lavoie\/wp-json\/wp\/v2\/categories?post=1281"},{"taxonomy":"post_tag","embeddable":true,"href":"https:\/\/lavoiedessansvoix.fr\/lavoie\/wp-json\/wp\/v2\/tags?post=1281"}],"curies":[{"name":"wp","href":"https:\/\/api.w.org\/{rel}","templated":true}]}}