{"id":1277,"date":"2014-04-24T08:15:00","date_gmt":"2014-04-24T06:15:00","guid":{"rendered":"https:\/\/lavoiedessansvoix.fr\/lavoie\/2014\/04\/24\/archive-quelques-reactions-sur-une-actualite-a-vomir\/"},"modified":"2014-04-24T08:15:00","modified_gmt":"2014-04-24T06:15:00","slug":"archive-quelques-reactions-sur-une-actualite-a-vomir","status":"publish","type":"post","link":"https:\/\/lavoiedessansvoix.fr\/lavoie\/2014\/04\/24\/archive-quelques-reactions-sur-une-actualite-a-vomir\/","title":{"rendered":"QUELQUES REACTIONS SUR UNE ACTUALITE A VOMIR"},"content":{"rendered":"<p>QUELQUES R\u00c9ACTIONS SUR UNE ACTUALIT\u00c9 A VOMIR  1 \u2013 LE FRAN\u00c7AIS, LANGUE BARBARE ?  \u00c7a avait plut\u00f4t bien commenc\u00e9. Quatre otages Fran\u00e7ais d\u00e9tenus en Syrie ont \u00e9t\u00e9 r\u00e9cemment lib\u00e9r\u00e9s. Vous aviez remarqu\u00e9 que tout le temps de leur d\u00e9tention, la presse \u00ab missionnaire \u00bb n\u2019a dit \u00e0 aucun moment par \u00ab qui \u00bb ils \u00e9taient ainsi retenus.   En Syrie ! Pensez, l\u2019occasion \u00e9tait trop bonne de laisser croire aux \u00e2mes simples qu\u2019ils \u00e9taient les victimes de ce r\u00e9gime honnis que la France combattait \u00ab \u00e0 juste titre de d\u00e9mocratie \u00bb ; contre lequel elle avait engag\u00e9 toute son influence et maints moyens militaires. Mais ils \u00e9taient en v\u00e9rit\u00e9 les otages, et les autorit\u00e9s Fran\u00e7aises menteuses le savaient tr\u00e8s bien,  des \u00ab Djihadistes \u00bb, ces troupes mercenaires \u00e0 la solde de l\u2019Arabie Saoudite et du Qatar, les alli\u00e9s de Fran\u00e7ois Hollande et Barak Obama, des USA de la France et du Royaume-Uni.  Une ran\u00e7on a-t-elle \u00e9t\u00e9 pay\u00e9e ? Si ce n\u2019est pas le cas, c&rsquo;est une erreur, alors que s\u2019offrait l\u00e0 une occasion parfaite, presque incognito, pour Fran\u00e7ois Hollande de financer, l\u2019air de rien, ses amis du terrain, \u00ab ceux qui font le job ! \u00bb  Ils ont donc \u00e9taient lib\u00e9r\u00e9s, avec leurs barbes et leurs v\u00e9rit\u00e9s : \u00ab Leurs ge\u00f4liers parlaient fran\u00e7ais \u00bb. Eh ben oui ! Les gardes chiourmes des otages Fran\u00e7ais \u00e9taient probablement des Djihadistes Fran\u00e7ais. Horror ! Du coup voil\u00e0 que la machine \u00e9tatique se met en marche pour, soi-disant, enrayer le ph\u00e9nom\u00e8ne.  Mais ce qui retient notre attention \u00e0 nous, c\u2019est cette d\u00e9rive historique de notre idiome national. Sous l\u2019action conjugu\u00e9 de l\u2019abandon linguistique et de la servitude avilissante o\u00f9 en est r\u00e9duite sa m\u00e8re patrie, celui-ci qui put s\u2019enorgueillir longtemps d\u2019\u00eatre la langue officielle des \u00e9changes diplomatiques, synonyme de \u00ab finesse \u00bb, \u00ab d\u2019intelligence \u00bb et \u00ab de culture \u00bb, serait-il devenu la langue des barbares .    2 \u2013 ET LA BARBARIE  Un otage fran\u00e7ais est mort au Sahel. J\u2019\u00e9coutais hier soir, d\u2019une oreille distraite, le journal de 20 heures de \u00ab France 2 \u00bb, et je constatais que cela n\u2019engendrait aucune \u00e9motion v\u00e9ritable. Non, mais un simple d\u00e9compte macabre. Les sentiments humains ont \u00e9t\u00e9 occult\u00e9s par la froide d\u00e9termination guerri\u00e8re. Un otage Fran\u00e7ais est mort, fichtre ! La France a tu\u00e9 50 \u00ab terroristes \u00bb. 1 pour 50, c\u2019est un bon rapport non ? Avec l\u2019aide b\u00e9nie de drones am\u00e9ricains, on les surveille de pr\u00e8s, on les suit on les extermine. La France a eu la peau de \u00ab Barberousse \u00bb, il ne lui manque que la t\u00eate de Moktar ben Moktar \u00bb. Mourrez en paix chers otages fran\u00e7ais, vous serez bien veng\u00e9s.  3 \u2013 LES CYNIQUES  200, 250 ou 500, ce sont les chiffres controvers\u00e9s du nombre des djihadistes fran\u00e7ais engag\u00e9s dans les combats en Syrie. C\u2019est 250 affirme de mani\u00e8re certaine les services du minist\u00e8re de l\u2019int\u00e9rieur. Tient donc mais pour tenir une telle comptabilit\u00e9, ne fallait-il pas qu\u2019ils fussent parfaitement inform\u00e9s ? Normal, n\u2019est-ce pas eux, les v\u00e9ritables pr\u00e9dicateurs, pour ne pas dire recruteurs, de la Djihad au r\u00e9gime la\u00efque du Baas Syrien ? Et ils pr\u00e9tendent \u00e0 pr\u00e9sent qu\u2019ils vont prendre des mesures pour limiter le ph\u00e9nom\u00e8ne. Mais c\u2019est quoi donc qui les chagrine ? Des jeunes gens s\u2019engagent, \u00e0 leurs services, dans la guerre sainte qu\u2019ils instrumentalisent, vont tuer de \u00ab m\u00e9chants assadiens \u00bb, n\u2019est-ce pas au contraire \u00ab pain b\u00e9nit \u00bb que tout \u00e7a ? Oui, mais quand ils rentreront chez eux, c\u2019est-\u00e0-dire chez nous, ils vont retourner leurs haines et leurs armes contre nous. En fait, ce qu\u2019ils condamnent, ce qui les embarrasse, ce n\u2019est pas l\u2019engagement de cette jeunesse pour la Djihad \u00bb ce sont les cons\u00e9quences ult\u00e9rieures que cela aura chez nous.  4 \u2013 L&rsquo;IGNOBLE  Monsieur Fabius, Ministre fran\u00e7ais des affaires \u00e9trang\u00e8res vient de se prononcer clairement pour le travail dominical. Mais de quoi donc qu\u2019il se m\u00eale celui-l\u00e0, serait-on tent\u00e9 de dire d\u2019un premier \u00e9lan ?   Normal, depuis la formation du nouveau minist\u00e8re Valls, il est aussi Ministre du tourisme. \u00ab Il faut relancer l\u2019\u00e9conomie fran\u00e7aise en la rendant plus attractive aux \u00e9trangers, particuli\u00e8rement aux touristes \u00e9trangers, \u2026etc. Nous l\u2019avions dit depuis belle lurette, derri\u00e8res toutes leurs simagr\u00e9es et tergiversations, il y avait en v\u00e9rit\u00e9 la d\u00e9termination d\u2019en arriver \u00e0 la suppression de cette disposition du code du travail sur le repos dominical qui est un garde-fou de la vie familiale et sociale des fran\u00e7ais. Laurent Fabius ne fait en v\u00e9rit\u00e9 que dire clairement ce que les autres biaisaient de mille fa\u00e7on. Eh oui, le commerce, les int\u00e9r\u00eats commerciaux, les devises, \u00e7a le connait le Fabius. Il a \u00e7a dans le sang, sa lui vient de famille, c\u2019est inscrit dans ses g\u00eanes. Le profit, le fric d\u2019abord, le \u00ab veau d\u2019or \u00bb, tant pis pour les cons\u00e9quences \u00ab d\u00e9sructurantes \u00bb pour la vie familiale des Fran\u00e7ais. Qu\u2019importe le  pour le bien \u00eatre du \u00ab peuple \u00bb. N\u2019\u2019est-ce pas que de \u00ab la racaille \u00bb, du \u00ab menu fretin \u00bb dont les poss\u00e9dants doivent avoir loisir de disposer \u00e0 leur guise ?  Jeudi 23 avril 2014.<\/p>\n","protected":false},"excerpt":{"rendered":"<p>QUELQUES R\u00c9ACTIONS SUR UNE ACTUALIT\u00c9 A VOMIR 1 \u2013 LE FRAN\u00c7AIS, LANGUE BARBARE ? \u00c7a avait plut\u00f4t bien commenc\u00e9. Quatre [&hellip;]<\/p>\n","protected":false},"author":1,"featured_media":0,"comment_status":"open","ping_status":"open","sticky":false,"template":"","format":"standard","meta":{"sfsi_plus_gutenberg_text_before_share":"","sfsi_plus_gutenberg_show_text_before_share":"","sfsi_plus_gutenberg_icon_type":"","sfsi_plus_gutenberg_icon_alignemt":"","sfsi_plus_gutenburg_max_per_row":"","site-sidebar-layout":"default","site-content-layout":"","ast-site-content-layout":"default","site-content-style":"default","site-sidebar-style":"default","ast-global-header-display":"","ast-banner-title-visibility":"","ast-main-header-display":"","ast-hfb-above-header-display":"","ast-hfb-below-header-display":"","ast-hfb-mobile-header-display":"","site-post-title":"","ast-breadcrumbs-content":"","ast-featured-img":"","footer-sml-layout":"","ast-disable-related-posts":"","theme-transparent-header-meta":"","adv-header-id-meta":"","stick-header-meta":"","header-above-stick-meta":"","header-main-stick-meta":"","header-below-stick-meta":"","astra-migrate-meta-layouts":"default","ast-page-background-enabled":"default","ast-page-background-meta":{"desktop":{"background-color":"var(--ast-global-color-4)","background-image":"","background-repeat":"repeat","background-position":"center center","background-size":"auto","background-attachment":"scroll","background-type":"","background-media":"","overlay-type":"","overlay-color":"","overlay-opacity":"","overlay-gradient":""},"tablet":{"background-color":"","background-image":"","background-repeat":"repeat","background-position":"center center","background-size":"auto","background-attachment":"scroll","background-type":"","background-media":"","overlay-type":"","overlay-color":"","overlay-opacity":"","overlay-gradient":""},"mobile":{"background-color":"","background-image":"","background-repeat":"repeat","background-position":"center center","background-size":"auto","background-attachment":"scroll","background-type":"","background-media":"","overlay-type":"","overlay-color":"","overlay-opacity":"","overlay-gradient":""}},"ast-content-background-meta":{"desktop":{"background-color":"var(--ast-global-color-5)","background-image":"","background-repeat":"repeat","background-position":"center center","background-size":"auto","background-attachment":"scroll","background-type":"","background-media":"","overlay-type":"","overlay-color":"","overlay-opacity":"","overlay-gradient":""},"tablet":{"background-color":"var(--ast-global-color-5)","background-image":"","background-repeat":"repeat","background-position":"center center","background-size":"auto","background-attachment":"scroll","background-type":"","background-media":"","overlay-type":"","overlay-color":"","overlay-opacity":"","overlay-gradient":""},"mobile":{"background-color":"var(--ast-global-color-5)","background-image":"","background-repeat":"repeat","background-position":"center center","background-size":"auto","background-attachment":"scroll","background-type":"","background-media":"","overlay-type":"","overlay-color":"","overlay-opacity":"","overlay-gradient":""}},"footnotes":""},"categories":[16],"tags":[],"class_list":["post-1277","post","type-post","status-publish","format-standard","hentry","category-archives-cms"],"_links":{"self":[{"href":"https:\/\/lavoiedessansvoix.fr\/lavoie\/wp-json\/wp\/v2\/posts\/1277","targetHints":{"allow":["GET"]}}],"collection":[{"href":"https:\/\/lavoiedessansvoix.fr\/lavoie\/wp-json\/wp\/v2\/posts"}],"about":[{"href":"https:\/\/lavoiedessansvoix.fr\/lavoie\/wp-json\/wp\/v2\/types\/post"}],"author":[{"embeddable":true,"href":"https:\/\/lavoiedessansvoix.fr\/lavoie\/wp-json\/wp\/v2\/users\/1"}],"replies":[{"embeddable":true,"href":"https:\/\/lavoiedessansvoix.fr\/lavoie\/wp-json\/wp\/v2\/comments?post=1277"}],"version-history":[{"count":0,"href":"https:\/\/lavoiedessansvoix.fr\/lavoie\/wp-json\/wp\/v2\/posts\/1277\/revisions"}],"wp:attachment":[{"href":"https:\/\/lavoiedessansvoix.fr\/lavoie\/wp-json\/wp\/v2\/media?parent=1277"}],"wp:term":[{"taxonomy":"category","embeddable":true,"href":"https:\/\/lavoiedessansvoix.fr\/lavoie\/wp-json\/wp\/v2\/categories?post=1277"},{"taxonomy":"post_tag","embeddable":true,"href":"https:\/\/lavoiedessansvoix.fr\/lavoie\/wp-json\/wp\/v2\/tags?post=1277"}],"curies":[{"name":"wp","href":"https:\/\/api.w.org\/{rel}","templated":true}]}}