{"id":1274,"date":"2014-05-01T08:47:00","date_gmt":"2014-05-01T06:47:00","guid":{"rendered":"https:\/\/lavoiedessansvoix.fr\/lavoie\/2014\/05\/01\/archive-interviendra-n-interviendra-pas\/"},"modified":"2014-05-01T08:47:00","modified_gmt":"2014-05-01T06:47:00","slug":"archive-interviendra-n-interviendra-pas","status":"publish","type":"post","link":"https:\/\/lavoiedessansvoix.fr\/lavoie\/2014\/05\/01\/archive-interviendra-n-interviendra-pas\/","title":{"rendered":"INTERVIENDRA ? N\u2019INTERVIENDRA PAS ?"},"content":{"rendered":"<p>INTERVIENDRA ? N\u2019INTERVIENDRA PAS ?   Il y a ceux qui crient \u00e0 l\u2019ours, qui somment la Russie de retirer ses troupes de sa fronti\u00e8re avec l\u2019Ukraine ; font des accolades aux fascistes de Kiev fa\u00e7on de prouver leur duplicit\u00e9, et envoient des rafales en Pologne histoire de montrer leurs muscles ; sont persuad\u00e9s ou feignent de l\u2019\u00eatre, que la Russie est sur le point d\u2019intervenir. Et puis il y a ceux qui appellent l\u2019intervention, qui la souhaitent, et qui d\u00e9pit\u00e9s de ne la pas voir venir, s\u2019empressent trop de qualifier Poutine de traitre \u00e0 la cause des prorusses ukrainiens. Les deux attitudes, bien qu\u2019antinomiques, sont \u00e9galement excessives.   Si bien l\u2019ing\u00e9rence euro-am\u00e9ricaine est bl\u00e2mable, comment l\u2019ing\u00e9rence russe ne le serait-elle pas ? La Russie de Vladimir Poutine a fond\u00e9 sa politique internationale sur la \u00ab\u00a0non -ing\u00e9rence et le respect des souverainet\u00e9s nationales\u00a0\u00bb. C\u2019est ce qui a guid\u00e9, avec un certain succ\u00e8s, son positionnement dans l\u2019affaire syrienne. Pourquoi devrait-elle s\u2019en d\u00e9partir, et ainsi se renier, dans la question Ukrainienne ? Une intervention Russe est-elle vraiment souhaitable ? Appuyant l\u2019Ukraine anti Maidan la Russie est une amie, ne deviendrait-elle pas l\u2019ennemi national si elle s\u2019avisait d\u2019une intervention directe ? Il se peut qu\u2019une intervention russe deviennent n\u00e9cessaire, voire incontournable, mais \u00e0 l\u2019heure que voil\u00e0 est-elle vraiment souhaitable ?  . Pomonarev, le maire de Slaviansk que nos m\u00e9dias occidentaux qualifient \u00ab d\u2019auto-proclam\u00e9 \u00bb sans songer que le gouvernement de Kiev l\u2019est tout autant, n\u2019a-t-il pas dit : \u00ab il n\u2019y a pas de Russe ici. Il n\u2019y a pas besoin de Russes, on se d\u00e9brouille tr\u00e8s bien tous seul. \u00bb C\u2019est cela, c\u2019est cela m\u00eame, il appartient \u00e0 l&rsquo;Ukraine, au peuple ukrainien avant tout d\u2019\u00e9crire sa propre Histoire, et son histoire est et doit rester celle d\u2019une alliance naturelle avec la Russie.   L\u2019Ukraine de l\u2019Est se mobilise, plus fort, plus largement. Les fascistes de Kiev jouent leur va-tout, multiplient les rodomontades et accumulent les \u00e9checs et les humiliations. Ils annoncent des offensives militaires dont il n\u2019ont pas les premiers moyens. Les seules troupes v\u00e9ritables, sur lesquelles ils puissent compter, sont leurs propres milices fascistes. C\u2019est pourquoi celles-ci en sont r\u00e9duites \u00e0 des actions symboliques ou \u00ab coups de poings \u00bb. \u00ab Mobilisation g\u00e9n\u00e9rale \u00bb, entend-on ces derni\u00e8res heures, un bien grand mot pour une maigre r\u00e9alit\u00e9. Mais quand viendra vraiment l&rsquo;heure de l&rsquo;offensive, au feu de la confrontation ne va-t-on pas assister \u00e0 un effondrement total de l\u2019arm\u00e9e ukrainienne, laissant le gouvernement des usurpateurs de Kiev, suspendu en l\u2019air comme un pantin brassant l\u2019air des bras et des jambes ?  N\u2019est-ce pas la raison pour laquelle il en appelle tant \u00e0 l\u2019aide militaire occidentale.?  La voie actuelle pour l\u2019opposition r\u00e9volutionnaire est donc bien celle du renforcement de la mobilisation et de son extension jusqu\u2019\u00e0 \u00e0 la chute du gouvernement des putschistes de la place Maidan, et \u00e0 l\u2019av\u00e8nement d\u2019une Ukraine f\u00e9d\u00e9rale une et indivisible.  Patrick Seignon. \u00ab lavoiedessansvoix.fr. Jeudi 1er mai 2014.<\/p>\n","protected":false},"excerpt":{"rendered":"<p>INTERVIENDRA ? N\u2019INTERVIENDRA PAS ? Il y a ceux qui crient \u00e0 l\u2019ours, qui somment la Russie de retirer ses [&hellip;]<\/p>\n","protected":false},"author":1,"featured_media":0,"comment_status":"open","ping_status":"open","sticky":false,"template":"","format":"standard","meta":{"sfsi_plus_gutenberg_text_before_share":"","sfsi_plus_gutenberg_show_text_before_share":"","sfsi_plus_gutenberg_icon_type":"","sfsi_plus_gutenberg_icon_alignemt":"","sfsi_plus_gutenburg_max_per_row":"","site-sidebar-layout":"default","site-content-layout":"","ast-site-content-layout":"default","site-content-style":"default","site-sidebar-style":"default","ast-global-header-display":"","ast-banner-title-visibility":"","ast-main-header-display":"","ast-hfb-above-header-display":"","ast-hfb-below-header-display":"","ast-hfb-mobile-header-display":"","site-post-title":"","ast-breadcrumbs-content":"","ast-featured-img":"","footer-sml-layout":"","ast-disable-related-posts":"","theme-transparent-header-meta":"","adv-header-id-meta":"","stick-header-meta":"","header-above-stick-meta":"","header-main-stick-meta":"","header-below-stick-meta":"","astra-migrate-meta-layouts":"default","ast-page-background-enabled":"default","ast-page-background-meta":{"desktop":{"background-color":"var(--ast-global-color-4)","background-image":"","background-repeat":"repeat","background-position":"center center","background-size":"auto","background-attachment":"scroll","background-type":"","background-media":"","overlay-type":"","overlay-color":"","overlay-opacity":"","overlay-gradient":""},"tablet":{"background-color":"","background-image":"","background-repeat":"repeat","background-position":"center center","background-size":"auto","background-attachment":"scroll","background-type":"","background-media":"","overlay-type":"","overlay-color":"","overlay-opacity":"","overlay-gradient":""},"mobile":{"background-color":"","background-image":"","background-repeat":"repeat","background-position":"center center","background-size":"auto","background-attachment":"scroll","background-type":"","background-media":"","overlay-type":"","overlay-color":"","overlay-opacity":"","overlay-gradient":""}},"ast-content-background-meta":{"desktop":{"background-color":"var(--ast-global-color-5)","background-image":"","background-repeat":"repeat","background-position":"center center","background-size":"auto","background-attachment":"scroll","background-type":"","background-media":"","overlay-type":"","overlay-color":"","overlay-opacity":"","overlay-gradient":""},"tablet":{"background-color":"var(--ast-global-color-5)","background-image":"","background-repeat":"repeat","background-position":"center center","background-size":"auto","background-attachment":"scroll","background-type":"","background-media":"","overlay-type":"","overlay-color":"","overlay-opacity":"","overlay-gradient":""},"mobile":{"background-color":"var(--ast-global-color-5)","background-image":"","background-repeat":"repeat","background-position":"center center","background-size":"auto","background-attachment":"scroll","background-type":"","background-media":"","overlay-type":"","overlay-color":"","overlay-opacity":"","overlay-gradient":""}},"footnotes":""},"categories":[16],"tags":[],"class_list":["post-1274","post","type-post","status-publish","format-standard","hentry","category-archives-cms"],"_links":{"self":[{"href":"https:\/\/lavoiedessansvoix.fr\/lavoie\/wp-json\/wp\/v2\/posts\/1274","targetHints":{"allow":["GET"]}}],"collection":[{"href":"https:\/\/lavoiedessansvoix.fr\/lavoie\/wp-json\/wp\/v2\/posts"}],"about":[{"href":"https:\/\/lavoiedessansvoix.fr\/lavoie\/wp-json\/wp\/v2\/types\/post"}],"author":[{"embeddable":true,"href":"https:\/\/lavoiedessansvoix.fr\/lavoie\/wp-json\/wp\/v2\/users\/1"}],"replies":[{"embeddable":true,"href":"https:\/\/lavoiedessansvoix.fr\/lavoie\/wp-json\/wp\/v2\/comments?post=1274"}],"version-history":[{"count":0,"href":"https:\/\/lavoiedessansvoix.fr\/lavoie\/wp-json\/wp\/v2\/posts\/1274\/revisions"}],"wp:attachment":[{"href":"https:\/\/lavoiedessansvoix.fr\/lavoie\/wp-json\/wp\/v2\/media?parent=1274"}],"wp:term":[{"taxonomy":"category","embeddable":true,"href":"https:\/\/lavoiedessansvoix.fr\/lavoie\/wp-json\/wp\/v2\/categories?post=1274"},{"taxonomy":"post_tag","embeddable":true,"href":"https:\/\/lavoiedessansvoix.fr\/lavoie\/wp-json\/wp\/v2\/tags?post=1274"}],"curies":[{"name":"wp","href":"https:\/\/api.w.org\/{rel}","templated":true}]}}