{"id":1273,"date":"2014-05-02T08:15:00","date_gmt":"2014-05-02T06:15:00","guid":{"rendered":"https:\/\/lavoiedessansvoix.fr\/lavoie\/2014\/05\/02\/archive-operation-suicide-on-se-bat-a-slaviansk\/"},"modified":"2014-05-02T08:15:00","modified_gmt":"2014-05-02T06:15:00","slug":"archive-operation-suicide-on-se-bat-a-slaviansk","status":"publish","type":"post","link":"https:\/\/lavoiedessansvoix.fr\/lavoie\/2014\/05\/02\/archive-operation-suicide-on-se-bat-a-slaviansk\/","title":{"rendered":"OP\u00c9RATION SUICIDE  ON SE BAT A SLAVIANSK"},"content":{"rendered":"<p>OP\u00c9RATION SUICIDE  ON SE BAT A SLAVIANSK  Nous avons \u00e9crit, pas plus tard qu\u2019hier : \u00ab Les fascistes de Kiev jouent leur va-tout, Le pouvoir de Kiev multiplie les rodomontades et accumule les \u00e9checs et les humiliations. Il annonce des offensives militaires dont il n\u2019a pas les premiers moyens. Les seules troupes v\u00e9ritables, sur lesquelles il puisse compter, sont les milices fascistes. \u00bb Et ce matin nous apprenons le d\u00e9clenchement d\u2019une offensive d\u2019ampleur \u00bb pour reprendre Slaviansk aux insurg\u00e9s. Cette information est-elle de nature \u00e0 infirmer notre propos d\u2019hier ? Pas le moins du monde, bien au contraire. Le pouvoir usurpateur de Kiev, s\u2019il en avait les moyens militaires, s\u2019il pouvait compter sur la loyaut\u00e9 de son arm\u00e9e, \u00e0 23 jours des \u00e9lections Pr\u00e9sidentielles par lesquelles il entend l\u00e9gitimer son emprise, aurait entrepris une offensive g\u00e9n\u00e9rale, pour d\u00e9loger les insurg\u00e9s \u00ab pro-russe \u00bb de toutes les villes dont ils se sont rendus maitres. C\u2019est \u00e0 d\u00e9faut de tels moyens qu\u2019il tente une intervention symbolique sur la ville de Slaviansk, dont l\u2019issue, si elle lui \u00e9tait favorable, pourrait peut-\u00eatre lui permettre de renverser la vapeur. A d\u00e9faut de pouvoir faire face sur la totalit\u00e9 \u00ab du front \u00bb, il concentre ses forces fid\u00e8les, celle des milices fascistes et des conseillers et mercenaires d\u00e9p\u00each\u00e9s par l\u2019Europe les USA et l\u2019OTAN, sur un seul point embl\u00e9matique de celui-ci, en esp\u00e9rant enfoncer par l\u00e0, le fer de la guerre civile dans le c\u0153ur de la soci\u00e9t\u00e9 ukrainienne.  Mais nous en prenons le pari, ils vont \u00eatre d\u00e9faits. Et il y a tout lieu de croire, et d\u2019esp\u00e9rer, que l\u2019offensive de Slaviansk restera surtout dans l\u2019Histoire de l\u2019Ukraine, comme l\u2019op\u00e9ration suicide de l\u2019\u00e9ph\u00e9m\u00e8re pouvoir de Maidan.  Vendredi 2 mai 2014.<\/p>\n","protected":false},"excerpt":{"rendered":"<p>OP\u00c9RATION SUICIDE ON SE BAT A SLAVIANSK Nous avons \u00e9crit, pas plus tard qu\u2019hier : \u00ab Les fascistes de Kiev [&hellip;]<\/p>\n","protected":false},"author":1,"featured_media":0,"comment_status":"open","ping_status":"open","sticky":false,"template":"","format":"standard","meta":{"sfsi_plus_gutenberg_text_before_share":"","sfsi_plus_gutenberg_show_text_before_share":"","sfsi_plus_gutenberg_icon_type":"","sfsi_plus_gutenberg_icon_alignemt":"","sfsi_plus_gutenburg_max_per_row":"","site-sidebar-layout":"default","site-content-layout":"","ast-site-content-layout":"default","site-content-style":"default","site-sidebar-style":"default","ast-global-header-display":"","ast-banner-title-visibility":"","ast-main-header-display":"","ast-hfb-above-header-display":"","ast-hfb-below-header-display":"","ast-hfb-mobile-header-display":"","site-post-title":"","ast-breadcrumbs-content":"","ast-featured-img":"","footer-sml-layout":"","ast-disable-related-posts":"","theme-transparent-header-meta":"","adv-header-id-meta":"","stick-header-meta":"","header-above-stick-meta":"","header-main-stick-meta":"","header-below-stick-meta":"","astra-migrate-meta-layouts":"default","ast-page-background-enabled":"default","ast-page-background-meta":{"desktop":{"background-color":"var(--ast-global-color-4)","background-image":"","background-repeat":"repeat","background-position":"center center","background-size":"auto","background-attachment":"scroll","background-type":"","background-media":"","overlay-type":"","overlay-color":"","overlay-opacity":"","overlay-gradient":""},"tablet":{"background-color":"","background-image":"","background-repeat":"repeat","background-position":"center center","background-size":"auto","background-attachment":"scroll","background-type":"","background-media":"","overlay-type":"","overlay-color":"","overlay-opacity":"","overlay-gradient":""},"mobile":{"background-color":"","background-image":"","background-repeat":"repeat","background-position":"center center","background-size":"auto","background-attachment":"scroll","background-type":"","background-media":"","overlay-type":"","overlay-color":"","overlay-opacity":"","overlay-gradient":""}},"ast-content-background-meta":{"desktop":{"background-color":"var(--ast-global-color-5)","background-image":"","background-repeat":"repeat","background-position":"center center","background-size":"auto","background-attachment":"scroll","background-type":"","background-media":"","overlay-type":"","overlay-color":"","overlay-opacity":"","overlay-gradient":""},"tablet":{"background-color":"var(--ast-global-color-5)","background-image":"","background-repeat":"repeat","background-position":"center center","background-size":"auto","background-attachment":"scroll","background-type":"","background-media":"","overlay-type":"","overlay-color":"","overlay-opacity":"","overlay-gradient":""},"mobile":{"background-color":"var(--ast-global-color-5)","background-image":"","background-repeat":"repeat","background-position":"center center","background-size":"auto","background-attachment":"scroll","background-type":"","background-media":"","overlay-type":"","overlay-color":"","overlay-opacity":"","overlay-gradient":""}},"footnotes":""},"categories":[16],"tags":[],"class_list":["post-1273","post","type-post","status-publish","format-standard","hentry","category-archives-cms"],"_links":{"self":[{"href":"https:\/\/lavoiedessansvoix.fr\/lavoie\/wp-json\/wp\/v2\/posts\/1273","targetHints":{"allow":["GET"]}}],"collection":[{"href":"https:\/\/lavoiedessansvoix.fr\/lavoie\/wp-json\/wp\/v2\/posts"}],"about":[{"href":"https:\/\/lavoiedessansvoix.fr\/lavoie\/wp-json\/wp\/v2\/types\/post"}],"author":[{"embeddable":true,"href":"https:\/\/lavoiedessansvoix.fr\/lavoie\/wp-json\/wp\/v2\/users\/1"}],"replies":[{"embeddable":true,"href":"https:\/\/lavoiedessansvoix.fr\/lavoie\/wp-json\/wp\/v2\/comments?post=1273"}],"version-history":[{"count":0,"href":"https:\/\/lavoiedessansvoix.fr\/lavoie\/wp-json\/wp\/v2\/posts\/1273\/revisions"}],"wp:attachment":[{"href":"https:\/\/lavoiedessansvoix.fr\/lavoie\/wp-json\/wp\/v2\/media?parent=1273"}],"wp:term":[{"taxonomy":"category","embeddable":true,"href":"https:\/\/lavoiedessansvoix.fr\/lavoie\/wp-json\/wp\/v2\/categories?post=1273"},{"taxonomy":"post_tag","embeddable":true,"href":"https:\/\/lavoiedessansvoix.fr\/lavoie\/wp-json\/wp\/v2\/tags?post=1273"}],"curies":[{"name":"wp","href":"https:\/\/api.w.org\/{rel}","templated":true}]}}