{"id":1272,"date":"2014-05-03T16:06:00","date_gmt":"2014-05-03T14:06:00","guid":{"rendered":"https:\/\/lavoiedessansvoix.fr\/lavoie\/2014\/05\/03\/archive-langue-fourchue-tel-est-le-nom-comanche-qui-sied-a-obama\/"},"modified":"2014-05-03T16:06:00","modified_gmt":"2014-05-03T14:06:00","slug":"archive-langue-fourchue-tel-est-le-nom-comanche-qui-sied-a-obama","status":"publish","type":"post","link":"https:\/\/lavoiedessansvoix.fr\/lavoie\/2014\/05\/03\/archive-langue-fourchue-tel-est-le-nom-comanche-qui-sied-a-obama\/","title":{"rendered":"LANGUE FOURCHUE  Tel est le nom Comanche qui sied \u00e0 Obama."},"content":{"rendered":"<p>\u00ab\u00a0LANGUE FOURCHUE\u00a0\u00bbTel est le nom Comanche qui sied \u00e0 Obama.     Cet homme que la machine m\u00e9diatique occidentale voulait nous vendre pour un g\u00e9nie de la \u00ab Com \u00bb, se r\u00e9v\u00e8lent \u00eatre en v\u00e9rit\u00e9, un gaffeur et un handicap\u00e9s de l\u2019expression, que nous avons d\u00e9j\u00e0 plusieurs fois pris en d\u00e9faut.   N-a-t-il pas dit encore, pas plus tard qu\u2019hier, que le \u00ab\u00a0gouvernement ukrainien \u00e9tait en droit de r\u00e9tablir l\u2019Ordre sur la totalit\u00e9 de son territoire\u00a0\u00bb. Bon, ne discutons pas sur la l\u00e9gitimit\u00e9 de ce gouvernement de putschistes, mais celui-ci n-a-t-il pas prit le pouvoir \u00e0 la suite de l\u2019occupation prolong\u00e9e de la place Maidan et par le secours des armes ? Le pr\u00e9sident Ianoukovitch, alors en exercice, repr\u00e9sentant le pouvoir l\u00e9gal, l\u00e9gitimement \u00e9lu,  qui voulait les d\u00e9loger n\u2019\u00e9tait-il donc pas tout aussi fond\u00e9 \u00e0 vouloir r\u00e9tablir l\u2019ordre sur la totalit\u00e9 de son territoire, selon la r\u00e8gle \u00e9dict\u00e9e par Obama lui-m\u00eame ? Pourtant, c\u2019est d\u2019assassin de son peuple qu\u2019Obama traita celui-ci, qualificatif qu\u2019il n\u2019applique pourtant pas au pouvoir de Maidan.   Je vous le dit, Obama a la langue fourche. Il multiplie les maladresses oratoires (revoir, entre autres, nos articles : \u00a0\u00bb Impayable Obama\u00a0\u00bb 15 avril, et \u00ab\u00a0Obama le petit homme\u00a0\u00bb 4 mars 2014 .) Il prononce des inepties chaque fois qu\u2019il s\u2019avise de s\u2019exprimer. Ici  encore il se prend les pieds dans le tapis  Le gouvernement Ukrainien a le droit de r\u00e9tablir l\u2019ordre sur la totalit\u00e9 de son territoire \u00bb ? Soit!Bachar Al Assad aussi !   Samedi 3 mai 2014.<\/p>\n","protected":false},"excerpt":{"rendered":"<p>\u00ab\u00a0LANGUE FOURCHUE\u00a0\u00bbTel est le nom Comanche qui sied \u00e0 Obama. Cet homme que la machine m\u00e9diatique occidentale voulait nous vendre [&hellip;]<\/p>\n","protected":false},"author":1,"featured_media":0,"comment_status":"open","ping_status":"open","sticky":false,"template":"","format":"standard","meta":{"sfsi_plus_gutenberg_text_before_share":"","sfsi_plus_gutenberg_show_text_before_share":"","sfsi_plus_gutenberg_icon_type":"","sfsi_plus_gutenberg_icon_alignemt":"","sfsi_plus_gutenburg_max_per_row":"","site-sidebar-layout":"default","site-content-layout":"","ast-site-content-layout":"default","site-content-style":"default","site-sidebar-style":"default","ast-global-header-display":"","ast-banner-title-visibility":"","ast-main-header-display":"","ast-hfb-above-header-display":"","ast-hfb-below-header-display":"","ast-hfb-mobile-header-display":"","site-post-title":"","ast-breadcrumbs-content":"","ast-featured-img":"","footer-sml-layout":"","ast-disable-related-posts":"","theme-transparent-header-meta":"","adv-header-id-meta":"","stick-header-meta":"","header-above-stick-meta":"","header-main-stick-meta":"","header-below-stick-meta":"","astra-migrate-meta-layouts":"default","ast-page-background-enabled":"default","ast-page-background-meta":{"desktop":{"background-color":"var(--ast-global-color-4)","background-image":"","background-repeat":"repeat","background-position":"center center","background-size":"auto","background-attachment":"scroll","background-type":"","background-media":"","overlay-type":"","overlay-color":"","overlay-opacity":"","overlay-gradient":""},"tablet":{"background-color":"","background-image":"","background-repeat":"repeat","background-position":"center center","background-size":"auto","background-attachment":"scroll","background-type":"","background-media":"","overlay-type":"","overlay-color":"","overlay-opacity":"","overlay-gradient":""},"mobile":{"background-color":"","background-image":"","background-repeat":"repeat","background-position":"center center","background-size":"auto","background-attachment":"scroll","background-type":"","background-media":"","overlay-type":"","overlay-color":"","overlay-opacity":"","overlay-gradient":""}},"ast-content-background-meta":{"desktop":{"background-color":"var(--ast-global-color-5)","background-image":"","background-repeat":"repeat","background-position":"center center","background-size":"auto","background-attachment":"scroll","background-type":"","background-media":"","overlay-type":"","overlay-color":"","overlay-opacity":"","overlay-gradient":""},"tablet":{"background-color":"var(--ast-global-color-5)","background-image":"","background-repeat":"repeat","background-position":"center center","background-size":"auto","background-attachment":"scroll","background-type":"","background-media":"","overlay-type":"","overlay-color":"","overlay-opacity":"","overlay-gradient":""},"mobile":{"background-color":"var(--ast-global-color-5)","background-image":"","background-repeat":"repeat","background-position":"center center","background-size":"auto","background-attachment":"scroll","background-type":"","background-media":"","overlay-type":"","overlay-color":"","overlay-opacity":"","overlay-gradient":""}},"footnotes":""},"categories":[16],"tags":[],"class_list":["post-1272","post","type-post","status-publish","format-standard","hentry","category-archives-cms"],"_links":{"self":[{"href":"https:\/\/lavoiedessansvoix.fr\/lavoie\/wp-json\/wp\/v2\/posts\/1272","targetHints":{"allow":["GET"]}}],"collection":[{"href":"https:\/\/lavoiedessansvoix.fr\/lavoie\/wp-json\/wp\/v2\/posts"}],"about":[{"href":"https:\/\/lavoiedessansvoix.fr\/lavoie\/wp-json\/wp\/v2\/types\/post"}],"author":[{"embeddable":true,"href":"https:\/\/lavoiedessansvoix.fr\/lavoie\/wp-json\/wp\/v2\/users\/1"}],"replies":[{"embeddable":true,"href":"https:\/\/lavoiedessansvoix.fr\/lavoie\/wp-json\/wp\/v2\/comments?post=1272"}],"version-history":[{"count":0,"href":"https:\/\/lavoiedessansvoix.fr\/lavoie\/wp-json\/wp\/v2\/posts\/1272\/revisions"}],"wp:attachment":[{"href":"https:\/\/lavoiedessansvoix.fr\/lavoie\/wp-json\/wp\/v2\/media?parent=1272"}],"wp:term":[{"taxonomy":"category","embeddable":true,"href":"https:\/\/lavoiedessansvoix.fr\/lavoie\/wp-json\/wp\/v2\/categories?post=1272"},{"taxonomy":"post_tag","embeddable":true,"href":"https:\/\/lavoiedessansvoix.fr\/lavoie\/wp-json\/wp\/v2\/tags?post=1272"}],"curies":[{"name":"wp","href":"https:\/\/api.w.org\/{rel}","templated":true}]}}