{"id":1270,"date":"2014-05-07T17:36:00","date_gmt":"2014-05-07T15:36:00","guid":{"rendered":"https:\/\/lavoiedessansvoix.fr\/lavoie\/2014\/05\/07\/archive-il-se-fiche-de-nous-fran9ois-hollande-veut-qu-on-ne-le-juge-qu-a-la-fin-de-son-m\/"},"modified":"2014-05-07T17:36:00","modified_gmt":"2014-05-07T15:36:00","slug":"archive-il-se-fiche-de-nous-fran9ois-hollande-veut-qu-on-ne-le-juge-qu-a-la-fin-de-son-m","status":"publish","type":"post","link":"https:\/\/lavoiedessansvoix.fr\/lavoie\/2014\/05\/07\/archive-il-se-fiche-de-nous-fran9ois-hollande-veut-qu-on-ne-le-juge-qu-a-la-fin-de-son-m\/","title":{"rendered":"IL SE FICHE DE NOUS !     FRAN9OIS HOLLANDE VEUT QU\u2019ON NE LE JUGE QU\u2019A LA FIN DE SON MANDAT."},"content":{"rendered":"<p>IL SE FICHE DE NOUS !  FRAN9OIS HOLLANDE VEUT QU\u2019ON NE LE JUGE QU\u2019A LA FIN DE SON MANDAT.  Ce n\u2019est pas vraiment neuf comme attitude. Sarkozy ne disait-il pas la m\u00eame chose, et d\u2019autres avant lui ? D\u00e9cid\u00e9ment ces gens-l\u00e0 prennent les fran\u00e7ais pour des poires \u00ab Je ne vais pas dans la bonne direction, mais vous verrez \u00e0 la fin \u00bb. 14 ans de Mitterrand, 12 ans de Chirac, 5 ans de Sarkozy et 5 de Hollande, trente-six ans. Vous avez le temps, un bail, une vie, une g\u00e9n\u00e9ration, de \u00ab blanchir sous le harnais avant d\u2019avoir droit au chapitre : Non, \u00e7a n\u2019est pas vrai que l\u2019on puisse arriver \u00e0 la bonne destination quand on prend un chemin contraire. La politique de Fran\u00e7ois Hollande, am\u00e9lioration de la comp\u00e9titivit\u00e9 des entreprises est une agression concert\u00e9e contre les salaires et le pouvoir d\u2019achat des fran\u00e7ais modeste, pour le plus grand profit des patrons, des actionnaires et des banquiers. Point n\u2019est besoin d\u2019attendre la fin de son mandat pour savoir o\u00f9 cela conduit : \u00e0 l\u2019appauvrissement des plus pauvres, \u00e0 l\u2019explosion de la pr\u00e9carit\u00e9, \u00e0 l\u2019extension de la mis\u00e8re sociale  Attendez, nous dit-il, la fin, quand j\u2019aurais fini le boulot, quand les choses \u00e9tant acquises il n\u2019y aura rien  \u00e0 y changer sinon grogner en vain. Les \u00e9lecteurs priv\u00e9s, toute la dur\u00e9e du mandat, de tout contr\u00f4le sur leur \u00e9lu, pas m\u00eame celui minimum de la critique. Dr\u00f4le de conception de la d\u00e9mocratie, r\u00e9p\u00e9tons-le une fois encore. En langage clair, cela revient \u00e0 dire : \u00ab subissez, regardez, et Fermez-la ! \u00bb     D\u00e9cid\u00e9ment, nous l\u2019avons remarqu\u00e9 \u00e0 propos du bilan pr\u00e9sidentiel  des \u00e9lections municipales, Fran\u00e7ois Hollande fait volontiers dans le cynisme et la d\u00e9sinvolture. Il se fiche de nous.    Mercredi 7 mai 2014.<\/p>\n","protected":false},"excerpt":{"rendered":"<p>IL SE FICHE DE NOUS ! FRAN9OIS HOLLANDE VEUT QU\u2019ON NE LE JUGE QU\u2019A LA FIN DE SON MANDAT. Ce [&hellip;]<\/p>\n","protected":false},"author":1,"featured_media":0,"comment_status":"open","ping_status":"open","sticky":false,"template":"","format":"standard","meta":{"sfsi_plus_gutenberg_text_before_share":"","sfsi_plus_gutenberg_show_text_before_share":"","sfsi_plus_gutenberg_icon_type":"","sfsi_plus_gutenberg_icon_alignemt":"","sfsi_plus_gutenburg_max_per_row":"","site-sidebar-layout":"default","site-content-layout":"","ast-site-content-layout":"default","site-content-style":"default","site-sidebar-style":"default","ast-global-header-display":"","ast-banner-title-visibility":"","ast-main-header-display":"","ast-hfb-above-header-display":"","ast-hfb-below-header-display":"","ast-hfb-mobile-header-display":"","site-post-title":"","ast-breadcrumbs-content":"","ast-featured-img":"","footer-sml-layout":"","ast-disable-related-posts":"","theme-transparent-header-meta":"","adv-header-id-meta":"","stick-header-meta":"","header-above-stick-meta":"","header-main-stick-meta":"","header-below-stick-meta":"","astra-migrate-meta-layouts":"default","ast-page-background-enabled":"default","ast-page-background-meta":{"desktop":{"background-color":"var(--ast-global-color-4)","background-image":"","background-repeat":"repeat","background-position":"center center","background-size":"auto","background-attachment":"scroll","background-type":"","background-media":"","overlay-type":"","overlay-color":"","overlay-opacity":"","overlay-gradient":""},"tablet":{"background-color":"","background-image":"","background-repeat":"repeat","background-position":"center center","background-size":"auto","background-attachment":"scroll","background-type":"","background-media":"","overlay-type":"","overlay-color":"","overlay-opacity":"","overlay-gradient":""},"mobile":{"background-color":"","background-image":"","background-repeat":"repeat","background-position":"center center","background-size":"auto","background-attachment":"scroll","background-type":"","background-media":"","overlay-type":"","overlay-color":"","overlay-opacity":"","overlay-gradient":""}},"ast-content-background-meta":{"desktop":{"background-color":"var(--ast-global-color-5)","background-image":"","background-repeat":"repeat","background-position":"center center","background-size":"auto","background-attachment":"scroll","background-type":"","background-media":"","overlay-type":"","overlay-color":"","overlay-opacity":"","overlay-gradient":""},"tablet":{"background-color":"var(--ast-global-color-5)","background-image":"","background-repeat":"repeat","background-position":"center center","background-size":"auto","background-attachment":"scroll","background-type":"","background-media":"","overlay-type":"","overlay-color":"","overlay-opacity":"","overlay-gradient":""},"mobile":{"background-color":"var(--ast-global-color-5)","background-image":"","background-repeat":"repeat","background-position":"center center","background-size":"auto","background-attachment":"scroll","background-type":"","background-media":"","overlay-type":"","overlay-color":"","overlay-opacity":"","overlay-gradient":""}},"footnotes":""},"categories":[16],"tags":[],"class_list":["post-1270","post","type-post","status-publish","format-standard","hentry","category-archives-cms"],"_links":{"self":[{"href":"https:\/\/lavoiedessansvoix.fr\/lavoie\/wp-json\/wp\/v2\/posts\/1270","targetHints":{"allow":["GET"]}}],"collection":[{"href":"https:\/\/lavoiedessansvoix.fr\/lavoie\/wp-json\/wp\/v2\/posts"}],"about":[{"href":"https:\/\/lavoiedessansvoix.fr\/lavoie\/wp-json\/wp\/v2\/types\/post"}],"author":[{"embeddable":true,"href":"https:\/\/lavoiedessansvoix.fr\/lavoie\/wp-json\/wp\/v2\/users\/1"}],"replies":[{"embeddable":true,"href":"https:\/\/lavoiedessansvoix.fr\/lavoie\/wp-json\/wp\/v2\/comments?post=1270"}],"version-history":[{"count":0,"href":"https:\/\/lavoiedessansvoix.fr\/lavoie\/wp-json\/wp\/v2\/posts\/1270\/revisions"}],"wp:attachment":[{"href":"https:\/\/lavoiedessansvoix.fr\/lavoie\/wp-json\/wp\/v2\/media?parent=1270"}],"wp:term":[{"taxonomy":"category","embeddable":true,"href":"https:\/\/lavoiedessansvoix.fr\/lavoie\/wp-json\/wp\/v2\/categories?post=1270"},{"taxonomy":"post_tag","embeddable":true,"href":"https:\/\/lavoiedessansvoix.fr\/lavoie\/wp-json\/wp\/v2\/tags?post=1270"}],"curies":[{"name":"wp","href":"https:\/\/api.w.org\/{rel}","templated":true}]}}